{"id":3101,"date":"2012-03-16T15:14:36","date_gmt":"2012-03-16T15:14:36","guid":{"rendered":"http:\/\/www.bbyhaber.com\/bby\/?p=3101"},"modified":"2012-09-24T14:55:18","modified_gmt":"2012-09-24T11:55:18","slug":"gorme-engelliler-kitapsiz-kalmayacak","status":"publish","type":"post","link":"https:\/\/www.bbyhaber.com\/bby\/2012\/03\/16\/gorme-engelliler-kitapsiz-kalmayacak","title":{"rendered":"G\u00f6rme engelliler kitaps\u0131z kalmayacak"},"content":{"rendered":"<p style=\"text-align: justify;\">87 g\u00f6n\u00fcll\u00fc okuyucusu bulunan &#8221;Konu\u015fan Kitapl\u0131k&#8221; b\u00f6l\u00fcm\u00fcnde, 6 bin 400 kitap internet \u00fczerinden g\u00f6rme engellilerin ula\u015f\u0131m\u0131na sunuluyor.Milli K\u00fct\u00fcphane Ba\u015fkan\u0131 Tuncel Acar, g\u00f6rme engellilerin yo\u011fun ilgi g\u00f6sterdi\u011fi Konu\u015fan Kitapl\u0131k i\u00e7in bug\u00fcne kadar 5 st\u00fcdyoda seslendirme yap\u0131ld\u0131\u011f\u0131n\u0131, 6 yeni st\u00fcdyoyu daha hizmete a\u00e7maya haz\u0131rland\u0131klar\u0131n\u0131 s\u00f6yledi.<!--more--><\/p>\n<p style=\"text-align: justify;\">St\u00fcdyo say\u0131s\u0131n\u0131n artmas\u0131yla daha \u00e7ok kitab\u0131n seslendirilece\u011fini belirten Acar, &#8221;G\u00f6n\u00fcll\u00fc okuyuculara g\u00fczel bir ortam sunuyoruz. Teknik donan\u0131mlar tamamland\u0131ktan sonra st\u00fcdyolar\u0131m\u0131z\u0131 a\u00e7aca\u011f\u0131z&#8221; dedi.Acar, Konu\u015fan Kitapl\u0131k&#8217;ta \u00fcye say\u0131s\u0131n\u0131n bin 81, sesli kitap say\u0131s\u0131n\u0131n 6 bin 400, g\u00f6n\u00fcll\u00fc okuyucu say\u0131s\u0131n\u0131n da 87 oldu\u011funu bildirdi. G\u00f6rme engelliler i\u00e7in olu\u015fturulan kitapl\u0131\u011f\u0131n k\u0131sa s\u00fcrede geni\u015fledi\u011fini dile getiren Acar, &#8221;Roman, \u015fiir ve deneme gibi edebi \u00e7al\u0131\u015fmalar\u0131n bulundu\u011fu sesli k\u00fct\u00fcphane hizmetinde, son y\u0131llarda her t\u00fcrl\u00fc ders ve KPSS, KPDS, SBS ve \u00fcniversite giri\u015f s\u0131navlar\u0131na haz\u0131rl\u0131k kitaplar\u0131na da yer verilmeye ba\u015fland\u0131&#8221; dedi.<\/p>\n<p style=\"text-align: justify;\"><strong>&#8221;Teknoloji ilerledik\u00e7e hizmet kalitemiz de artt\u0131&#8221;<\/strong><\/p>\n<p style=\"text-align: justify;\">Daha \u00f6nce Braille alfabesiyle kitaplar\u0131 \u00e7o\u011faltt\u0131klar\u0131n\u0131, sonra kitaplar\u0131 kasetlere okuduklar\u0131n\u0131 belirten Acar, konu\u015fan kitapl\u0131k s\u00fcrecine ili\u015fkin \u015funlar\u0131 s\u00f6yledi:<\/p>\n<p style=\"text-align: justify;\">&#8221;Teknoloji ilerledik\u00e7e hizmet kalitemiz de artt\u0131, kitaplar\u0131 CD&#8217;lere okumaya ba\u015flad\u0131k. G\u00f6rmeyen vatanda\u015flar\u0131m\u0131za an\u0131nda kitap okuyoruz. Bunu da internet ortam\u0131nda hizmete sunuyoruz. Okudu\u011fumuz kitaplar\u0131 dinlemek isteyen g\u00f6rme engelliler, bize durumlar\u0131na ili\u015fkin sa\u011fl\u0131k raporu sunuyorlar. Bunu da neden yap\u0131yoruz? Telif haklar\u0131 yasas\u0131na g\u00f6re, bu kitaplar\u0131 g\u00f6ren ki\u015filere okumam\u0131z yasak, bu konuda sadece g\u00f6rmeyenlerin muafiyeti var. Onu dinleyen ki\u015finin g\u00f6rme engelli oldu\u011funu belgelemeliyiz ki yay\u0131nc\u0131 bizi mahkemeye vermesin. Belgeyi al\u0131yoruz ve o ki\u015fiye bir \u015fifre veriyoruz. \u015eifreyle Konu\u015fan Kitapl\u0131k&#8217;a giriyor, hangi kitaplar okundu ise onlar\u0131 dinleyebiliyor. \u0130stedi\u011fi bir kitap varsa bize mail at\u0131yor. O kitab\u0131 koleksiyonumuzdan \u00e7\u0131kar\u0131yoruz, g\u00f6n\u00fcll\u00fc arkada\u015flar\u0131m\u0131za veriyoruz onlar da seslendiriyor.&#8221;<\/p>\n<p style=\"text-align: justify;\">Kitap okumak i\u00e7in herkesin g\u00f6n\u00fcll\u00fc olabilece\u011fini belirten Acar, bunun i\u00e7in \u00f6ncelikle bir testten ge\u00e7ilmesi gerekti\u011fini s\u00f6yledi. Acar, internet \u00fczerinden verilen \u00fccretsiz hizmetten yararlanmak isteyenlerin, K\u00fclt\u00fcr ve Turizm Bakanl\u0131\u011f\u0131 internet sitesi veya <a href=\"http:\/\/www.mkutup.gov.tr\/mkp\/\" target=\"_blank\">\u015furadaki<\/a> \u00fcyelik formunu doldurmalar\u0131, rapor ya da \u00f6z\u00fcrl\u00fc kimli\u011fi fotokopilerini Milli K\u00fct\u00fcphane Ba\u015fkanl\u0131\u011f\u0131na ula\u015ft\u0131rmalar\u0131 gerekti\u011fini s\u00f6zlerine ekledi.<\/p>\n<p style=\"text-align: justify;\">Kaynak: http:\/\/www.sabah.com.tr<\/p>\n","protected":false},"excerpt":{"rendered":"<p>87 g\u00f6n\u00fcll\u00fc okuyucusu bulunan &#8221;Konu\u015fan Kitapl\u0131k&#8221; b\u00f6l\u00fcm\u00fcnde, 6 bin 400 kitap internet \u00fczerinden g\u00f6rme engellilerin ula\u015f\u0131m\u0131na sunuluyor.Milli K\u00fct\u00fcphane Ba\u015fkan\u0131 Tuncel Acar, g\u00f6rme engellilerin yo\u011fun ilgi g\u00f6sterdi\u011fi Konu\u015fan Kitapl\u0131k i\u00e7in bug\u00fcne kadar 5 st\u00fcdyoda seslendirme yap\u0131ld\u0131\u011f\u0131n\u0131, 6 yeni st\u00fcdyoyu daha hizmete a\u00e7maya haz\u0131rland\u0131klar\u0131n\u0131 s\u00f6yledi.<\/p>\n","protected":false},"author":1,"featured_media":0,"comment_status":"open","ping_status":"open","sticky":false,"template":"","format":"standard","meta":{"footnotes":""},"categories":[1484,1485,1,1487,1503],"tags":[],"class_list":["post-3101","post","type-post","status-publish","format-standard","hentry","category-engelliler-icin-bilgi-merkezleri","category-engelliler-icin-kutuphane","category-genel","category-gorme-engelli-kutuphane","category-sesli-kutuphane"],"_links":{"self":[{"href":"https:\/\/www.bbyhaber.com\/bby\/wp-json\/wp\/v2\/posts\/3101"}],"collection":[{"href":"https:\/\/www.bbyhaber.com\/bby\/wp-json\/wp\/v2\/posts"}],"about":[{"href":"https:\/\/www.bbyhaber.com\/bby\/wp-json\/wp\/v2\/types\/post"}],"author":[{"embeddable":true,"href":"https:\/\/www.bbyhaber.com\/bby\/wp-json\/wp\/v2\/users\/1"}],"replies":[{"embeddable":true,"href":"https:\/\/www.bbyhaber.com\/bby\/wp-json\/wp\/v2\/comments?post=3101"}],"version-history":[{"count":0,"href":"https:\/\/www.bbyhaber.com\/bby\/wp-json\/wp\/v2\/posts\/3101\/revisions"}],"wp:attachment":[{"href":"https:\/\/www.bbyhaber.com\/bby\/wp-json\/wp\/v2\/media?parent=3101"}],"wp:term":[{"taxonomy":"category","embeddable":true,"href":"https:\/\/www.bbyhaber.com\/bby\/wp-json\/wp\/v2\/categories?post=3101"},{"taxonomy":"post_tag","embeddable":true,"href":"https:\/\/www.bbyhaber.com\/bby\/wp-json\/wp\/v2\/tags?post=3101"}],"curies":[{"name":"wp","href":"https:\/\/api.w.org\/{rel}","templated":true}]}}