{"id":30852,"date":"2022-08-31T13:36:28","date_gmt":"2022-08-31T10:36:28","guid":{"rendered":"https:\/\/www.bbyhaber.com\/bby\/?p=30852"},"modified":"2023-10-17T16:40:41","modified_gmt":"2023-10-17T13:40:41","slug":"465-sozlesmeli-personel-kutuphaneci-alimi-kapsaminda-sozlu-sinav-yedek-adaylari-hakkinda-duyuru-29-08-2022","status":"publish","type":"post","link":"https:\/\/www.bbyhaber.com\/bby\/2022\/08\/31\/465-sozlesmeli-personel-kutuphaneci-alimi-kapsaminda-sozlu-sinav-yedek-adaylari-hakkinda-duyuru-29-08-2022","title":{"rendered":"465 S\u00f6zle\u015fmeli Personel (K\u00fct\u00fcphaneci) Al\u0131m\u0131 Kapsam\u0131nda S\u00f6zl\u00fc S\u0131nav Yedek Adaylar\u0131 Hakk\u0131nda Duyuru (29.08.2022)"},"content":{"rendered":"<p><img loading=\"lazy\" decoding=\"async\" class=\"alignleft wp-image-30853 size-medium\" src=\"https:\/\/www.bbyhaber.com\/bby\/wp-content\/uploads\/2022\/08\/465-SOZLESMELI-PERSONEL-KUTUPHANECI-ALIMI-KAPSAMINDA-SOZLU-SINAV-YEDEK-ADAYLARI-HAKKINDA-DUYURU-29.08.2022-300x157.png\" alt=\"\" width=\"300\" height=\"157\" srcset=\"https:\/\/www.bbyhaber.com\/bby\/wp-content\/uploads\/2022\/08\/465-SOZLESMELI-PERSONEL-KUTUPHANECI-ALIMI-KAPSAMINDA-SOZLU-SINAV-YEDEK-ADAYLARI-HAKKINDA-DUYURU-29.08.2022-300x157.png 300w, https:\/\/www.bbyhaber.com\/bby\/wp-content\/uploads\/2022\/08\/465-SOZLESMELI-PERSONEL-KUTUPHANECI-ALIMI-KAPSAMINDA-SOZLU-SINAV-YEDEK-ADAYLARI-HAKKINDA-DUYURU-29.08.2022-1024x536.png 1024w, https:\/\/www.bbyhaber.com\/bby\/wp-content\/uploads\/2022\/08\/465-SOZLESMELI-PERSONEL-KUTUPHANECI-ALIMI-KAPSAMINDA-SOZLU-SINAV-YEDEK-ADAYLARI-HAKKINDA-DUYURU-29.08.2022-768x402.png 768w, https:\/\/www.bbyhaber.com\/bby\/wp-content\/uploads\/2022\/08\/465-SOZLESMELI-PERSONEL-KUTUPHANECI-ALIMI-KAPSAMINDA-SOZLU-SINAV-YEDEK-ADAYLARI-HAKKINDA-DUYURU-29.08.2022.png 1200w\" sizes=\"(max-width: 300px) 100vw, 300px\" \/>30.05.2022-10.06.2022 tarihleri aras\u0131nda ger\u00e7ekle\u015ftirilen s\u00f6zl\u00fc s\u0131nav sonu\u00e7lar\u0131na g\u00f6re asil adaylardan 26.08.2022 tarihi mesai bitimine kadar atamaya esas belgeleri talep edilmi\u015fti. Belgelerini teslim etmeyen ve feragat eden adaylar\u0131n yerine yerle\u015ftirilen\u00a0<strong><u>YEDEK ADAYLARIN<\/u><\/strong>\u00a0listesi i\u00e7in\u00a0<strong><a href=\"https:\/\/pgm.ktb.gov.tr\/Eklenti\/102357,29082022-yedek-kutuphanecixlsx.xlsx?0\" target=\"_blank\" rel=\"noopener noreferrer\">t\u0131klay\u0131n\u0131z.<\/a><\/strong><!--more--><\/p>\n<p><strong><u>YEDEK ADAYLARIN<\/u><\/strong>\u00a0a\u015fa\u011f\u0131da belirtilen belgeleri\u00a0<strong>02\/09\/2022<\/strong>\u00a0tarihi mesai bitimine kadar K\u00fclt\u00fcr ve Turizm Bakanl\u0131\u011f\u0131 Personel Genel M\u00fcd\u00fcrl\u00fc\u011f\u00fc \u00c7i\u011fdem Mahallesi Muhsin Yaz\u0131c\u0131o\u011flu Caddesi No:50 \u00c7ankaya\/ANKARA adresi Genel Evrak Birimine elden, posta ya da kargo yoluyla ula\u015ft\u0131rmalar\u0131 zorunludur. Posta yoluyla yap\u0131lan ba\u015fvurularda a\u015fa\u011f\u0131da belirtilen belgelerin son ba\u015fvuru tarihi\u00a0mesai bitimine kadar Bakanl\u0131k genel evrak birimine ula\u015ft\u0131r\u0131lmas\u0131 gerekmektedir. Postadaki gecikme nedeniyle son ba\u015fvuru tarihinden sonra Bakanl\u0131k genel evrak birimine ula\u015fan ba\u015fvurular i\u015fleme konulmayacakt\u0131r.<\/p>\n<h2><\/h2>\n<p><strong>\u00a0<\/strong><\/p>\n<p>Listelerde ismi bulunup atamaya esas belgelerini teslim etmeyecek adaylar\u0131n, n\u00fcfus c\u00fczdanlar\u0131n\u0131n \u00f6nl\u00fc arkal\u0131 fotokopisi ekli olarak feragat dilek\u00e7esi yazarak\u00a0<a href=\"mailto:isealim.pgm@ktb.gov.tr\">isealim.pgm@ktb.gov.tr<\/a>\u00a0 adresine e-posta g\u00f6ndermeleri gerekmektedir.<\/p>\n<p><strong>YERLE\u015eT\u0130R\u0130LEN\u00a0<u>YEDEK ADAYLARDAN<\/u>\u00a0\u0130STENEN BELGELER<\/strong><\/p>\n<p>1-Dilek\u00e7e\u00a0<a href=\"https:\/\/yonetim.kultur.gov.tr\/EditorHandler?token=Atjy5iH4b7Sz\/9ov+tpTM3B92l5hyBYg9fuSDOKxoFeX2dBiX+SlPKrCUMCWE5xF&amp;tip=2&amp;anah=89983&amp;ada=1640697252512\">(<\/a><a href=\"https:\/\/pgm.ktb.gov.tr\/Eklenti\/96756,sozlesmeli-dilekce-19042022docx.docx?0\" target=\"_blank\" rel=\"noopener noreferrer\">\u00d6rne\u011fi i\u00e7in t\u0131klay\u0131n\u0131z.<\/a>)<\/p>\n<p>2-\u00d6\u011frenim Belgesi asl\u0131 veya\u00a0<strong><u>Noter onayl\u0131<\/u><\/strong>\u00a0\u00f6rne\u011fi, (e-Devlet \u00fczerinden de al\u0131nabilir)<\/p>\n<p>3-N\u00fcfus C\u00fczdan\u0131 asl\u0131 veya\u00a0<strong><u>Noter onayl\u0131<\/u><\/strong>\u00a0\u00f6rne\u011fi, (e-Devlet \u00fczerinden de al\u0131nabilir)<\/p>\n<p>4- KPSS sonu\u00e7 belgesi (e-Devlet \u00fczerinden al\u0131nacakt\u0131r)<\/p>\n<p>5-Sa\u011fl\u0131k Raporu (As\u0131l),\u00a0heyet raporu (Tam te\u015fekk\u00fcll\u00fc\u00a0Devlet\u00a0veya\u00a0\u00dcniversite\u00a0Hastanelerinden)\u00a0almalar\u0131 gerekmektedir.<\/p>\n<p>6-Mal Bildirimi (<a href=\"https:\/\/pgm.ktb.gov.tr\/Eklenti\/68360,mal-bildirim-formu-2020docx.docx?0\" target=\"_blank\" rel=\"noopener noreferrer\">\u00d6rne\u011fi i\u00e7in t\u0131klay\u0131n\u0131z.<\/a>) (\u0130ki sayfa olan Mal Bildirimi arkal\u0131 \u00f6nl\u00fc olarak tek yaprakta doldurulacakt\u0131r.)<\/p>\n<p>7-29\/08\/2022 tarihi veya sonras\u0131 itibariyle al\u0131nan Adli Sicil Belgesi (E-Devlet \u00fczerinden de al\u0131nabilir), (Belgede adli sicil kayd\u0131 yoktur, adli sicil ar\u015fiv kayd\u0131 yoktur ibareleri beraber bulunmal\u0131), (Vard\u0131r ibaresi bulunmas\u0131 halinde konuyla ilgili belgelerin g\u00f6nderilmesi)<\/p>\n<p>8-Askerlik Belgesi (Erkekler i\u00e7in) (e-Devlet \u00fczerinden al\u0131nacakt\u0131r) Askerlik hizmetini tamamlam\u0131\u015f adaylar\u0131n Terhis Belgesi \u00f6rne\u011fi.<\/p>\n<p>9-Yerle\u015fim Yeri Belgesi (e-Devlet \u00fczerinden al\u0131nacakt\u0131r)<\/p>\n<p>10-Herhangi bir sa\u011fl\u0131k g\u00fcvenlik kurumundan emeklilik, ya\u015fl\u0131l\u0131k veya malull\u00fck ayl\u0131\u011f\u0131 alm\u0131yor olmad\u0131\u011f\u0131na ili\u015fkin Sosyal G\u00fcvenlik Merkezlerinden al\u0131nacak belge (e-Devlet \u00fczerinden de al\u0131nabilir.)<\/p>\n<p>11- 6 adet vesikal\u0131k\u00a0foto\u011fraf<\/p>\n<p><strong>Bu ilan tebli\u011f niteli\u011finde olup, adaylara ayr\u0131ca bir tebligat yap\u0131lmayacakt\u0131r.<\/strong><\/p>\n<p>\u0130lgililere duyurulur.<\/p>\n<p>&nbsp;<\/p>\n<p><a href=\"https:\/\/pgm.ktb.gov.tr\/TR-327502\/465-sozlesmeli-personel-kutuphaneci-alimi-kapsaminda-sozlu-sinav-yedek-adaylari-hakkinda-duyuru-29082022.html\" target=\"_blank\" rel=\"noopener noreferrer\">KAYNAK<\/a><\/p>\n","protected":false},"excerpt":{"rendered":"<p>30.05.2022-10.06.2022 tarihleri aras\u0131nda ger\u00e7ekle\u015ftirilen s\u00f6zl\u00fc s\u0131nav sonu\u00e7lar\u0131na g\u00f6re asil adaylardan 26.08.2022 tarihi mesai bitimine kadar atamaya esas belgeleri talep edilmi\u015fti. Belgelerini teslim etmeyen ve feragat eden adaylar\u0131n yerine yerle\u015ftirilen\u00a0YEDEK ADAYLARIN\u00a0listesi i\u00e7in\u00a0t\u0131klay\u0131n\u0131z.<\/p>\n","protected":false},"author":384724,"featured_media":30853,"comment_status":"open","ping_status":"open","sticky":false,"template":"","format":"standard","meta":{"footnotes":""},"categories":[31,1567],"tags":[],"class_list":["post-30852","post","type-post","status-publish","format-standard","has-post-thumbnail","hentry","category-bbykpss","category-duyurular"],"_links":{"self":[{"href":"https:\/\/www.bbyhaber.com\/bby\/wp-json\/wp\/v2\/posts\/30852"}],"collection":[{"href":"https:\/\/www.bbyhaber.com\/bby\/wp-json\/wp\/v2\/posts"}],"about":[{"href":"https:\/\/www.bbyhaber.com\/bby\/wp-json\/wp\/v2\/types\/post"}],"author":[{"embeddable":true,"href":"https:\/\/www.bbyhaber.com\/bby\/wp-json\/wp\/v2\/users\/384724"}],"replies":[{"embeddable":true,"href":"https:\/\/www.bbyhaber.com\/bby\/wp-json\/wp\/v2\/comments?post=30852"}],"version-history":[{"count":2,"href":"https:\/\/www.bbyhaber.com\/bby\/wp-json\/wp\/v2\/posts\/30852\/revisions"}],"predecessor-version":[{"id":30862,"href":"https:\/\/www.bbyhaber.com\/bby\/wp-json\/wp\/v2\/posts\/30852\/revisions\/30862"}],"wp:featuredmedia":[{"embeddable":true,"href":"https:\/\/www.bbyhaber.com\/bby\/wp-json\/wp\/v2\/media\/30853"}],"wp:attachment":[{"href":"https:\/\/www.bbyhaber.com\/bby\/wp-json\/wp\/v2\/media?parent=30852"}],"wp:term":[{"taxonomy":"category","embeddable":true,"href":"https:\/\/www.bbyhaber.com\/bby\/wp-json\/wp\/v2\/categories?post=30852"},{"taxonomy":"post_tag","embeddable":true,"href":"https:\/\/www.bbyhaber.com\/bby\/wp-json\/wp\/v2\/tags?post=30852"}],"curies":[{"name":"wp","href":"https:\/\/api.w.org\/{rel}","templated":true}]}}