{"id":30813,"date":"2022-07-01T17:52:04","date_gmt":"2022-07-01T14:52:04","guid":{"rendered":"https:\/\/www.bbyhaber.com\/bby\/?p=30813"},"modified":"2023-10-17T16:40:41","modified_gmt":"2023-10-17T13:40:41","slug":"bursa-uludag-universitesi-2-kutuphaneci-1-ogretim-gorevlisi-kadrosunda-kutuphaneci-alim-ilani","status":"publish","type":"post","link":"https:\/\/www.bbyhaber.com\/bby\/2022\/07\/01\/bursa-uludag-universitesi-2-kutuphaneci-1-ogretim-gorevlisi-kadrosunda-kutuphaneci-alim-ilani","title":{"rendered":"Bursa Uluda\u011f \u00dcniversitesi 2 K\u00fct\u00fcphaneci, 1 \u00d6\u011fretim G\u00f6revlisi Kadrosunda K\u00fct\u00fcphaneci Al\u0131m \u0130lan\u0131"},"content":{"rendered":"<p><img loading=\"lazy\" decoding=\"async\" class=\"aligncenter size-medium wp-image-30814\" src=\"https:\/\/www.bbyhaber.com\/bby\/wp-content\/uploads\/2022\/07\/Ilan-Bursa-Uludag-Universitesi-2-Kutuphaneci-1-Ogretim-Gorevlisi-kadrosunda-Kutuphaneci-Ilani-300x150.png\" alt=\"\" width=\"300\" height=\"150\" srcset=\"https:\/\/www.bbyhaber.com\/bby\/wp-content\/uploads\/2022\/07\/Ilan-Bursa-Uludag-Universitesi-2-Kutuphaneci-1-Ogretim-Gorevlisi-kadrosunda-Kutuphaneci-Ilani-300x150.png 300w, https:\/\/www.bbyhaber.com\/bby\/wp-content\/uploads\/2022\/07\/Ilan-Bursa-Uludag-Universitesi-2-Kutuphaneci-1-Ogretim-Gorevlisi-kadrosunda-Kutuphaneci-Ilani-768x384.png 768w, https:\/\/www.bbyhaber.com\/bby\/wp-content\/uploads\/2022\/07\/Ilan-Bursa-Uludag-Universitesi-2-Kutuphaneci-1-Ogretim-Gorevlisi-kadrosunda-Kutuphaneci-Ilani.png 1024w\" sizes=\"(max-width: 300px) 100vw, 300px\" \/><\/p>\n<p>&nbsp;<\/p>\n<p><strong>1 \u00d6\u011fretim G\u00f6revlisi kadrosunda K\u00fct\u00fcphaneci \u0130lan\u0131 Ayr\u0131nt\u0131lar\u0131<\/strong><\/p>\n<table style=\"border-collapse: collapse; width: 964px; height: 74px;\" border=\"0\" width=\"320\" cellspacing=\"0\" cellpadding=\"0\">\n<tbody>\n<tr style=\"height: 15.0pt;\">\n<td style=\"height: 15pt; width: 48pt; text-align: center;\" width=\"64\" height=\"20\">B\u0130R\u0130M<\/td>\n<td style=\"width: 48pt; text-align: center;\" width=\"64\">KADRO \u00dcNV.<\/td>\n<td style=\"width: 48pt; text-align: center;\" width=\"64\">Kadro Derecesi<\/td>\n<td style=\"width: 48pt; text-align: center;\" width=\"64\">Adet<\/td>\n<td style=\"width: 48pt; text-align: center;\" width=\"64\">A\u00c7IKLAMA<\/td>\n<\/tr>\n<tr style=\"height: 15.0pt;\">\n<td style=\"height: 15pt; text-align: center;\" height=\"20\">REKT\u00d6RL\u00dcK (K\u00fct\u00fcphane ve Dok\u00fcmantasyon Daire Ba\u015fkanl\u0131\u011f\u0131)<\/td>\n<td style=\"text-align: center;\">\u00d6\u011eRET\u0130M G\u00d6REVL\u0130S\u0130 (Uygulamal\u0131 Birim)<\/td>\n<td style=\"text-align: center;\" align=\"right\">4<\/td>\n<td style=\"text-align: center;\" align=\"right\">1<\/td>\n<td style=\"text-align: center;\">Bilgi ve Belge Y\u00f6netimi, Dok\u00fcmantasyon ve Enformasyon, Ar\u015fivcilik veya K\u00fct\u00fcphanecilik lisans programlar\u0131n\u0131n birinden mezun olmak ve bu alanlar\u0131n birinde Tezli Y\u00fcksek Lisans yapm\u0131\u015f olmak. Rekt\u00f6rl\u00fck K\u00fct\u00fcphane ve Dok\u00fcmantasyon Daire Ba\u015fkanl\u0131\u011f\u0131nda g\u00f6revlendirilmek \u00fczere<\/td>\n<\/tr>\n<\/tbody>\n<\/table>\n<p><strong>Son Ba\u015fvuru: 04.07.2022 Pazartesi<\/strong><\/p>\n<p><a href=\"https:\/\/uludag.edu.tr\/dosyalar\/personel\/ilanlar\/2022\/Ogretim_Gorevlisi\/2022_2\/ogretim_elemani_ilan_metni_rega_20062022.pdf\" target=\"_blank\" rel=\"noopener noreferrer\">Kaynak<\/a><\/p>\n<p>&nbsp;<\/p>\n<p><strong>2 K\u00fct\u00fcphaneci \u0130lan\u0131 Ayr\u0131nt\u0131lar\u0131<\/strong><\/p>\n<p>\u00d6zel \u015eart: Son ba\u015fvuru tarihi itibariyle 30 ya\u015f\u0131 doldurmam\u0131\u015f olmak.<\/p>\n<p>Notlar: \u00dcniversite merkez \/ il\u00e7e birimlerinde vardiyal\u0131 olarak \u00e7al\u0131\u015ft\u0131r\u0131lmak \u00fczere<\/p>\n<p>KPSS Ba\u015fvuru Puan\u0131: 60 ve \u00fczeri<\/p>\n<p><strong>Son Ba\u015fvuru: 22.07.2022 Cuma<\/strong><\/p>\n<p>&nbsp;<\/p>\n<p>&nbsp;<\/p>\n<h3>BA\u015eVURU \u015eEKL\u0130 YER VE ZAMANI<\/h3>\n<p>1) Ba\u015fvuru i\u015flemleri Bursa Uluda\u011f \u00dcniversitesi Personel Daire Ba\u015fkanl\u0131\u011f\u0131 \u0130dari Personel \u015eube M\u00fcd\u00fcrl\u00fc\u011f\u00fcne \u015fahsen yap\u0131lacakt\u0131r.<\/p>\n<p>2) Adaylar\u0131n bu ilan\u0131n Resmi Gazete\u2019de yay\u0131m tarihinden itibaren 15 (On be\u015f) g\u00fcn i\u00e7erisinde ba\u015fvuru i\u015flemini tamamlamas\u0131 gerekmektedir.<\/p>\n<p>3) Ba\u015fvurulan pozisyon i\u00e7in aranan \u00f6zel nitelikler bulunmas\u0131 halinde; istenen evraklar\u0131n ba\u015fvuru s\u00fcresi i\u00e7erisinde teslim edilmesi gerekmektedir.<\/p>\n<p>\u0130lan\u0131n bitiminden sonra al\u0131nan sertifika ve kurs bitirme belgeleri ba\u015fvurularda kabul edilmeyecektir.<\/p>\n<p>4) Teslim edilen t\u00fcm belgelerin ilgili kurumlardan do\u011frulamas\u0131 yap\u0131lacakt\u0131r.<\/p>\n<p>a) Ger\u00e7e\u011fe ayk\u0131r\u0131 belge verdi\u011fi\/beyanda bulundu\u011fu veya eksik evrak verdi\u011fi tespit edilen adaylar\u0131n ba\u015fvurular\u0131 iptal edilecektir.<\/p>\n<p>b) Ger\u00e7e\u011fe ayk\u0131r\u0131 belge verdi\u011fi\/beyanda bulundu\u011fu veya eksik evrak verdi\u011fi sonradan tespit edilenlerin ba\u015fvurular\u0131 iptal edilecektir. Kendilerine bir \u00f6deme yap\u0131lm\u0131\u015f ise yasal faizi ile tazmin edilecektir.<\/p>\n<p>5) Adaylar ilan edilen pozisyonlardan sadece birine ba\u015fvurabilecektir. Birden fazla pozisyona ba\u015fvuranlar\u0131n ba\u015fvurular\u0131 iptal edilecektir.<\/p>\n<h3>BA\u015eVURULARIN DE\u011eERLEND\u0130R\u0130LMES\u0130 VE SONU\u00c7LARIN A\u00c7IKLANMASI<\/h3>\n<p>1) Ba\u015fvuru sonunda yaz\u0131l\u0131 ve\/veya s\u00f6zl\u00fc s\u0131nav yap\u0131lmayacakt\u0131r.<\/p>\n<p>2020 KPSS (B) grubu puan s\u0131ralamas\u0131 esas al\u0131narak s\u00f6zle\u015fme yapmaya hak kazanan adaylar\u0131n isim listesi Bursa Uluda\u011f \u00dcniversitesi web sayfas\u0131 (<a href=\"http:\/\/www.uludag.edu.tr\/\">www.uludag.edu.tr<\/a>) adresinde ilan edilecektir.<\/p>\n<p>Bu ilan tebligat mahiyetinde olaca\u011f\u0131ndan ilgililere ayr\u0131ca tebligat yap\u0131lmayacakt\u0131r.<\/p>\n<p>2) De\u011ferlendirme KPSS puan s\u0131ralamas\u0131na g\u00f6re yap\u0131laca\u011f\u0131ndan, adaylar\u0131n KPSS puanlar\u0131n\u0131n e\u015fit olmas\u0131 durumunda diploma tarihi itibari ile \u00f6nce mezun olmu\u015f olan, diploma tarihlerinin de ayn\u0131 olmas\u0131<\/p>\n<p>halinde ya\u015f\u0131 k\u00fc\u00e7\u00fck olan aday tercih edilecektir.<\/p>\n<p>3) Asil olarak atanmaya hak kazanan adaylar\u0131n ba\u015fvuru yapmamalar\u0131, feragat etmeleri veya belirtilen \u015fartlar\u0131 ta\u015f\u0131mad\u0131klar\u0131n\u0131n tespit edilmesi halinde, yerlerine, ilan edilen yedek adaylar s\u0131ras\u0131 ile \u00e7a\u011f\u0131r\u0131larak atamalar\u0131 yap\u0131lacakt\u0131r.<\/p>\n<p>Konu ile ilgili yap\u0131lan duyurular web sayfam\u0131zdan (www.uludag.edu.tr ve http:\/\/personel.uludag.edu.tr) takip edilebilir.<\/p>\n<p>4) Atanmaya hak kazanan yedek adaylar\u0131n asil adaylar\u0131n ta\u015f\u0131d\u0131klar\u0131 \u015fartlar\u0131 yerine getirmeleri gerekmektedir.<\/p>\n<p>5) \u0130landa bulunmayan h\u00fck\u00fcmler i\u00e7in genel mevzuat h\u00fck\u00fcmleri uygulan\u0131r.<\/p>\n<p><a href=\"https:\/\/www.resmigazete.gov.tr\/ilanlar\/eskiilanlar\/2022\/07\/20220701-4-16.pdf\" target=\"_blank\" rel=\"noopener noreferrer\">Kaynak<\/a><\/p>\n","protected":false},"excerpt":{"rendered":"<p>&nbsp; 1 \u00d6\u011fretim G\u00f6revlisi kadrosunda K\u00fct\u00fcphaneci \u0130lan\u0131 Ayr\u0131nt\u0131lar\u0131 B\u0130R\u0130M KADRO \u00dcNV. Kadro Derecesi Adet A\u00c7IKLAMA REKT\u00d6RL\u00dcK (K\u00fct\u00fcphane ve Dok\u00fcmantasyon Daire Ba\u015fkanl\u0131\u011f\u0131) \u00d6\u011eRET\u0130M G\u00d6REVL\u0130S\u0130 (Uygulamal\u0131 Birim) 4 1 Bilgi ve Belge Y\u00f6netimi, Dok\u00fcmantasyon ve Enformasyon, Ar\u015fivcilik veya K\u00fct\u00fcphanecilik lisans programlar\u0131n\u0131n birinden mezun olmak ve bu alanlar\u0131n birinde Tezli Y\u00fcksek Lisans yapm\u0131\u015f olmak. Rekt\u00f6rl\u00fck K\u00fct\u00fcphane ve Dok\u00fcmantasyon [&hellip;]<\/p>\n","protected":false},"author":384724,"featured_media":30814,"comment_status":"open","ping_status":"open","sticky":false,"template":"","format":"standard","meta":{"footnotes":""},"categories":[1],"tags":[1392],"class_list":["post-30813","post","type-post","status-publish","format-standard","has-post-thumbnail","hentry","category-genel","tag-bby-is-ilanlari"],"_links":{"self":[{"href":"https:\/\/www.bbyhaber.com\/bby\/wp-json\/wp\/v2\/posts\/30813"}],"collection":[{"href":"https:\/\/www.bbyhaber.com\/bby\/wp-json\/wp\/v2\/posts"}],"about":[{"href":"https:\/\/www.bbyhaber.com\/bby\/wp-json\/wp\/v2\/types\/post"}],"author":[{"embeddable":true,"href":"https:\/\/www.bbyhaber.com\/bby\/wp-json\/wp\/v2\/users\/384724"}],"replies":[{"embeddable":true,"href":"https:\/\/www.bbyhaber.com\/bby\/wp-json\/wp\/v2\/comments?post=30813"}],"version-history":[{"count":3,"href":"https:\/\/www.bbyhaber.com\/bby\/wp-json\/wp\/v2\/posts\/30813\/revisions"}],"predecessor-version":[{"id":30818,"href":"https:\/\/www.bbyhaber.com\/bby\/wp-json\/wp\/v2\/posts\/30813\/revisions\/30818"}],"wp:featuredmedia":[{"embeddable":true,"href":"https:\/\/www.bbyhaber.com\/bby\/wp-json\/wp\/v2\/media\/30814"}],"wp:attachment":[{"href":"https:\/\/www.bbyhaber.com\/bby\/wp-json\/wp\/v2\/media?parent=30813"}],"wp:term":[{"taxonomy":"category","embeddable":true,"href":"https:\/\/www.bbyhaber.com\/bby\/wp-json\/wp\/v2\/categories?post=30813"},{"taxonomy":"post_tag","embeddable":true,"href":"https:\/\/www.bbyhaber.com\/bby\/wp-json\/wp\/v2\/tags?post=30813"}],"curies":[{"name":"wp","href":"https:\/\/api.w.org\/{rel}","templated":true}]}}