{"id":30797,"date":"2022-06-20T11:27:46","date_gmt":"2022-06-20T08:27:46","guid":{"rendered":"https:\/\/www.bbyhaber.com\/bby\/?p=30797"},"modified":"2022-06-20T11:27:50","modified_gmt":"2022-06-20T08:27:50","slug":"turkiye-bilimler-akademisi-2-kutuphaneci-alimi-son-basvuru-25-temmuz-2022","status":"publish","type":"post","link":"https:\/\/www.bbyhaber.com\/bby\/2022\/06\/20\/turkiye-bilimler-akademisi-2-kutuphaneci-alimi-son-basvuru-25-temmuz-2022","title":{"rendered":"T\u00fcrkiye Bilimler Akademisi 2 K\u00fct\u00fcphaneci Al\u0131m\u0131 | Son Ba\u015fvuru: 25 Temmuz 2022"},"content":{"rendered":"<p><img loading=\"lazy\" decoding=\"async\" class=\"aligncenter size-medium wp-image-30802\" src=\"https:\/\/www.bbyhaber.com\/bby\/wp-content\/uploads\/2022\/06\/lan-tuba-2-300x150.png\" alt=\"\" width=\"300\" height=\"150\" srcset=\"https:\/\/www.bbyhaber.com\/bby\/wp-content\/uploads\/2022\/06\/lan-tuba-2-300x150.png 300w, https:\/\/www.bbyhaber.com\/bby\/wp-content\/uploads\/2022\/06\/lan-tuba-2-768x384.png 768w, https:\/\/www.bbyhaber.com\/bby\/wp-content\/uploads\/2022\/06\/lan-tuba-2.png 1024w\" sizes=\"(max-width: 300px) 100vw, 300px\" \/>T\u00fcrkiye Bilimler Akademisi taraf\u0131ndan \u0130stanbul ve Ankara&#8217;da istihdam edilmek \u00fczere &#8220;Bilgi ve Belge Y\u00f6netimi&#8221; mezunu olma \u015fart\u0131 ile 1&#8217;er K\u00fct\u00fcphaneci al\u0131nacakt\u0131r.<\/p>\n<p>\u0130landa yer alan &#8220;Ar\u015fiv memuru&#8221; al\u0131m\u0131nda ise &#8220;Bilgi ve Belge Y\u00f6netimi&#8221; mezunu olma \u015fart\u0131 yoktur.<\/p>\n<p>Ba\u015fvurular 15 Temmuz 2022 tarihinde ba\u015flayacakt\u0131r.<\/p>\n<p>\u0130lan\u0131n ayr\u0131nt\u0131lar\u0131 a\u015fa\u011f\u0131dad\u0131r.<\/p>\n<p>T\u00fcrkiye Bilimler Akademisi (T\u00dcBA), 15\/7\/2018 tarihli ve 30479 say\u0131l\u0131 Resmi\u00a0Gazete&#8217;de\u00a0yay\u0131mlanan 4 say\u0131l\u0131 Bakanl\u0131klara Ba\u011fl\u0131, ilgili, ili\u015fkili Kurum ve Kurulu\u015flar ile Di\u011fer Kurum ve Kurulu\u015flar\u0131n Te\u015fkilat\u0131 Hakk\u0131nda Cumhurba\u015fkanl\u0131\u011f\u0131 Kararnamesinin 580\u00a0nci\u00a0maddesinin ikinci f\u0131kras\u0131 ile 27\/6\/1989 tarihli ve 375 say\u0131l\u0131 Kanun H\u00fckm\u00fcnde Kararnamenin Ek 28 inci maddesinin d\u00f6rd\u00fcnc\u00fc f\u0131kras\u0131 h\u00fck\u00fcmlerine dayan\u0131larak haz\u0131rlanan ve 16 Mart 2022 tarihli ve 31780 say\u0131l\u0131 Resmi\u00a0Gazete&#8217;de\u00a0yay\u0131mlanan T\u00fcrkiye Bilimler Akademisi Personel Y\u00f6netmeli\u011fi h\u00fck\u00fcmleri \u00e7er\u00e7evesinde, T\u00dcBA\u2019n\u0131n 4\u00a0No\u2019lu\u00a0Cumhurba\u015fkanl\u0131\u011f\u0131 Kararnamesi\u2019nin 567 inci maddesinde yer alan g\u00f6revlerin yerine getirilmesini sa\u011flamak i\u00e7in personel al\u0131m\u0131 ger\u00e7ekle\u015ftirilecektir.<\/p>\n<p>T\u00dcBA\u2019n\u0131n merkezi Ankara ili olup \u0130stanbul\u2019da \u00e7al\u0131\u015fma ofisleri bulunmaktad\u0131r. A\u015fa\u011f\u0131daki tabloda belirtilen \u015fartlar\u0131 ta\u015f\u0131yanlar ve T\u00dcBA taraf\u0131ndan ger\u00e7ekle\u015ftirilecek s\u0131navda ba\u015far\u0131l\u0131 olanlar T\u00dcBA Ba\u015fkanl\u0131\u011f\u0131\u2019n\u0131n uygun g\u00f6rece\u011fi illerin birinde \u00e7al\u0131\u015fmay\u0131 kabul edeceklerdir.<\/p>\n<p>&nbsp;<\/p>\n<table>\n<tbody>\n<tr>\n<td colspan=\"2\" width=\"604\"><b><strong>Ba\u015fvuru ve S\u00f6zl\u00fc S\u0131nav Tarihleri<\/strong><\/b><\/td>\n<\/tr>\n<tr>\n<td width=\"274\">Ba\u015fvuru Tarihleri<\/td>\n<td width=\"330\">15.07.2022 \u2013 25.07.2022<\/p>\n<p>Ba\u015fvurular mesai saatleri i\u00e7erisinde al\u0131nacakt\u0131r. Son ba\u015fvuru tarihi olan 25.07.2022 tarihinde saat 17.30\u2019dan sonra herhangi bir ba\u015fvuru kabul edilmeyecektir.<\/td>\n<\/tr>\n<tr>\n<td width=\"274\">Yaz\u0131l\u0131 ve\/veya S\u00f6zl\u00fc S\u0131nava Kat\u0131lacaklar\u0131n \u0130lan Tarihi<\/td>\n<td width=\"330\">28.07.2022<\/td>\n<\/tr>\n<tr>\n<td width=\"274\">Yaz\u0131l\u0131 ve\/veya S\u00f6zl\u00fc S\u0131nav Tarihleri<\/td>\n<td width=\"330\">Daha sonra duyurulacakt\u0131r.<\/td>\n<\/tr>\n<tr>\n<td width=\"274\">S\u0131nav Ba\u015fvuru Adresi<\/td>\n<td width=\"330\">Adaylar ilan i\u00e7in T\u00dcBA\u2019ya \u015fahsen ba\u015fvuracaklard\u0131r.<\/td>\n<\/tr>\n<tr>\n<td width=\"274\">S\u0131nav ve Ba\u015fvuru Yerleri<\/td>\n<td width=\"330\">T\u00fcrkiye Bilimler Akademisi Ba\u015fkanl\u0131\u011f\u0131<\/p>\n<p>Bayraktar Mah. Vedat\u00a0Dalokay\u00a0Cad.\u00a0No: 112 \u00c7ankaya \u2013 Ankara<\/p>\n<p>Tel: (0 312) 442 29 03 (pbx)\u00a0Faks: (0 312) 442 72 36<\/p>\n<p>E-posta: tuba@tuba.gov.tr<\/p>\n<p>veya<\/p>\n<p>T\u00fcrkiye Bilimler Akademisi\u00a0Ma\u00e7ka Ofisi \u2013 \u0130stanbul Teknik \u00dcniversitesi (\u0130T\u00dc)<\/p>\n<p>Yabanc\u0131 Diller Y\u00fcksekokulu 34367 Ma\u00e7ka \u2013 \u0130stanbul<\/p>\n<p>Tel: (0212) 219 16 60\u00a0Faks: (0212) 225 20 66<\/p>\n<p>E-posta: tuba@tuba.gov.tr<\/td>\n<\/tr>\n<tr>\n<td width=\"274\">\u0130lan ve S\u0131nav Sonu\u00e7lar\u0131n\u0131n Duyurulaca\u011f\u0131 Adres<\/td>\n<td width=\"330\">www.tuba.gov.tr<\/td>\n<\/tr>\n<tr>\n<td width=\"274\">Sorular\u0131n\u0131z i\u00e7in<\/td>\n<td width=\"330\">ik@tuba.gov.tr<\/p>\n<p>Bu e-posta adresi haricinde herhangi bir kanaldan bilgi verilmeyecektir.<\/td>\n<\/tr>\n<\/tbody>\n<\/table>\n<p>&nbsp;<\/p>\n<ol>\n<li><b><strong> \u0130\u015fe Al\u0131nmada Aranan Genel \u015eartlar<\/strong><\/b><\/li>\n<\/ol>\n<p>T\u00fcm pozisyonlar i\u00e7in ba\u015fvuran t\u00fcm adaylar\u0131n \u00f6ncellikle 16\/03\/2022 tarihinde Resm\u00ee\u00a0Gazete\u2019de\u00a0yay\u0131mlanan T\u00fcrkiye Bilimler Akademisi Personel Y\u00f6netmeli\u011fi\u2019ne g\u00f6re 14\/7\/1965 tarihli ve 657 say\u0131l\u0131 Devlet Memurlar\u0131 Kanunu\u2019nun 48 inci maddesinde yer alan genel \u015fartlar\u0131 sa\u011flamalar\u0131 gerekmektedir.<\/p>\n<p>Ayr\u0131ca g\u00fcvenlik soru\u015fturmas\u0131 ve\/veya ar\u015fiv ara\u015ft\u0131rmas\u0131 yap\u0131lm\u0131\u015f olmas\u0131 \u015fart\u0131 aran\u0131r.<\/p>\n<p>&nbsp;<\/p>\n<ol start=\"4\">\n<li><b><strong> \u0130dari Personel \u0130\u00e7in Aranan \u00d6zel \u015eartlar<\/strong><\/b><\/li>\n<\/ol>\n<p>\u0130dari personel olarak istihdam edileceklerde a\u015fa\u011f\u0131da belirtilen \u00f6zel \u015fartlar aran\u0131r:<\/p>\n<ol>\n<li>a) Her kadro i\u00e7in a\u015fa\u011f\u0131daki tabloda belirtilen \u00f6zel \u015fartlara sahip olmak.<\/li>\n<li>b) Bu madde kapsam\u0131nda istihdam edileceklerin 2020 y\u0131ll\u0131nda yap\u0131lan Kamu Personeli Se\u00e7me S\u0131nav\u0131nda her pozisyon i\u00e7in a\u015fa\u011f\u0131daki tabloda Ba\u015fkanl\u0131k\u00e7a belirlenen puan t\u00fcr\u00fcnden\/t\u00fcrlerinden taban puan\u0131 alm\u0131\u015f olmalar\u0131 gerekir.<\/li>\n<\/ol>\n<p>&nbsp;<\/p>\n<table width=\"100%\">\n<tbody>\n<tr>\n<td width=\"6%\"><b><strong>Ba\u015fvuru Kodu<\/strong><\/b><\/td>\n<td width=\"7%\"><b><strong>Unvan<\/strong><\/b><\/td>\n<td width=\"7%\"><b><strong>Kadro Say\u0131s\u0131<\/strong><\/b><\/td>\n<td width=\"78%\"><b><strong>Aran\u0131lan Nitelik<\/strong><\/b><\/td>\n<\/tr>\n<tr>\n<td width=\"6%\"><\/td>\n<td width=\"7%\"><\/td>\n<td width=\"7%\"><\/td>\n<td width=\"78%\"><\/td>\n<\/tr>\n<tr>\n<td width=\"6%\"><\/td>\n<td width=\"7%\"><\/td>\n<td width=\"7%\"><\/td>\n<td width=\"78%\"><\/td>\n<\/tr>\n<tr>\n<td width=\"6%\"><\/td>\n<td width=\"7%\"><\/td>\n<td width=\"7%\"><\/td>\n<td width=\"78%\"><\/td>\n<\/tr>\n<tr>\n<td width=\"6%\"><\/td>\n<td width=\"7%\"><\/td>\n<td width=\"7%\"><\/td>\n<td width=\"78%\"><\/td>\n<\/tr>\n<tr>\n<td width=\"6%\"><\/td>\n<td width=\"7%\"><\/td>\n<td width=\"7%\"><\/td>\n<td width=\"78%\"><\/td>\n<\/tr>\n<tr>\n<td width=\"6%\"><\/td>\n<td width=\"7%\"><\/td>\n<td width=\"7%\"><\/td>\n<td width=\"78%\"><\/td>\n<\/tr>\n<tr>\n<td width=\"6%\">AR1A<\/td>\n<td width=\"7%\">Ar\u015fiv memuru<\/td>\n<td width=\"7%\">1<\/td>\n<td width=\"78%\">Ankara\u2019da istihdam edilmek \u00fczere*;<\/p>\n<p>a) \u00dcniversitelerin d\u00f6rt y\u0131ll\u0131k fak\u00fclte ya da bunlara denkli\u011fi Y\u00fcksek\u00f6\u011fretim Kurulunca kabul edilen yurt d\u0131\u015f\u0131ndaki y\u00fcksek\u00f6\u011fretim kurumlar\u0131ndan lisans d\u00fczeyinde mezun olmak,<\/p>\n<p>b) \u00d6\u011frenci Se\u00e7me ve Yerle\u015ftirme Merkezi taraf\u0131ndan 2020 y\u0131llar\u0131nda yap\u0131lan Kamu Personeli Se\u00e7me S\u0131nav\u0131nda KPSS P1, P2, P3 puan t\u00fcr\u00fcnden en az 70 puan alm\u0131\u015f olmak.<\/td>\n<\/tr>\n<tr>\n<td width=\"6%\"><\/td>\n<td width=\"7%\"><\/td>\n<td width=\"7%\"><\/td>\n<td width=\"78%\"><\/td>\n<\/tr>\n<tr>\n<td width=\"6%\"><\/td>\n<td width=\"7%\"><\/td>\n<td width=\"7%\"><\/td>\n<td width=\"78%\"><\/td>\n<\/tr>\n<tr>\n<td width=\"6%\"><\/td>\n<td width=\"7%\"><\/td>\n<td width=\"7%\"><\/td>\n<td width=\"78%\"><\/td>\n<\/tr>\n<tr>\n<td width=\"6%\"><\/td>\n<td width=\"7%\"><\/td>\n<td width=\"7%\"><\/td>\n<td width=\"78%\"><\/td>\n<\/tr>\n<tr>\n<td width=\"6%\"><\/td>\n<td width=\"7%\"><\/td>\n<td width=\"7%\"><\/td>\n<td width=\"78%\"><\/td>\n<\/tr>\n<tr>\n<td width=\"6%\"><\/td>\n<td width=\"7%\"><\/td>\n<td width=\"7%\"><\/td>\n<td width=\"78%\"><\/td>\n<\/tr>\n<tr>\n<td width=\"6%\">KU1A<\/td>\n<td width=\"7%\">K\u00fct\u00fcphaneci<\/td>\n<td width=\"7%\">1<\/td>\n<td width=\"78%\">Ankara\u2019da istihdam edilmek \u00fczere*;<\/p>\n<p>a) \u00dcniversitelerin d\u00f6rt y\u0131ll\u0131k fak\u00fclte ya da bunlara denkli\u011fi Y\u00fcksek\u00f6\u011fretim Kurulunca kabul edilen yurt d\u0131\u015f\u0131ndaki y\u00fcksek\u00f6\u011fretim kurumlar\u0131ndan bilgi ve belge y\u00f6netimi, k\u00fct\u00fcphanecilik, ar\u015fivcilik, dok\u00fcmantasyon ve enformasyon lisans programlar\u0131ndan mezun olmak,<\/p>\n<p>b) \u00d6\u011frenci Se\u00e7me ve Yerle\u015ftirme Merkezi taraf\u0131ndan 2020 y\u0131l\u0131nda yap\u0131lan Kamu Personeli Se\u00e7me S\u0131nav\u0131nda KPSS P1, P2, P3 puan t\u00fcr\u00fcnden en az 70 puan alm\u0131\u015f olmak.<\/td>\n<\/tr>\n<tr>\n<td width=\"6%\">KU1B<\/td>\n<td width=\"7%\">K\u00fct\u00fcphaneci<\/td>\n<td width=\"7%\">1<\/td>\n<td width=\"78%\">\u0130stanbul\u2019da istihdam edilmek \u00fczere*;<\/p>\n<p>a) \u00dcniversitelerin d\u00f6rt y\u0131ll\u0131k fak\u00fclte ya da bunlara denkli\u011fi Y\u00fcksek\u00f6\u011fretim Kurulunca kabul edilen yurt d\u0131\u015f\u0131ndaki y\u00fcksek\u00f6\u011fretim kurumlar\u0131ndan bilgi ve belge y\u00f6netimi, k\u00fct\u00fcphanecilik, ar\u015fivcilik, dok\u00fcmantasyon ve enformasyon lisans programlar\u0131ndan mezun olmak,<\/p>\n<p>b) \u00d6\u011frenci Se\u00e7me ve Yerle\u015ftirme Merkezi taraf\u0131ndan 2020 y\u0131l\u0131nda yap\u0131lan Kamu Personeli Se\u00e7me S\u0131nav\u0131nda KPSS P1, P2, P3 puan t\u00fcr\u00fcnden en az 70 puan alm\u0131\u015f olmak.<\/td>\n<\/tr>\n<tr>\n<td width=\"6%\"><\/td>\n<td width=\"7%\"><\/td>\n<td width=\"7%\"><\/td>\n<td width=\"78%\"><\/td>\n<\/tr>\n<tr>\n<td width=\"6%\"><\/td>\n<td width=\"7%\"><\/td>\n<td width=\"7%\"><\/td>\n<td width=\"78%\"><\/td>\n<\/tr>\n<tr>\n<td width=\"6%\"><\/td>\n<td width=\"7%\"><\/td>\n<td width=\"7%\"><\/td>\n<td width=\"78%\"><\/td>\n<\/tr>\n<tr>\n<td width=\"6%\"><\/td>\n<td width=\"7%\"><\/td>\n<td width=\"7%\"><\/td>\n<td width=\"78%\"><\/td>\n<\/tr>\n<tr>\n<td width=\"6%\"><\/td>\n<td width=\"7%\"><\/td>\n<td width=\"7%\"><\/td>\n<td width=\"78%\"><\/td>\n<\/tr>\n<\/tbody>\n<\/table>\n<p>&nbsp;<\/p>\n<ul>\n<li>T\u00dcBA Ba\u015fkanl\u0131\u011f\u0131 l\u00fczum g\u00f6rd\u00fc\u011f\u00fc hallerde i\u015fe ald\u0131\u011f\u0131 personelin istihdam edilece\u011fi T\u00dcBA ofisini (Ankara Ba\u015fkanl\u0131k veya \u0130stanbul ofisleri) de\u011fi\u015ftirebilir veya ofis bazl\u0131 g\u00f6revlendirmeler yapabilir.<\/li>\n<\/ul>\n<p>&nbsp;<\/p>\n<p><b><strong>Ba\u015fvurular\u0131n De\u011ferlendirilmesi ve Atama<\/strong><\/b><\/p>\n<ol>\n<li>T\u00dcBA uzman\u0131 i\u00e7in ba\u015fvuru \u015fartlar\u0131n\u0131 sa\u011flayan t\u00fcm adaylar\u0131n ba\u015fvurular\u0131 kabul edilir. T\u00dcBA Ba\u015fkanl\u0131\u011f\u0131, adaylar\u0131n uzmanl\u0131k alanlar\u0131 ve yeteneklerini b\u00fcnyesinde kuraca\u011f\u0131 komisyonla de\u011ferlendirir ve uygun g\u00f6rd\u00fc\u011f\u00fc adaylar\u0131 yaz\u0131l\u0131 ve\/veya s\u00f6zl\u00fc s\u0131nava davet eder. Ba\u015fkanl\u0131k, T\u00dcBA\u2019n\u0131n \u00e7al\u0131\u015fma alanlar\u0131 i\u00e7in uygun aday g\u00f6rmedi\u011fi takdirde hi\u00e7bir aday\u0131 yaz\u0131l\u0131 ve\/veya s\u00f6zl\u00fc s\u0131nava davet etmemeyi tercih edebilir. Yaz\u0131l\u0131 ve\/veya s\u00f6zl\u00fc s\u0131navda 70 puan ve alt\u0131 alan adaylar ba\u015far\u0131s\u0131z kabul edilir. 70 puan\u0131n \u00fcst\u00fcnde alan adaylar puanlar\u0131na g\u00f6re s\u0131ralan\u0131r ve kadro say\u0131s\u0131na g\u00f6re e\u015fit say\u0131da asil ve yedek aday belirlenir.<\/li>\n<li>Di\u011fer kadrolar i\u00e7in ba\u015fvuru i\u015flemleri tamamland\u0131ktan sonra, adaylar\u0131n KPSS puanlar\u0131 esas al\u0131nacak ve en y\u00fcksek puan alan adaydan ba\u015flanarak s\u0131raya konulmak suretiyle, belirtilen kadro say\u0131s\u0131n\u0131n 4 kat\u0131 kadar aday T\u00dcBA taraf\u0131ndan yap\u0131lacak yaz\u0131l\u0131 ve\/veya s\u00f6zl\u00fc s\u0131nava davet edilecektir. Puan s\u0131ralamas\u0131 sonucunda puanlar\u0131n e\u015fit olmas\u0131 halinde e\u015fit puanl\u0131 adaylar\u0131n hepsi davet edilir. Yaz\u0131l\u0131 ve\/veya s\u00f6zl\u00fc s\u0131navda 70 puan ve alt\u0131 alan adaylar ba\u015far\u0131s\u0131z kabul edilir. 70 puan\u0131n \u00fcst\u00fcnde alan adaylar puanlar\u0131na g\u00f6re s\u0131ralan\u0131r ve kadro say\u0131s\u0131na g\u00f6re e\u015fit say\u0131da asil ve yedek aday belirlenir.<\/li>\n<li>T\u00dcBA taraf\u0131ndan yap\u0131lacak s\u0131navda ba\u015far\u0131l\u0131 olarak ilgili kadroya yerle\u015fmeye hak kazanmak tek ba\u015f\u0131na yeterli de\u011fildir. Pozisyon i\u00e7in belirtilen son ba\u015fvuru tarihi itibar\u0131yla aranan nitelikler ve genel \u015fartlara sahip olmayan adaylar de\u011ferlendirmeye al\u0131nmayacakt\u0131r.<\/li>\n<li>Adaylar s\u0131nav sonu\u00e7lar\u0131n\u0131 T\u00dcBA resmi internet sitesi \u00fczerinden g\u00f6r\u00fcnt\u00fcleyecek olup, asil ve yedek adaylar ile s\u0131ralamaya giremeyen adaylara ayr\u0131ca herhangi bir tebligat yap\u0131lmayacakt\u0131r.<\/li>\n<li>Atanmaya hak kazanan adaylar\u0131n ibraz edecekleri belgeler T\u00dcBA\u2019n\u0131n resmi internet sitesinde yay\u0131mlanacakt\u0131r. Adaylara ayr\u0131ca herhangi bir tebligat yap\u0131lmayacakt\u0131r.<\/li>\n<\/ol>\n<p>&nbsp;<\/p>\n<p><b><strong>Genel H\u00fck\u00fcmler<\/strong><\/b><\/p>\n<p>1.Ger\u00e7e\u011fe ayk\u0131r\u0131 beyanda bulundu\u011fu veya belge verdi\u011fi sonradan tespit edilen adaylar\u0131n m\u00fcracaatlar\u0131 kabul edilmeyecek, atamalar\u0131 yap\u0131lm\u0131\u015f olsa dahi iptal edilecek ve kendilerine bir bedel \u00f6denmi\u015f ise bu bedel yasal faizi ile birlikte tazmin edilecektir. Bu durumdaki adaylar hakk\u0131nda genel h\u00fck\u00fcmlere g\u00f6re yasal i\u015flem yap\u0131lacakt\u0131r.<\/p>\n<p>2.Atanmaya hak kazan\u0131p s\u00fcresi i\u00e7erisinde ba\u015fvurmayanlar, feragat edenler, atamas\u0131 iptal edilenler veya g\u00f6reve ba\u015flad\u0131ktan sonra herhangi bir nedenle kurumdan ayr\u0131lanlar\u0131n yerine ba\u015fvuru sonucunun kesinle\u015fti\u011fi ilan tarihinden itibaren bir y\u0131l i\u00e7inde yedek adaylardan puan s\u0131ralamas\u0131na g\u00f6re atama yap\u0131larak s\u00f6zle\u015fme imzalanabilecektir.<\/p>\n<p>3.T\u00dcBA\u2019n\u0131n resmi internet sitesinde yay\u0131mlanacak t\u00fcm duyurular tebligat mahiyetinde olup, ki\u015filere ayr\u0131ca yaz\u0131l\u0131 tebligat yap\u0131lmayacakt\u0131r.<\/p>\n<p>&nbsp;<\/p>\n<p><b><strong>\u0130tirazlar<\/strong><\/b><\/p>\n<p>Yukar\u0131da belirtilen gruplar kapsam\u0131nda KPSS puan t\u00fcr\u00fc ve puan\u0131 esas al\u0131narak olu\u015fturulan asil ve yedek aday listelerine ili\u015fkin itirazlar, ilan\u0131ndan itibaren be\u015f i\u015f g\u00fcn\u00fc i\u00e7inde T\u00dcBA\u2019ya \u015fahsen yap\u0131lacakt\u0131r. S\u00fcresi ge\u00e7tikten sonra yap\u0131lan itirazlar dikkate al\u0131nmayacakt\u0131r.<\/p>\n<p>&nbsp;<\/p>\n<p><b><strong>Adaylar\u0131n Ba\u015fvuru Dosyas\u0131nda Bulunacak Evraklar<\/strong><\/b><\/p>\n<p>Adaylar, mavi dosyaya koyacaklar\u0131 her belgeyi po\u015fet dosya i\u00e7erisinde sunacakt\u0131r. Adaylar\u0131n ba\u015fvurular\u0131n\u0131 \u015fahsen yapmas\u0131 gerekmektedir.<\/p>\n<p>&nbsp;<\/p>\n<p><b><strong>T\u00fcm adaylar i\u00e7in;<\/strong><\/b><\/p>\n<ol>\n<li>Ba\u015fvuru formu (Elle veya bilgisayar \u00fczerinde doldurulmu\u015f ve foto\u011fraf yap\u0131\u015ft\u0131r\u0131lm\u0131\u015f- Ba\u015fvuru formu linki ilan sonunda yer almaktad\u0131r.)<\/li>\n<li>Aday\u0131n \u00f6zge\u00e7mi\u015fi<\/li>\n<li>Aday\u0131n n\u00fcfus c\u00fczdan\u0131 kopyas\u0131<\/li>\n<li>KPSS Sonu\u00e7 belgesi<\/li>\n<li>\u0130landa aran\u0131lan nitelikleri ispatlay\u0131c\u0131 her t\u00fcrl\u00fc dokuman (mezuniyet belgeleri, dil belgeleri, sertifikalar, ruhsatlar, gerekli di\u011fer belgeler vb.)<\/li>\n<li>Aday\u0131n daha \u00f6nceki i\u015f deneyimlerine ait ispatlay\u0131c\u0131 dokumanlar<\/li>\n<\/ol>\n<p>&nbsp;<\/p>\n<p><b><strong>T\u00dcBA Uzman\u0131 i\u00e7in;<\/strong><\/b><\/p>\n<ol>\n<li>Aday\u0131n lisans, y\u00fcksek lisans ve\/veya doktora mezuniyet belgesi (Aday\u0131n yurtd\u0131\u015f\u0131nda tamamlad\u0131\u011f\u0131 e\u011fitimler i\u00e7in Y\u00d6K denklik belgesi talep edilir.)<\/li>\n<li>YDS\u2019den en az (C) seviyesinde puan ald\u0131\u011f\u0131n\u0131 g\u00f6sterir belge veya dil yeterlili\u011fi bak\u0131m\u0131ndan buna denkli\u011fi \u00d6l\u00e7me, Se\u00e7me ve Yerle\u015ftirme Merkezi Ba\u015fkanl\u0131\u011f\u0131 taraf\u0131ndan kabul edilen ge\u00e7erlili\u011fi bulunan ba\u015fka bir belge (Y\u00d6KD\u0130L belgesi kabul edilmeyecektir).<\/li>\n<li>Varsa aday\u0131n yazar oldu\u011fu akademik yay\u0131nlar<\/li>\n<\/ol>\n<p>&nbsp;<\/p>\n<div class=\"col-md-12 no-left-padding\"><i class=\"fa fa-file-pdf-o\" aria-hidden=\"true\"><\/i><a href=\"https:\/\/www.tuba.gov.tr\/files\/TU%CC%88BA%20I%CC%87s%CC%A7%20Bas%CC%A7vuru%20Formu.pdf\" target=\"_blank\" rel=\"noopener noreferrer\">Ba\u015fvuru Formu<\/a><\/div>\n<p><a href=\"https:\/\/www.tuba.gov.tr\/tr\/duyurular\/turkiye-bilimler-akademisi-baskanligindan-personel-ilani\" target=\"_blank\" rel=\"noopener noreferrer\">Kaynak<\/a><\/p>\n","protected":false},"excerpt":{"rendered":"<p>T\u00fcrkiye Bilimler Akademisi taraf\u0131ndan \u0130stanbul ve Ankara&#8217;da istihdam edilmek \u00fczere &#8220;Bilgi ve Belge Y\u00f6netimi&#8221; mezunu olma \u015fart\u0131 ile 1&#8217;er K\u00fct\u00fcphaneci al\u0131nacakt\u0131r. \u0130landa yer alan &#8220;Ar\u015fiv memuru&#8221; al\u0131m\u0131nda ise &#8220;Bilgi ve Belge Y\u00f6netimi&#8221; mezunu olma \u015fart\u0131 yoktur. Ba\u015fvurular 15 Temmuz 2022 tarihinde ba\u015flayacakt\u0131r. \u0130lan\u0131n ayr\u0131nt\u0131lar\u0131 a\u015fa\u011f\u0131dad\u0131r. T\u00fcrkiye Bilimler Akademisi (T\u00dcBA), 15\/7\/2018 tarihli ve 30479 say\u0131l\u0131 Resmi\u00a0Gazete&#8217;de\u00a0yay\u0131mlanan [&hellip;]<\/p>\n","protected":false},"author":1,"featured_media":30802,"comment_status":"open","ping_status":"open","sticky":false,"template":"","format":"standard","meta":{"footnotes":""},"categories":[],"tags":[1393],"class_list":["post-30797","post","type-post","status-publish","format-standard","has-post-thumbnail","hentry","tag-bby-is-ilanlari-arsivi"],"_links":{"self":[{"href":"https:\/\/www.bbyhaber.com\/bby\/wp-json\/wp\/v2\/posts\/30797"}],"collection":[{"href":"https:\/\/www.bbyhaber.com\/bby\/wp-json\/wp\/v2\/posts"}],"about":[{"href":"https:\/\/www.bbyhaber.com\/bby\/wp-json\/wp\/v2\/types\/post"}],"author":[{"embeddable":true,"href":"https:\/\/www.bbyhaber.com\/bby\/wp-json\/wp\/v2\/users\/1"}],"replies":[{"embeddable":true,"href":"https:\/\/www.bbyhaber.com\/bby\/wp-json\/wp\/v2\/comments?post=30797"}],"version-history":[{"count":5,"href":"https:\/\/www.bbyhaber.com\/bby\/wp-json\/wp\/v2\/posts\/30797\/revisions"}],"predecessor-version":[{"id":30804,"href":"https:\/\/www.bbyhaber.com\/bby\/wp-json\/wp\/v2\/posts\/30797\/revisions\/30804"}],"wp:featuredmedia":[{"embeddable":true,"href":"https:\/\/www.bbyhaber.com\/bby\/wp-json\/wp\/v2\/media\/30802"}],"wp:attachment":[{"href":"https:\/\/www.bbyhaber.com\/bby\/wp-json\/wp\/v2\/media?parent=30797"}],"wp:term":[{"taxonomy":"category","embeddable":true,"href":"https:\/\/www.bbyhaber.com\/bby\/wp-json\/wp\/v2\/categories?post=30797"},{"taxonomy":"post_tag","embeddable":true,"href":"https:\/\/www.bbyhaber.com\/bby\/wp-json\/wp\/v2\/tags?post=30797"}],"curies":[{"name":"wp","href":"https:\/\/api.w.org\/{rel}","templated":true}]}}