{"id":3078,"date":"2012-03-15T15:07:47","date_gmt":"2012-03-15T15:07:47","guid":{"rendered":"http:\/\/www.bbyhaber.com\/bby\/?p=3078"},"modified":"2012-09-07T22:03:35","modified_gmt":"2012-09-07T19:03:35","slug":"48-kutuphane-haftasinin-acilis-toreni-ve-hatay-etkinlik-programi","status":"publish","type":"post","link":"https:\/\/www.bbyhaber.com\/bby\/2012\/03\/15\/48-kutuphane-haftasinin-acilis-toreni-ve-hatay-etkinlik-programi","title":{"rendered":"48. K\u00fct\u00fcphane Haftas\u0131\u2019n\u0131n a\u00e7\u0131l\u0131\u015f t\u00f6reni ve Hatay etkinlik program\u0131"},"content":{"rendered":"<p style=\"text-align: justify;\">\u201cBilgi, Toplumu \u00c7o\u011fulla\u015ft\u0131r\u0131r\u201d temas\u0131yla 26 Mart &#8211; 01Nisan 2012 tarihleri aras\u0131nda kutlanacak olan 48. K\u00fct\u00fcphane Haftas\u0131\u2019n\u0131n a\u00e7\u0131l\u0131\u015f t\u00f6reni ve Hatay etkinlik program\u0131 ayr\u0131nt\u0131lar\u0131 a\u015fa\u011f\u0131daki gibidir.<!--more--><br \/>\nTKD \u015eubelerinin etkinlik programlar\u0131:<\/p>\n<p><strong>48. K\u00fct\u00fcphane Haftas\u0131 Hatay A\u00e7\u0131l\u0131\u015f Program\u0131<\/strong><\/p>\n<p><strong><span style=\"color: #ff0000;\">26 Mart 2012 Pazartesi<\/span><\/strong><br \/>\n10.00 A\u00e7\u0131l\u0131\u015f T\u00f6reni<\/p>\n<p>Sayg\u0131 Duru\u015fu- \u0130stiklal Mar\u015f\u0131<\/p>\n<p>Konser \/ Medeniyetler Korosu<\/p>\n<p><strong>A\u00e7\u0131l\u0131\u015f Konu\u015fmalar\u0131<\/strong><\/p>\n<p>Ali Fuat KARTAL \/ TKD Genel Ba\u015fkan\u0131<\/p>\n<p>Prof. Dr. Onur Bilge KULA \/ K\u00fct\u00fcphaneler ve Yay\u0131mlar Genel M\u00fcd\u00fcr\u00fc V.<\/p>\n<p>Do\u00e7. Dr. L\u00fctf\u00fc SAVA\u015e \/ Antakya Belediye Ba\u015fkan\u0131<\/p>\n<p>Mehmet Celalettin LEKES\u0130Z \/ Hatay Valisi<\/p>\n<p>\u00d6zg\u00fcr \u00d6ZASLAN\/ K\u00fclt\u00fcr ve Turizm Bakanl\u0131\u011f\u0131 M\u00fcste\u015far\u0131<\/p>\n<p><strong>Almanak 2011<\/strong><\/p>\n<p><strong>S\u0131ra D\u0131\u015f\u0131 Okurlar Belgeseli-3<\/strong><\/p>\n<p><strong>Plaket Verilmesi<\/strong><br \/>\nYer:\u00a0 Antakya Meclis K\u00fclt\u00fcr Sanat Merkezi<\/p>\n<p>14.00 Panel:<\/p>\n<p>\u00c7ok K\u00fclt\u00fcrl\u00fcl\u00fck ve K\u00fct\u00fcphaneler<\/p>\n<p>Y\u00f6netici: Prof. Dr. Onur BilgeKULA<\/p>\n<p>Kat\u0131l\u0131mc\u0131lar:<\/p>\n<p>Susanne SCHNEEHORST-Almanya<\/p>\n<p>Tar\u0131k SEDEN-Almanya<\/p>\n<p>Mehmet TEK\u0130N<\/p>\n<p>Yer: Savon Otel Toplant\u0131Salonu<\/p>\n<p>16.30 Hatay Cemil Meri\u00e7 \u0130l Halk K\u00fct\u00fcphanesi\u2019ni Ziyaret<\/p>\n<p><strong><span style=\"color: #ff0000;\">27 Mart 2012 Sal\u0131<\/span><\/strong><br \/>\n10:00 S\u00f6yle\u015fi: \u00c7ok K\u00fclt\u00fcrl\u00fcl\u00fck ve Hatay<\/p>\n<p>Y\u00f6netici:\u00a0 Prof. Dr. Onur Bilge KULA<\/p>\n<p>Ayla KUTLU<\/p>\n<p>Prof. Dr. Ataman DEM\u0130R<\/p>\n<p>Prof. Dr. Arus YUMUL<\/p>\n<p>(K\u00fct\u00fcphane M\u00fcd\u00fcrlerinin Katk\u0131lar\u0131yla)<br \/>\nYer: Savon Otel Toplant\u0131 Salonu<\/p>\n<p><span style=\"color: #0000ff;\"><strong>Kaynak:<\/strong><\/span><br \/>\nT\u00fcrk K\u00fct\u00fcphaneciler Derne\u011fi Genel Ba\u015fkan Yard\u0131mc\u0131s\u0131<br \/>\nAyd\u0131n \u0130leri<br \/>\n<a href=\"http:\/\/twitter.com\/aydinileri\" target=\"_blank\">http:\/\/twitter.com\/aydinileri<\/a><\/p>\n","protected":false},"excerpt":{"rendered":"<p>\u201cBilgi, Toplumu \u00c7o\u011fulla\u015ft\u0131r\u0131r\u201d temas\u0131yla 26 Mart &#8211; 01Nisan 2012 tarihleri aras\u0131nda kutlanacak olan 48. K\u00fct\u00fcphane Haftas\u0131\u2019n\u0131n a\u00e7\u0131l\u0131\u015f t\u00f6reni ve Hatay etkinlik program\u0131 ayr\u0131nt\u0131lar\u0131 a\u015fa\u011f\u0131daki gibidir.<\/p>\n","protected":false},"author":1,"featured_media":0,"comment_status":"open","ping_status":"open","sticky":false,"template":"","format":"standard","meta":{"footnotes":""},"categories":[1469,1476],"tags":[1461],"class_list":["post-3078","post","type-post","status-publish","format-standard","hentry","category-48-kutuphane-haftasi","category-aydin-ileri","tag-kutuphane-haftasi"],"_links":{"self":[{"href":"https:\/\/www.bbyhaber.com\/bby\/wp-json\/wp\/v2\/posts\/3078"}],"collection":[{"href":"https:\/\/www.bbyhaber.com\/bby\/wp-json\/wp\/v2\/posts"}],"about":[{"href":"https:\/\/www.bbyhaber.com\/bby\/wp-json\/wp\/v2\/types\/post"}],"author":[{"embeddable":true,"href":"https:\/\/www.bbyhaber.com\/bby\/wp-json\/wp\/v2\/users\/1"}],"replies":[{"embeddable":true,"href":"https:\/\/www.bbyhaber.com\/bby\/wp-json\/wp\/v2\/comments?post=3078"}],"version-history":[{"count":0,"href":"https:\/\/www.bbyhaber.com\/bby\/wp-json\/wp\/v2\/posts\/3078\/revisions"}],"wp:attachment":[{"href":"https:\/\/www.bbyhaber.com\/bby\/wp-json\/wp\/v2\/media?parent=3078"}],"wp:term":[{"taxonomy":"category","embeddable":true,"href":"https:\/\/www.bbyhaber.com\/bby\/wp-json\/wp\/v2\/categories?post=3078"},{"taxonomy":"post_tag","embeddable":true,"href":"https:\/\/www.bbyhaber.com\/bby\/wp-json\/wp\/v2\/tags?post=3078"}],"curies":[{"name":"wp","href":"https:\/\/api.w.org\/{rel}","templated":true}]}}