{"id":30773,"date":"2022-06-02T09:44:08","date_gmt":"2022-06-02T06:44:08","guid":{"rendered":"https:\/\/www.bbyhaber.com\/bby\/?p=30773"},"modified":"2022-06-15T17:23:01","modified_gmt":"2022-06-15T14:23:01","slug":"istanbul-medeniyet-universitesi-mulakatsiz-1-sozlesmeli-kutuphaneci-alim-ilani-son-basvuru-14-haziran-2022","status":"publish","type":"post","link":"https:\/\/www.bbyhaber.com\/bby\/2022\/06\/02\/istanbul-medeniyet-universitesi-mulakatsiz-1-sozlesmeli-kutuphaneci-alim-ilani-son-basvuru-14-haziran-2022","title":{"rendered":"\u0130stanbul Medeniyet \u00dcniversitesi (M\u00fclakats\u0131z) 1 S\u00f6zle\u015fmeli K\u00fct\u00fcphaneci Al\u0131m \u0130lan\u0131 | Son Ba\u015fvuru: 14 Haziran 2022"},"content":{"rendered":"<p><img loading=\"lazy\" decoding=\"async\" class=\"aligncenter size-medium wp-image-30778\" src=\"https:\/\/www.bbyhaber.com\/bby\/wp-content\/uploads\/2022\/06\/Istanbul-Medeniyet-Universitesi-Mulakatsiz-1-Sozlesmeli-Kutuphaneci-Alim-Ilani-Son-Basvuru-15-Haziran-2022-300x150.png\" alt=\"\" width=\"300\" height=\"150\" srcset=\"https:\/\/www.bbyhaber.com\/bby\/wp-content\/uploads\/2022\/06\/Istanbul-Medeniyet-Universitesi-Mulakatsiz-1-Sozlesmeli-Kutuphaneci-Alim-Ilani-Son-Basvuru-15-Haziran-2022-300x150.png 300w, https:\/\/www.bbyhaber.com\/bby\/wp-content\/uploads\/2022\/06\/Istanbul-Medeniyet-Universitesi-Mulakatsiz-1-Sozlesmeli-Kutuphaneci-Alim-Ilani-Son-Basvuru-15-Haziran-2022-768x384.png 768w, https:\/\/www.bbyhaber.com\/bby\/wp-content\/uploads\/2022\/06\/Istanbul-Medeniyet-Universitesi-Mulakatsiz-1-Sozlesmeli-Kutuphaneci-Alim-Ilani-Son-Basvuru-15-Haziran-2022.png 1024w\" sizes=\"(max-width: 300px) 100vw, 300px\" \/><\/p>\n<p><b><\/b>\u0130stanbul Medeniyet \u00dcniversitesi 657 say\u0131l\u0131 Devlet Memurlar\u0131 Kanunu&#8217;nun 4 \u00fcnc\u00fc maddesinin (B) f\u0131kras\u0131na g\u00f6re S\u00f6zle\u015fmeli Personel olarak istihdam edilmek \u00fczere 06.06.1978 tarihli ve 7\/15754 say\u0131l\u0131 Bakanlar Kurulu Karar\u0131 ile y\u00fcr\u00fcrl\u00fc\u011fe konulan S\u00f6zle\u015fmeli Personel \u00c7al\u0131\u015ft\u0131r\u0131lmas\u0131na \u0130li\u015fkin Esaslar&#8217;\u0131n Ek 2 nci maddesinin (b) f\u0131kras\u0131na g\u00f6re <strong>Yaz\u0131l\u0131 ve\/veya s\u00f6zl\u00fc s\u0131nav yap\u0131lmaks\u0131z\u0131n, 2020 KPSS (B) grubu puan s\u0131ralamas\u0131 esas al\u0131nmak suretiyle<\/strong> (En az 60 puan) s\u00f6zle\u015fmeli personel al\u0131nacakt\u0131r. Al\u0131mlar i\u00e7erisinde <strong>1 S\u00f6zle\u015fmeli K\u00fct\u00fcphaneci<\/strong> kadrosu da bulunmaktad\u0131r.<\/p>\n<p>\u0130lan edilen pozisyonlara ait bilgiler i\u00e7in<strong><u>\u00a0<a href=\"https:\/\/www.bbyhaber.com\/bby\/wp-content\/uploads\/2022\/06\/4b-sozlesmel-personel-alim-lan-metn-mayis-2022.pdf\" target=\"_blank\" rel=\"noopener noreferrer\">t\u0131klay\u0131n\u0131z.\u00a0<\/a><\/u><\/strong><\/p>\n<p>Dilek\u00e7e i\u00e7in <a href=\"https:\/\/www.bbyhaber.com\/bby\/wp-content\/uploads\/2022\/06\/basvuru-dlekce1.docx\" target=\"_blank\" rel=\"noopener noreferrer\">t\u0131klay\u0131n\u0131z.<\/a><b><\/b><\/p>\n<p>&nbsp;<\/p>\n<p><a href=\"https:\/\/personel.medeniyet.edu.tr\/tr\/duyurular\/sozlesmeli-personel-alim-ilani-31-mayis-2022-tarihli-ve-31852-sayili-resmi-gazetede-yayimlanan\" target=\"_blank\" rel=\"noopener noreferrer\">Kaynak<\/a><\/p>\n","protected":false},"excerpt":{"rendered":"<p>\u0130stanbul Medeniyet \u00dcniversitesi 657 say\u0131l\u0131 Devlet Memurlar\u0131 Kanunu&#8217;nun 4 \u00fcnc\u00fc maddesinin (B) f\u0131kras\u0131na g\u00f6re S\u00f6zle\u015fmeli Personel olarak istihdam edilmek \u00fczere 06.06.1978 tarihli ve 7\/15754 say\u0131l\u0131 Bakanlar Kurulu Karar\u0131 ile y\u00fcr\u00fcrl\u00fc\u011fe konulan S\u00f6zle\u015fmeli Personel \u00c7al\u0131\u015ft\u0131r\u0131lmas\u0131na \u0130li\u015fkin Esaslar&#8217;\u0131n Ek 2 nci maddesinin (b) f\u0131kras\u0131na g\u00f6re Yaz\u0131l\u0131 ve\/veya s\u00f6zl\u00fc s\u0131nav yap\u0131lmaks\u0131z\u0131n, 2020 KPSS (B) grubu puan s\u0131ralamas\u0131 esas [&hellip;]<\/p>\n","protected":false},"author":1,"featured_media":30778,"comment_status":"open","ping_status":"open","sticky":false,"template":"","format":"standard","meta":{"footnotes":""},"categories":[1],"tags":[1393],"class_list":["post-30773","post","type-post","status-publish","format-standard","has-post-thumbnail","hentry","category-genel","tag-bby-is-ilanlari-arsivi"],"_links":{"self":[{"href":"https:\/\/www.bbyhaber.com\/bby\/wp-json\/wp\/v2\/posts\/30773"}],"collection":[{"href":"https:\/\/www.bbyhaber.com\/bby\/wp-json\/wp\/v2\/posts"}],"about":[{"href":"https:\/\/www.bbyhaber.com\/bby\/wp-json\/wp\/v2\/types\/post"}],"author":[{"embeddable":true,"href":"https:\/\/www.bbyhaber.com\/bby\/wp-json\/wp\/v2\/users\/1"}],"replies":[{"embeddable":true,"href":"https:\/\/www.bbyhaber.com\/bby\/wp-json\/wp\/v2\/comments?post=30773"}],"version-history":[{"count":5,"href":"https:\/\/www.bbyhaber.com\/bby\/wp-json\/wp\/v2\/posts\/30773\/revisions"}],"predecessor-version":[{"id":30782,"href":"https:\/\/www.bbyhaber.com\/bby\/wp-json\/wp\/v2\/posts\/30773\/revisions\/30782"}],"wp:featuredmedia":[{"embeddable":true,"href":"https:\/\/www.bbyhaber.com\/bby\/wp-json\/wp\/v2\/media\/30778"}],"wp:attachment":[{"href":"https:\/\/www.bbyhaber.com\/bby\/wp-json\/wp\/v2\/media?parent=30773"}],"wp:term":[{"taxonomy":"category","embeddable":true,"href":"https:\/\/www.bbyhaber.com\/bby\/wp-json\/wp\/v2\/categories?post=30773"},{"taxonomy":"post_tag","embeddable":true,"href":"https:\/\/www.bbyhaber.com\/bby\/wp-json\/wp\/v2\/tags?post=30773"}],"curies":[{"name":"wp","href":"https:\/\/api.w.org\/{rel}","templated":true}]}}