{"id":30747,"date":"2022-05-20T23:43:59","date_gmt":"2022-05-20T20:43:59","guid":{"rendered":"https:\/\/www.bbyhaber.com\/bby\/?p=30747"},"modified":"2022-05-20T23:43:59","modified_gmt":"2022-05-20T20:43:59","slug":"kutuphaneler-ile-yayincilar-arasinda-telif-kavgasi","status":"publish","type":"post","link":"https:\/\/www.bbyhaber.com\/bby\/2022\/05\/20\/kutuphaneler-ile-yayincilar-arasinda-telif-kavgasi","title":{"rendered":"K\u00fct\u00fcphaneler ile yay\u0131nc\u0131lar aras\u0131nda telif kavgas\u0131"},"content":{"rendered":"<p><img loading=\"lazy\" decoding=\"async\" class=\"aligncenter size-medium wp-image-30750\" src=\"https:\/\/www.bbyhaber.com\/bby\/wp-content\/uploads\/2022\/05\/20220520_233739_0000-300x157.png\" alt=\"\" width=\"300\" height=\"157\" srcset=\"https:\/\/www.bbyhaber.com\/bby\/wp-content\/uploads\/2022\/05\/20220520_233739_0000-300x157.png 300w, https:\/\/www.bbyhaber.com\/bby\/wp-content\/uploads\/2022\/05\/20220520_233739_0000-1024x536.png 1024w, https:\/\/www.bbyhaber.com\/bby\/wp-content\/uploads\/2022\/05\/20220520_233739_0000-768x402.png 768w, https:\/\/www.bbyhaber.com\/bby\/wp-content\/uploads\/2022\/05\/20220520_233739_0000.png 1200w\" sizes=\"(max-width: 300px) 100vw, 300px\" \/><\/p>\n<p>&nbsp;<\/p>\n<p>DW T\u00fcrk\u00e7e&#8217;nin haberine g\u00f6re yay\u0131nevleri ile vak\u0131f \u00fcniversiteleri aras\u0131nda telif krizi ya\u015fan\u0131yor. Yay\u0131n meslek birlikleri, k\u00fct\u00fcphanelerden verilen \u00f6d\u00fcn\u00e7 kitaplar i\u00e7in 12 Vak\u0131f \u00dcniversitesi&#8217;nden telif \u00fccreti talep etti. \u00dcniversite y\u00f6netimleri ise uygulaman\u0131n e\u011fitim istisnas\u0131 kapsam\u0131nda oldu\u011funu ve bu nedenle telif \u00fccreti istenemeyece\u011fini savundu. 6 Yay\u0131n Meslek Birli\u011fi \u015fimdi itiraz\u0131n\u0131 yarg\u0131ya ta\u015f\u0131maya haz\u0131rlan\u0131yor. Yay\u0131nevleri ile vak\u0131f \u00fcniversitelerini kar\u015f\u0131 kar\u015f\u0131ya getiren telif kavgas\u0131 6 Nisan&#8217;da noterden \u00e7ekilen bir ihtarname ile ba\u015flad\u0131. Yay\u0131nevlerinin b\u00fcy\u00fck bir \u00e7o\u011funlu\u011funu temsil eden 6 Yay\u0131n Meslek Birli\u011fi ortak bir ihtarname haz\u0131rlad\u0131 ve 12 Vak\u0131f \u00dcniversitesi&#8217;nden k\u00fct\u00fcphanelerinden verdikleri \u00f6d\u00fcn\u00e7 kitaplar i\u00e7in telif \u00fccreti talep etti. \u0130htarnamede, \u00fcniversitelerin kitap \u00f6d\u00fcn\u00e7 verilmesinin yan\u0131 s\u0131ra fotokopiyle \u00e7o\u011faltma y\u00f6ntemiyle de 5846 say\u0131l\u0131 Fikir ve Sanat Sanat Eserleri Kanununa ayk\u0131r\u0131 hareket ettikleri \u00f6ne s\u00fcr\u00fcld\u00fc. Bu kapsamda \u00fcniversite k\u00fct\u00fcphaneleri ve di\u011fer tesislerde bulunan ilim ve edebiyat eserlerinin k\u0131smi kopyalanmas\u0131 ve \u00f6d\u00fcn\u00e7 verilmesi faaliyetleri i\u00e7in kanunen telif hakk\u0131 sahiplerinden izin al\u0131nmas\u0131 gerekmektedir \u015feklindeki yasal d\u00fczenleme hat\u0131rlat\u0131ld\u0131.<\/p>\n<p>\u00dcniversite y\u00f6netimleri ise uygulaman\u0131n kamu hizmeti kapsam\u0131nda e\u011fitim istisnas\u0131 oldu\u011funu ve bu nedenle telif hakk\u0131 talep edilemeyece\u011fini savunuyor.<\/p>\n<p>K\u00fct\u00fcphaneciler de yay\u0131n evlerine tepkili.<\/p>\n<p>Meslek birliklerinin sadece vak\u0131f \u00fcniversitelerinin k\u00fct\u00fcphanelerine ihtarname g\u00f6ndermeleri de ayr\u0131ca ilgin\u00e7.<\/p>\n<p>K\u00fct\u00fcphanecilerin telif haklar\u0131na en duyarl\u0131 meslek grubu oldu\u011fu san\u0131r\u0131m meslek birliklerince de kabul edilecektir diyen T\u00fcrk K\u00fct\u00fcphaneciler Derne\u011fi Genel Ba\u015fkan\u0131 Ali Fuat Kartal, k\u00fct\u00fcphanelerin kamu hizmeti verdi\u011fine dikkat \u00e7ekerek &#8220;Sekt\u00f6re en \u00e7ok zarar veren korsan yay\u0131n ve fotokopi ile \u00e7o\u011faltmakla m\u00fccadele etmek varken kamuya \u00fccretsiz hizmet veren k\u00fct\u00fcphanelerin hedef se\u00e7ilmesinin do\u011fru olmad\u0131\u011f\u0131n\u0131 d\u00fc\u015f\u00fcn\u00fcyorum&#8221; dedi.<\/p>\n<p>Yay\u0131nc\u0131lar Telif Haklar\u0131 ve Lisanslama Meslek Birli\u011fi Ba\u015fkan\u0131 Mustafa Aksoy ise e\u011fitim istisnas\u0131n\u0131n ancak y\u00fcz y\u00fcze e\u011fitim s\u0131ras\u0131nda \u00f6\u011frenciye sunulan i\u00e7erikler i\u00e7in ge\u00e7erli olaca\u011f\u0131na dikkat \u00e7ekiyor. Aksoy, \u00f6d\u00fcn\u00e7 al\u0131nan kitab\u0131n fotokopi yoluyla y\u00fczlerce ki\u015fiye verilmesinin e\u011fitim istisnas\u0131 kapsam\u0131nda de\u011ferlendirilemeyece\u011fini belirtiyor. Aksoy, telif \u00fccreti i\u00e7in \u00fcniversitelere sembolik rakamlar \u00f6nerdiklerini ancak bunun da kabul g\u00f6rmedi\u011fini ifade ediyor. K\u00fct\u00fcphanelerin art\u0131k elektronik yay\u0131na y\u00f6neldi\u011fini ve bu alanda telif haklar\u0131n\u0131n zaten \u00f6dendi\u011fini hat\u0131rlatan K\u00fct\u00fcphaneciler Derne\u011fi Ba\u015fkan\u0131 Kartal, bir ba\u015fka noktaya da dikkat \u00e7ekiyor K\u00fct\u00fcphanelerin \u00f6d\u00fcn\u00e7 verme hizmeti kar\u015f\u0131l\u0131\u011f\u0131nda kullan\u0131c\u0131dan herhangi bir \u00fccret talep etmesi k\u00fct\u00fcphanelerin felsefesine de ayk\u0131r\u0131 oldu\u011funu belirtti.<\/p>\n<p>\u00d6te yandan vak\u0131f \u00fcniversiteleriyle yay\u0131n meslek birlikleri aras\u0131nda ya\u015fanan kavgan\u0131n K\u00fclt\u00fcr ve Turizm Bakanl\u0131\u011f\u0131&#8217;na da ta\u015f\u0131nd\u0131\u011f\u0131 \u00f6\u011frenildi. Bakanl\u0131ktaki Telif Haklar\u0131 Genel M\u00fcd\u00fcrl\u00fc\u011f\u00fc&#8217;nde bir toplant\u0131 d\u00fczenlenece\u011fi ve telif haklar\u0131na ili\u015fkin genel sorunlar\u0131n konu\u015fulaca\u011f\u0131 toplant\u0131da, yarg\u0131 s\u00fcrecine varmas\u0131 beklenen bu sorun da masaya yat\u0131r\u0131lacak&#8230;.<\/p>\n<blockquote class=\"twitter-tweet\">\n<p dir=\"ltr\" lang=\"tr\">Vak\u0131f k\u00fct\u00fcphaneleri ile yay\u0131nc\u0131lar aras\u0131nda telif kavgas\u0131<\/p>\n<p>Alt\u0131 yay\u0131n meslek birli\u011fi, 12 vak\u0131f \u00fcniversitesinden, k\u00fct\u00fcphanelerinden verdikleri \u00f6d\u00fcn\u00e7 kitaplar i\u00e7in telif \u00fccreti talep etti<\/p>\n<p>\u00dcniversiteler talebe olumlu yakla\u015fmad\u0131, k\u00fct\u00fcphaneciler de yay\u0131nevlerine tepkili<a href=\"https:\/\/twitter.com\/hashtag\/DWHaber?src=hash&amp;ref_src=twsrc%5Etfw\">#DWHaber<\/a> <a href=\"https:\/\/t.co\/Ps87z3xLWF\">pic.twitter.com\/Ps87z3xLWF<\/a><\/p>\n<p>\u2014 DW T\u00fcrk\u00e7e (@dw_turkce) <a href=\"https:\/\/twitter.com\/dw_turkce\/status\/1526233316319453185?ref_src=twsrc%5Etfw\">May 16, 2022<\/a><\/p><\/blockquote>\n<p><script async src=\"https:\/\/platform.twitter.com\/widgets.js\" charset=\"utf-8\"><\/script><\/p>\n","protected":false},"excerpt":{"rendered":"<p>&nbsp; DW T\u00fcrk\u00e7e&#8217;nin haberine g\u00f6re yay\u0131nevleri ile vak\u0131f \u00fcniversiteleri aras\u0131nda telif krizi ya\u015fan\u0131yor. Yay\u0131n meslek birlikleri, k\u00fct\u00fcphanelerden verilen \u00f6d\u00fcn\u00e7 kitaplar i\u00e7in 12 Vak\u0131f \u00dcniversitesi&#8217;nden telif \u00fccreti talep etti. \u00dcniversite y\u00f6netimleri ise uygulaman\u0131n e\u011fitim istisnas\u0131 kapsam\u0131nda oldu\u011funu ve bu nedenle telif \u00fccreti istenemeyece\u011fini savundu. 6 Yay\u0131n Meslek Birli\u011fi \u015fimdi itiraz\u0131n\u0131 yarg\u0131ya ta\u015f\u0131maya haz\u0131rlan\u0131yor. Yay\u0131nevleri ile vak\u0131f [&hellip;]<\/p>\n","protected":false},"author":129,"featured_media":30750,"comment_status":"open","ping_status":"open","sticky":false,"template":"","format":"standard","meta":{"footnotes":""},"categories":[1],"tags":[],"class_list":["post-30747","post","type-post","status-publish","format-standard","has-post-thumbnail","hentry","category-genel"],"_links":{"self":[{"href":"https:\/\/www.bbyhaber.com\/bby\/wp-json\/wp\/v2\/posts\/30747"}],"collection":[{"href":"https:\/\/www.bbyhaber.com\/bby\/wp-json\/wp\/v2\/posts"}],"about":[{"href":"https:\/\/www.bbyhaber.com\/bby\/wp-json\/wp\/v2\/types\/post"}],"author":[{"embeddable":true,"href":"https:\/\/www.bbyhaber.com\/bby\/wp-json\/wp\/v2\/users\/129"}],"replies":[{"embeddable":true,"href":"https:\/\/www.bbyhaber.com\/bby\/wp-json\/wp\/v2\/comments?post=30747"}],"version-history":[{"count":4,"href":"https:\/\/www.bbyhaber.com\/bby\/wp-json\/wp\/v2\/posts\/30747\/revisions"}],"predecessor-version":[{"id":30752,"href":"https:\/\/www.bbyhaber.com\/bby\/wp-json\/wp\/v2\/posts\/30747\/revisions\/30752"}],"wp:featuredmedia":[{"embeddable":true,"href":"https:\/\/www.bbyhaber.com\/bby\/wp-json\/wp\/v2\/media\/30750"}],"wp:attachment":[{"href":"https:\/\/www.bbyhaber.com\/bby\/wp-json\/wp\/v2\/media?parent=30747"}],"wp:term":[{"taxonomy":"category","embeddable":true,"href":"https:\/\/www.bbyhaber.com\/bby\/wp-json\/wp\/v2\/categories?post=30747"},{"taxonomy":"post_tag","embeddable":true,"href":"https:\/\/www.bbyhaber.com\/bby\/wp-json\/wp\/v2\/tags?post=30747"}],"curies":[{"name":"wp","href":"https:\/\/api.w.org\/{rel}","templated":true}]}}