{"id":30714,"date":"2022-03-27T09:34:02","date_gmt":"2022-03-27T06:34:02","guid":{"rendered":"https:\/\/www.bbyhaber.com\/bby\/?p=30714"},"modified":"2022-03-27T09:34:02","modified_gmt":"2022-03-27T06:34:02","slug":"kultur-ve-turizm-bakanligi-58-kutuphane-haftasi-kutlama-programi","status":"publish","type":"post","link":"https:\/\/www.bbyhaber.com\/bby\/2022\/03\/27\/kultur-ve-turizm-bakanligi-58-kutuphane-haftasi-kutlama-programi","title":{"rendered":"K\u00fclt\u00fcr ve Turizm Bakanl\u0131\u011f\u0131 58. K\u00fct\u00fcphane Haftas\u0131 Kutlama Program\u0131"},"content":{"rendered":"<p><a href=\"https:\/\/www.bbyhaber.com\/bby\/wp-content\/uploads\/2022\/03\/20220327_091818_0000.png\"><img loading=\"lazy\" decoding=\"async\" class=\"aligncenter wp-image-30715 size-full\" src=\"https:\/\/www.bbyhaber.com\/bby\/wp-content\/uploads\/2022\/03\/20220327_091818_0000.png\" alt=\"\" width=\"940\" height=\"788\" srcset=\"https:\/\/www.bbyhaber.com\/bby\/wp-content\/uploads\/2022\/03\/20220327_091818_0000.png 940w, https:\/\/www.bbyhaber.com\/bby\/wp-content\/uploads\/2022\/03\/20220327_091818_0000-300x251.png 300w, https:\/\/www.bbyhaber.com\/bby\/wp-content\/uploads\/2022\/03\/20220327_091818_0000-768x644.png 768w\" sizes=\"(max-width: 940px) 100vw, 940px\" \/><\/a><\/p>\n<p>K\u00fclt\u00fcr ve Turizm Bakanl\u0131\u011f\u0131 taraf\u0131ndan ger\u00e7ekle\u015ftirilecek 58. K\u00fct\u00fcphane Haftas\u0131 A\u00e7\u0131l\u0131\u015f Program\u0131 ve \u00d6d\u00fcl T\u00f6reni; 28 Mart-03 Nisan 2022 tarihleri aras\u0131nda, \u201cK\u00fct\u00fcphanede Hayat Var\u201d ana temas\u0131yla, Ankara CSO Tarihi Salon\u2019da k\u00fct\u00fcphaneciler, ara\u015ft\u0131rmac\u0131lar, akademisyenler, yay\u0131nc\u0131lar, yazarlar, yerel y\u00f6netimler, meslek birlikleri temsilcilerinin kat\u0131l\u0131mlar\u0131 ve Say\u0131n Bakan\u0131m\u0131z Mehmet Nuri ERSOY\u2019un a\u00e7\u0131l\u0131\u015f konu\u015fmalar\u0131 ile ger\u00e7ekle\u015ftirilecektir.<\/p>\n<p><a href=\"https:\/\/www.bbyhaber.com\/bby\/wp-content\/uploads\/2022\/03\/Program_58.-Kutuphane-Haftasi.pdf\">Programa Ula\u015fmak \u0130\u00e7in T\u0131klay\u0131n\u0131z.<\/a><\/p>\n<p>A\u00e7\u0131l\u0131\u015f Program\u0131 ve \u00d6d\u00fcl T\u00f6reni\u2019nde okuma k\u00fclt\u00fcr\u00fcn\u00fcn yayg\u0131nla\u015ft\u0131r\u0131lmas\u0131, kitap okuma ve k\u00fct\u00fcphane kullanma al\u0131\u015fkanl\u0131\u011f\u0131n\u0131n geli\u015ftirilmesi ad\u0131na de\u011ferli \u00e7al\u0131\u015fmalar y\u00fcr\u00fcten ki\u015fi ve kurumlara a\u015fa\u011f\u0131da belirtilen kategorilerde 12 \u00f6d\u00fcl takdim edilecektir.<\/p>\n<ul>\n<li>Y\u0131l\u0131n Okuru \u00d6d\u00fcl\u00fc<\/li>\n<li>Y\u0131l\u0131n K\u00fct\u00fcphanesi \u00d6d\u00fcl\u00fc<\/li>\n<li>\u0130smail Saib Sencer Y\u0131l\u0131n K\u00fct\u00fcphanecisi \u00d6d\u00fcl\u00fc<\/li>\n<li>Y\u0131l\u0131n \u0130\u015f Birli\u011fi \u00d6d\u00fcl\u00fc<\/li>\n<li>Y\u0131l\u0131n K\u00fct\u00fcphane Dostu Belediyesi \u00d6d\u00fcl\u00fc<\/li>\n<li>Y\u0131l\u0131n K\u00fct\u00fcphane Dostu Y\u00f6neticisi \u00d6d\u00fcl\u00fc<\/li>\n<li>Y\u0131l\u0131n Okuma K\u00fclt\u00fcr\u00fcn\u00fcn Geli\u015fimine Katk\u0131 \u00d6d\u00fcl\u00fc<\/li>\n<li>Y\u0131l\u0131n Yenilik\u00e7i Fikri \u00d6d\u00fcl\u00fc<\/li>\n<li>Ali Emiri Efendi Onur \u00d6d\u00fcl\u00fc<\/li>\n<\/ul>\n<p>29 Mart 2022 Sal\u0131 G\u00fcn\u00fc, \u0130stanbul Ahmet Hamdi Tanp\u0131nar Edebiyat M\u00fcze K\u00fct\u00fcphanesinde; Azerbaycan, Arnavutluk, \u0130ngiltere, Kuzey K\u0131br\u0131s T\u00fcrk Cumhuriyeti ve Macaristan\u2019dan konuklar\u0131n kat\u0131l\u0131m\u0131 ile \u201cK\u00fct\u00fcphanede Hayat Var\u201d adl\u0131 panel d\u00fczenlenecek; k\u00fct\u00fcphanecilik alan\u0131nda ya\u015fanan geli\u015fmeler, g\u00fcncel konular uluslararas\u0131 boyutta ele al\u0131nacakt\u0131r.<\/p>\n<p>Hafta etkinlikleri, Mamak Belediyesi i\u015f birli\u011fi ile 31 Mart-01 Nisan 2022 tarihlerinde, Ankara Mamak Musiki Muallim Mektebi\u2019nde d\u00fczenlenecek olan paneller, s\u00f6yle\u015filer, m\u00fczik dinletileri ve at\u00f6lyeler ile tamamlanacakt\u0131r.<\/p>\n<p>&nbsp;<\/p>\n<p><img loading=\"lazy\" decoding=\"async\" class=\"aligncenter size-full wp-image-30720\" src=\"https:\/\/www.bbyhaber.com\/bby\/wp-content\/uploads\/2022\/03\/afis_58.-kutuphane-Haftasi.jpeg\" alt=\"\" width=\"1142\" height=\"1600\" srcset=\"https:\/\/www.bbyhaber.com\/bby\/wp-content\/uploads\/2022\/03\/afis_58.-kutuphane-Haftasi.jpeg 1142w, https:\/\/www.bbyhaber.com\/bby\/wp-content\/uploads\/2022\/03\/afis_58.-kutuphane-Haftasi-214x300.jpeg 214w, https:\/\/www.bbyhaber.com\/bby\/wp-content\/uploads\/2022\/03\/afis_58.-kutuphane-Haftasi-731x1024.jpeg 731w, https:\/\/www.bbyhaber.com\/bby\/wp-content\/uploads\/2022\/03\/afis_58.-kutuphane-Haftasi-768x1076.jpeg 768w, https:\/\/www.bbyhaber.com\/bby\/wp-content\/uploads\/2022\/03\/afis_58.-kutuphane-Haftasi-1096x1536.jpeg 1096w\" sizes=\"(max-width: 1142px) 100vw, 1142px\" \/><\/p>\n","protected":false},"excerpt":{"rendered":"<p>K\u00fclt\u00fcr ve Turizm Bakanl\u0131\u011f\u0131 taraf\u0131ndan ger\u00e7ekle\u015ftirilecek 58. K\u00fct\u00fcphane Haftas\u0131 A\u00e7\u0131l\u0131\u015f Program\u0131 ve \u00d6d\u00fcl T\u00f6reni; 28 Mart-03 Nisan 2022 tarihleri aras\u0131nda, \u201cK\u00fct\u00fcphanede Hayat Var\u201d ana temas\u0131yla, Ankara CSO Tarihi Salon\u2019da k\u00fct\u00fcphaneciler, ara\u015ft\u0131rmac\u0131lar, akademisyenler, yay\u0131nc\u0131lar, yazarlar, yerel y\u00f6netimler, meslek birlikleri temsilcilerinin kat\u0131l\u0131mlar\u0131 ve Say\u0131n Bakan\u0131m\u0131z Mehmet Nuri ERSOY\u2019un a\u00e7\u0131l\u0131\u015f konu\u015fmalar\u0131 ile ger\u00e7ekle\u015ftirilecektir. Programa Ula\u015fmak \u0130\u00e7in T\u0131klay\u0131n\u0131z. A\u00e7\u0131l\u0131\u015f [&hellip;]<\/p>\n","protected":false},"author":1,"featured_media":30715,"comment_status":"open","ping_status":"open","sticky":false,"template":"","format":"standard","meta":{"footnotes":""},"categories":[1],"tags":[1461],"class_list":["post-30714","post","type-post","status-publish","format-standard","has-post-thumbnail","hentry","category-genel","tag-kutuphane-haftasi"],"_links":{"self":[{"href":"https:\/\/www.bbyhaber.com\/bby\/wp-json\/wp\/v2\/posts\/30714"}],"collection":[{"href":"https:\/\/www.bbyhaber.com\/bby\/wp-json\/wp\/v2\/posts"}],"about":[{"href":"https:\/\/www.bbyhaber.com\/bby\/wp-json\/wp\/v2\/types\/post"}],"author":[{"embeddable":true,"href":"https:\/\/www.bbyhaber.com\/bby\/wp-json\/wp\/v2\/users\/1"}],"replies":[{"embeddable":true,"href":"https:\/\/www.bbyhaber.com\/bby\/wp-json\/wp\/v2\/comments?post=30714"}],"version-history":[{"count":8,"href":"https:\/\/www.bbyhaber.com\/bby\/wp-json\/wp\/v2\/posts\/30714\/revisions"}],"predecessor-version":[{"id":30725,"href":"https:\/\/www.bbyhaber.com\/bby\/wp-json\/wp\/v2\/posts\/30714\/revisions\/30725"}],"wp:featuredmedia":[{"embeddable":true,"href":"https:\/\/www.bbyhaber.com\/bby\/wp-json\/wp\/v2\/media\/30715"}],"wp:attachment":[{"href":"https:\/\/www.bbyhaber.com\/bby\/wp-json\/wp\/v2\/media?parent=30714"}],"wp:term":[{"taxonomy":"category","embeddable":true,"href":"https:\/\/www.bbyhaber.com\/bby\/wp-json\/wp\/v2\/categories?post=30714"},{"taxonomy":"post_tag","embeddable":true,"href":"https:\/\/www.bbyhaber.com\/bby\/wp-json\/wp\/v2\/tags?post=30714"}],"curies":[{"name":"wp","href":"https:\/\/api.w.org\/{rel}","templated":true}]}}