{"id":3070,"date":"2012-03-14T10:53:57","date_gmt":"2012-03-14T10:53:57","guid":{"rendered":"http:\/\/www.bbyhaber.com\/bby\/?p=3070"},"modified":"2012-03-14T10:54:29","modified_gmt":"2012-03-14T10:54:29","slug":"bakan-gunay-demreye-kendi-adina-kutuphane-kuracak","status":"publish","type":"post","link":"https:\/\/www.bbyhaber.com\/bby\/2012\/03\/14\/bakan-gunay-demreye-kendi-adina-kutuphane-kuracak","title":{"rendered":"Bakan G\u00fcnay Demre&#8217;ye Kendi Ad\u0131na K\u00fct\u00fcphane Kuracak-Antalya"},"content":{"rendered":"<p style=\"text-align: justify;\">K\u00fclt\u00fcr ve Turizm Bakan\u0131 Ertu\u011frul G\u00fcnay, Antalya&#8217;n\u0131n Demre \u0130l\u00e7esi&#8217;nde kendi ad\u0131na k\u00fct\u00fcphane kuraca\u011f\u0131n\u0131 s\u00f6yledi. K\u00fclt\u00fcr ve Turizm Bakan\u0131 Ertu\u011frul G\u00fcnay, kendi \u00f6zel kitapl\u0131\u011f\u0131ndan Demre Belediyesi K\u00fct\u00fcphanesi&#8217;ne 500 kitap g\u00f6nderdi. Bakan G\u00fcnay&#8217;\u0131n g\u00f6nderdi\u011fi kitaplar\u0131 Demre Kaymakam\u0131 Yusuf \u0130zzet Karaman ve Belediye Ba\u015fkan\u0131 DP&#8217;li S\u00fcleyman Top\u00e7u teslim ald\u0131. DHA muhabirinin telefonla g\u00f6r\u00fc\u015ft\u00fc\u011f\u00fc Bakan G\u00fcnay, g\u00f6nderdi\u011fi kitaplar\u0131n tamam\u0131n\u0131 kendi kitapl\u0131\u011f\u0131ndan se\u00e7ti\u011fini s\u00f6yledi. Kitap say\u0131s\u0131n\u0131 5 bine tamamlamak istedi\u011fini kaydeden Bakan G\u00fcnay, &#8220;\u015eu anda planlamas\u0131 yap\u0131lan, Demre Belediye Saray\u0131 ve K\u00fclt\u00fcr Merkezi&#8217;nde kendi olanaklar\u0131mla bir &#8216;Ertu\u011frul G\u00fcnay K\u00fct\u00fcphanesi&#8217; kurmak istiyorum. Demre, tarihi ve turistik bir kent. Bu nedenle k\u00fct\u00fcphanede a\u011f\u0131rl\u0131kl\u0131 olarak tarih, arkeoloji ve sanat kitaplar\u0131 yer alacak. Tabii ki bunlar\u0131n yan\u0131nda roman, \u00f6yk\u00fc ve \u015fiir kitaplar\u0131 da bulunacak&#8221; diye konu\u015ftu.<\/p>\n<p style=\"text-align: justify;\">Kaymakam Yusuf \u0130zzet Karaman ise Bakan G\u00fcnay&#8217;\u0131n \u015fu ana kadar 2 bin 500 kitap g\u00f6nderdi\u011fini belirtti. Karaman, &#8220;Bu sayede Belediye K\u00fct\u00fcphanesi zenginle\u015fti. \u00c7ok iyi bir k\u00fct\u00fcphaneye kavu\u015ftuk, kendisine Demreliler ad\u0131na te\u015fekk\u00fcr ediyoruz&#8221; dedi.<\/p>\n<p style=\"text-align: justify;\">Kaynak: http:\/\/www.haberler.com<\/p>\n","protected":false},"excerpt":{"rendered":"<p>K\u00fclt\u00fcr ve Turizm Bakan\u0131 Ertu\u011frul G\u00fcnay, Antalya&#8217;n\u0131n Demre \u0130l\u00e7esi&#8217;nde kendi ad\u0131na k\u00fct\u00fcphane kuraca\u011f\u0131n\u0131 s\u00f6yledi. K\u00fclt\u00fcr ve Turizm Bakan\u0131 Ertu\u011frul G\u00fcnay, kendi \u00f6zel kitapl\u0131\u011f\u0131ndan Demre Belediyesi K\u00fct\u00fcphanesi&#8217;ne 500 kitap g\u00f6nderdi. Bakan G\u00fcnay&#8217;\u0131n g\u00f6nderdi\u011fi kitaplar\u0131 Demre Kaymakam\u0131 Yusuf \u0130zzet Karaman ve Belediye Ba\u015fkan\u0131 DP&#8217;li S\u00fcleyman Top\u00e7u teslim ald\u0131. DHA muhabirinin telefonla g\u00f6r\u00fc\u015ft\u00fc\u011f\u00fc Bakan G\u00fcnay, g\u00f6nderdi\u011fi kitaplar\u0131n tamam\u0131n\u0131 [&hellip;]<\/p>\n","protected":false},"author":1,"featured_media":0,"comment_status":"open","ping_status":"open","sticky":false,"template":"","format":"standard","meta":{"footnotes":""},"categories":[1],"tags":[],"class_list":["post-3070","post","type-post","status-publish","format-standard","hentry","category-genel"],"_links":{"self":[{"href":"https:\/\/www.bbyhaber.com\/bby\/wp-json\/wp\/v2\/posts\/3070"}],"collection":[{"href":"https:\/\/www.bbyhaber.com\/bby\/wp-json\/wp\/v2\/posts"}],"about":[{"href":"https:\/\/www.bbyhaber.com\/bby\/wp-json\/wp\/v2\/types\/post"}],"author":[{"embeddable":true,"href":"https:\/\/www.bbyhaber.com\/bby\/wp-json\/wp\/v2\/users\/1"}],"replies":[{"embeddable":true,"href":"https:\/\/www.bbyhaber.com\/bby\/wp-json\/wp\/v2\/comments?post=3070"}],"version-history":[{"count":0,"href":"https:\/\/www.bbyhaber.com\/bby\/wp-json\/wp\/v2\/posts\/3070\/revisions"}],"wp:attachment":[{"href":"https:\/\/www.bbyhaber.com\/bby\/wp-json\/wp\/v2\/media?parent=3070"}],"wp:term":[{"taxonomy":"category","embeddable":true,"href":"https:\/\/www.bbyhaber.com\/bby\/wp-json\/wp\/v2\/categories?post=3070"},{"taxonomy":"post_tag","embeddable":true,"href":"https:\/\/www.bbyhaber.com\/bby\/wp-json\/wp\/v2\/tags?post=3070"}],"curies":[{"name":"wp","href":"https:\/\/api.w.org\/{rel}","templated":true}]}}