{"id":3066,"date":"2012-03-14T08:16:56","date_gmt":"2012-03-14T08:16:56","guid":{"rendered":"http:\/\/www.bbyhaber.com\/bby\/?p=3066"},"modified":"2013-03-06T12:03:03","modified_gmt":"2013-03-06T10:03:03","slug":"kutuphanecilerin-magduriyetinin-giderilmesi-icin-hukuksal-girisimler-baslatildi-egitim-sen","status":"publish","type":"post","link":"https:\/\/www.bbyhaber.com\/bby\/2012\/03\/14\/kutuphanecilerin-magduriyetinin-giderilmesi-icin-hukuksal-girisimler-baslatildi-egitim-sen","title":{"rendered":"K\u00fct\u00fcphanecilerin Ma\u011fduriyetinin Giderilmesi \u0130\u00e7in Hukuksal Giri\u015fimler Ba\u015flat\u0131ld\u0131-E\u011fitim-Sen"},"content":{"rendered":"<p style=\"text-align: justify;\">10.12.2010 g\u00fcn ve 27781 say\u0131l\u0131 Resmi Gazete\u2019de yay\u0131mlanan 27.9.2010 g\u00fcnl\u00fc, 2010\/1092 say\u0131l\u0131 Bakanlar Kurulu karar\u0131 ile genel idari hizmetler s\u0131n\u0131f\u0131nda yer alan k\u00fct\u00fcphaneci, ar\u015fivci, kitap patologu ve sosyolog unvanlar\u0131n\u0131n hizmet s\u0131n\u0131f\u0131 teknik hizmetler s\u0131n\u0131f\u0131 olarak de\u011fi\u015ftirilmi\u015ftir. 4.7.2011 g\u00fcn ve 27984 say\u0131l\u0131(m\u00fckerrer) Resmi Gazete\u2019de yay\u0131mlanan 644 say\u0131l\u0131 Kanun H\u00fckm\u00fcnde Kararname uyar\u0131nca 29.6.2011 tarihli Bakanlar Kurulu karar\u0131 ile folklar ara\u015ft\u0131rmac\u0131s\u0131, m\u00fcze ara\u015ft\u0131rmac\u0131s\u0131, k\u00fct\u00fcphaneci, ar\u015fivci, kitap patalogu ve sosyolog unvanl\u0131 kadrolar\u0131n s\u0131n\u0131f\u0131 Teknik Hizmetler S\u0131n\u0131f\u0131 olarak de\u011fi\u015ftirilmi\u015ftir.<!--more--> Bu d\u00fczenlemelerin ard\u0131ndan k\u00fct\u00fcphanecilerin parasal haklar\u0131n\u0131 baz\u0131 kurumlar 17.4.2006 tarihli ve 2006\/10344 say\u0131l\u0131 Bakanlar Kurulu Karar\u0131n\u0131n ekinde yer alan 1 Say\u0131l\u0131 Cetvelin (B)Teknik Hizmetler B\u00f6l\u00fcm\u00fcn\u00fcn 4.s\u0131ras\u0131nda ve 2 Say\u0131l\u0131 Cetvelin (E) Teknik Hizmetler B\u00f6l\u00fcm\u00fcn\u00fcn 1\/d maddesinden \u00f6demeye ba\u015flanm\u0131\u015f, baz\u0131lar\u0131 ise herhangi bir de\u011fi\u015fikli\u011fe gitmeyerek genel idare hizmetleri s\u0131n\u0131f\u0131na g\u00f6re \u00f6demeye devam etmi\u015ftir. Bu sorunun 10.1.2012 g\u00fcn ve 28169 say\u0131l\u0131 Resmi Gazete\u2019de yay\u0131mlanan Kamu Personelinin Maa\u015flar\u0131n\u0131n Hesab\u0131na Esas Tutulan Katsay\u0131lar\u0131n Yeniden Tespiti ve \u0130lgili Mevzuat\u0131 Uyar\u0131nca \u0130stihdam Edilen S\u00f6zle\u015fmeli Personelin \u00dccretlerinin Art\u0131r\u0131lmas\u0131, Devlet Memurlar\u0131na \u00d6denecek Zam ve Tazminatlar ile Baz\u0131 Kararlarda De\u011fi\u015fiklik Yap\u0131lmas\u0131na \u0130li\u015fkin Karar ile \u00e7\u00f6z\u00fclece\u011fini beklentisi de kar\u015f\u0131l\u0131k bulmam\u0131\u015ft\u0131r. \u00c7\u00fcnk\u00fc an\u0131lan Karar\u2019\u0131n \u201cDevlet memurlar\u0131na \u00f6denecek zam ve tazminatlar\u201d ba\u015fl\u0131kl\u0131 4.maddenin 1.bendiyle 17.4.2006 g\u00fcn ve 2006\/10344 say\u0131l\u0131 Bakanlar Kurulu Karar\u0131 ile y\u00fcr\u00fcrl\u00fc\u011fe konulan Devlet Memurlar\u0131na \u00d6denecek Zam ve Tazminatlara \u0130li\u015fkin Karar\u2019\u0131n 2012 y\u0131l\u0131nda da devam edece\u011fi belirtilmi\u015ftir. Dolay\u0131s\u0131yla k\u00fct\u00fcphanecilerin teknik hizmetler s\u0131n\u0131f\u0131na ge\u00e7i\u015fi bu karardan \u00e7ok sonra ger\u00e7ekle\u015fti\u011finden bu ge\u00e7i\u015fin hi\u00e7bir \u015fekilde yans\u0131mas\u0131 olmam\u0131\u015ft\u0131r.<\/p>\n<p style=\"text-align: justify;\">Bu nedenle sendikam\u0131z 10.1.2012 g\u00fcn ve 28169 say\u0131l\u0131 Resmi Gazete\u2019de yay\u0131mlanan Kamu Personelinin Maa\u015flar\u0131n\u0131n Hesab\u0131na Esas Tutulan Katsay\u0131lar\u0131n Yeniden Tespiti ve \u0130lgili Mevzuat\u0131 Uyar\u0131nca \u0130stihdam Edilen S\u00f6zle\u015fmeli Personelin \u00dccretlerinin Art\u0131r\u0131lmas\u0131, Devlet Memurlar\u0131na \u00d6denecek Zam ve Tazminatlar ile Baz\u0131 Kararlarda De\u011fi\u015fiklik Yap\u0131lmas\u0131na \u0130li\u015fkin Karar\u2019\u0131n \u201cDevlet memurlar\u0131na \u00f6denecek zam ve tazminatlar\u201d ba\u015fl\u0131kl\u0131 4.maddenin 1.bendiyle 2012 y\u0131l\u0131nda da devam edece\u011fi belirtilen 17.4.2006 tarihli ve 2006\/10344 say\u0131l\u0131 Bakanlar Kurulu Karar\u0131n\u0131n ekinde yer alan 1 Say\u0131l\u0131 Cetvelin (B)Teknik Hizmetler B\u00f6l\u00fcm\u00fcn\u00fcn 3.s\u0131ras\u0131nda k\u00fct\u00fcphaneciye yer vermemek suretiyle eksik d\u00fczenlemenin ve 2 Say\u0131l\u0131 Cetvelin (E) Teknik Hizmetler B\u00f6l\u00fcm\u00fcn\u00fcn 1\/c maddesinde k\u00fct\u00fcphaneciye yer vermemek suretiyle eksik d\u00fczenlemenin iptali ve y\u00fcr\u00fctmesinin durdurulmas\u0131 istemiyle Dan\u0131\u015ftay\u2019a dava a\u00e7m\u0131\u015ft\u0131r. Ayn\u0131 \u015fekilde k\u00fct\u00fcphaneci unvan\u0131yla g\u00f6rev yapan bir \u00fcyemiz ad\u0131na da 2012 y\u0131l\u0131 \u015eubat ay\u0131 maa\u015f\u0131n\u0131n eksik \u00f6denmesine ili\u015fkin i\u015flem ile bu i\u015flemin dayana\u011f\u0131 olan 10.1.2012 g\u00fcn ve 28169 say\u0131l\u0131 Resmi Gazete\u2019de yay\u0131mlanan Kamu Personelinin Maa\u015flar\u0131n\u0131n Hesab\u0131na Esas Tutulan Katsay\u0131lar\u0131n Yeniden Tespiti ve \u0130lgili Mevzuat\u0131 Uyar\u0131nca \u0130stihdam Edilen S\u00f6zle\u015fmeli Personelin \u00dccretlerinin Art\u0131r\u0131lmas\u0131, Devlet Memurlar\u0131na \u00d6denecek Zam ve Tazminatlar ile Baz\u0131 Kararlarda De\u011fi\u015fiklik Yap\u0131lmas\u0131na \u0130li\u015fkin Karar\u2019\u0131n \u201cDevlet memurlar\u0131na \u00f6denecek zam ve tazminatlar\u201d ba\u015fl\u0131kl\u0131 4.maddenin 1.bendiyle 2012 y\u0131l\u0131nda da devam edece\u011fi belirtilen 17.4.2006 tarihli ve 2006\/10344 say\u0131l\u0131 Bakanlar Kurulu Karar\u0131n\u0131n ekinde yer alan 1 Say\u0131l\u0131 Cetvelin (B)Teknik Hizmetler B\u00f6l\u00fcm\u00fcn\u00fcn 4.s\u0131ras\u0131nda yer alan \u201cmesleki teknik\u201d ibaresinin ve 2 Say\u0131l\u0131 Cetvelin (E) Teknik Hizmetler B\u00f6l\u00fcm\u00fcn\u00fcn 1\/d maddesinde \u201cmesleki teknik\u201d ibaresinin iptali, yoksun kal\u0131nan parasal haklar\u0131n yasal faiziyle \u00f6denmesi ve \u00f6ncelikle y\u00fcr\u00fctmenin durdurulmas\u0131 istemiyle Dan\u0131\u015ftay\u2019a ikinci bir dava daha a\u00e7\u0131lm\u0131\u015ft\u0131r.<\/p>\n<p style=\"text-align: justify;\">Kaynak: http:\/\/www.egitimsen.org.tr<\/p>\n","protected":false},"excerpt":{"rendered":"<p>10.12.2010 g\u00fcn ve 27781 say\u0131l\u0131 Resmi Gazete\u2019de yay\u0131mlanan 27.9.2010 g\u00fcnl\u00fc, 2010\/1092 say\u0131l\u0131 Bakanlar Kurulu karar\u0131 ile genel idari hizmetler s\u0131n\u0131f\u0131nda yer alan k\u00fct\u00fcphaneci, ar\u015fivci, kitap patologu ve sosyolog unvanlar\u0131n\u0131n hizmet s\u0131n\u0131f\u0131 teknik hizmetler s\u0131n\u0131f\u0131 olarak de\u011fi\u015ftirilmi\u015ftir. 4.7.2011 g\u00fcn ve 27984 say\u0131l\u0131(m\u00fckerrer) Resmi Gazete\u2019de yay\u0131mlanan 644 say\u0131l\u0131 Kanun H\u00fckm\u00fcnde Kararname uyar\u0131nca 29.6.2011 tarihli Bakanlar Kurulu karar\u0131 [&hellip;]<\/p>\n","protected":false},"author":1,"featured_media":0,"comment_status":"open","ping_status":"open","sticky":false,"template":"","format":"standard","meta":{"footnotes":""},"categories":[1505],"tags":[1398,51,50],"class_list":["post-3066","post","type-post","status-publish","format-standard","hentry","category-teknik-kadro","tag-bby-ozluk-haklari","tag-teknik-kadro-kutuphaneci","tag-ths-kutuphaneci"],"_links":{"self":[{"href":"https:\/\/www.bbyhaber.com\/bby\/wp-json\/wp\/v2\/posts\/3066"}],"collection":[{"href":"https:\/\/www.bbyhaber.com\/bby\/wp-json\/wp\/v2\/posts"}],"about":[{"href":"https:\/\/www.bbyhaber.com\/bby\/wp-json\/wp\/v2\/types\/post"}],"author":[{"embeddable":true,"href":"https:\/\/www.bbyhaber.com\/bby\/wp-json\/wp\/v2\/users\/1"}],"replies":[{"embeddable":true,"href":"https:\/\/www.bbyhaber.com\/bby\/wp-json\/wp\/v2\/comments?post=3066"}],"version-history":[{"count":0,"href":"https:\/\/www.bbyhaber.com\/bby\/wp-json\/wp\/v2\/posts\/3066\/revisions"}],"wp:attachment":[{"href":"https:\/\/www.bbyhaber.com\/bby\/wp-json\/wp\/v2\/media?parent=3066"}],"wp:term":[{"taxonomy":"category","embeddable":true,"href":"https:\/\/www.bbyhaber.com\/bby\/wp-json\/wp\/v2\/categories?post=3066"},{"taxonomy":"post_tag","embeddable":true,"href":"https:\/\/www.bbyhaber.com\/bby\/wp-json\/wp\/v2\/tags?post=3066"}],"curies":[{"name":"wp","href":"https:\/\/api.w.org\/{rel}","templated":true}]}}