{"id":30659,"date":"2022-03-09T08:24:04","date_gmt":"2022-03-09T05:24:04","guid":{"rendered":"https:\/\/www.bbyhaber.com\/bby\/?p=30659"},"modified":"2023-10-17T16:40:41","modified_gmt":"2023-10-17T13:40:41","slug":"465-sozlesmeli-kutuphaneci-alinacagi-bilgisi-paylasildi","status":"publish","type":"post","link":"https:\/\/www.bbyhaber.com\/bby\/2022\/03\/09\/465-sozlesmeli-kutuphaneci-alinacagi-bilgisi-paylasildi","title":{"rendered":"465 S\u00f6zle\u015fmeli K\u00fct\u00fcphaneci al\u0131naca\u011f\u0131 bilgisi payla\u015f\u0131ld\u0131"},"content":{"rendered":"<p>K\u00fclt\u00fcr Memur-Sen Genel Ba\u015fkan\u0131 Mecit Erdo\u011fan, sosyal medya hesab\u0131 \u00fczerinden bir <a href=\"https:\/\/twitter.com\/erdoganmecit\/status\/1501305846051094530?t=kCQX_b8xifInEpm0qQMCpA&amp;s=19\" target=\"_blank\" rel=\"noopener noreferrer\">bilgi notu payla\u015ft\u0131.<\/a><\/p>\n<p>Bu bilgiye g\u00f6re Cumhurba\u015fkanl\u0131\u011f\u0131ndan al\u0131nan 1200 ki\u015filik kadronun onayland\u0131\u011f\u0131n\u0131 4B S\u00f6zle\u015fmeli stat\u00fcs\u00fcnde <strong>465 S\u00f6zle\u015fmeli K\u00fct\u00fcphaneci<\/strong> al\u0131naca\u011f\u0131 bilgisini verdi.<!--more--><\/p>\n<p>&nbsp;<\/p>\n<p>&nbsp;<\/p>\n<p>&nbsp;<\/p>\n<p>&nbsp;<\/p>\n<blockquote class=\"twitter-tweet\">\n<p dir=\"ltr\" lang=\"tr\">Atama Bekleyenlere M\u00fcjde,<br \/>\nK\u00fclt\u00fcr ve Turizm Bakanl\u0131\u011f\u0131nca Cumhurba\u015fkanl\u0131\u011f\u0131ndan al\u0131nan 1200 ki\u015filik kadronun da\u011f\u0131l\u0131m\u0131;<br \/>\nHay\u0131rl\u0131 Olsun&#8230;<a href=\"https:\/\/twitter.com\/KltrMemur?ref_src=twsrc%5Etfw\">@KltrMemur<\/a> <a href=\"https:\/\/t.co\/ocxxUO22zB\">pic.twitter.com\/ocxxUO22zB<\/a><\/p>\n<p>\u2014 Mecit Erdo\u011fan (@erdoganmecit) <a href=\"https:\/\/twitter.com\/erdoganmecit\/status\/1501305846051094530?ref_src=twsrc%5Etfw\">March 8, 2022<\/a><\/p><\/blockquote>\n<p><script async src=\"https:\/\/platform.twitter.com\/widgets.js\" charset=\"utf-8\"><\/script><\/p>\n<p>&nbsp;<\/p>\n<p><a href=\"https:\/\/www.bbyhaber.com\/bby\/wp-content\/uploads\/2022\/03\/IMG_20220309_081704.jpg\" target=\"_blank\" rel=\"https:\/\/twitter.com\/erdoganmecit\/status\/1501305846051094530?t=dZynmHtzvb8I2sDPWvCFUg&amp;s=19 noopener noreferrer\"><img loading=\"lazy\" decoding=\"async\" class=\"aligncenter wp-image-30661 size-full\" src=\"https:\/\/www.bbyhaber.com\/bby\/wp-content\/uploads\/2022\/03\/IMG_20220309_081704.jpg\" alt=\"\" width=\"1080\" height=\"1847\" srcset=\"https:\/\/www.bbyhaber.com\/bby\/wp-content\/uploads\/2022\/03\/IMG_20220309_081704.jpg 1080w, https:\/\/www.bbyhaber.com\/bby\/wp-content\/uploads\/2022\/03\/IMG_20220309_081704-175x300.jpg 175w, https:\/\/www.bbyhaber.com\/bby\/wp-content\/uploads\/2022\/03\/IMG_20220309_081704-599x1024.jpg 599w, https:\/\/www.bbyhaber.com\/bby\/wp-content\/uploads\/2022\/03\/IMG_20220309_081704-768x1313.jpg 768w, https:\/\/www.bbyhaber.com\/bby\/wp-content\/uploads\/2022\/03\/IMG_20220309_081704-898x1536.jpg 898w\" sizes=\"(max-width: 1080px) 100vw, 1080px\" \/><\/a><\/p>\n<p>&nbsp;<\/p>\n","protected":false},"excerpt":{"rendered":"<p>K\u00fclt\u00fcr Memur-Sen Genel Ba\u015fkan\u0131 Mecit Erdo\u011fan, sosyal medya hesab\u0131 \u00fczerinden bir bilgi notu payla\u015ft\u0131. Bu bilgiye g\u00f6re Cumhurba\u015fkanl\u0131\u011f\u0131ndan al\u0131nan 1200 ki\u015filik kadronun onayland\u0131\u011f\u0131n\u0131 4B S\u00f6zle\u015fmeli stat\u00fcs\u00fcnde 465 S\u00f6zle\u015fmeli K\u00fct\u00fcphaneci al\u0131naca\u011f\u0131 bilgisini verdi.<\/p>\n","protected":false},"author":384724,"featured_media":30663,"comment_status":"open","ping_status":"open","sticky":false,"template":"","format":"standard","meta":{"footnotes":""},"categories":[31,1],"tags":[],"class_list":["post-30659","post","type-post","status-publish","format-standard","has-post-thumbnail","hentry","category-bbykpss","category-genel"],"_links":{"self":[{"href":"https:\/\/www.bbyhaber.com\/bby\/wp-json\/wp\/v2\/posts\/30659"}],"collection":[{"href":"https:\/\/www.bbyhaber.com\/bby\/wp-json\/wp\/v2\/posts"}],"about":[{"href":"https:\/\/www.bbyhaber.com\/bby\/wp-json\/wp\/v2\/types\/post"}],"author":[{"embeddable":true,"href":"https:\/\/www.bbyhaber.com\/bby\/wp-json\/wp\/v2\/users\/384724"}],"replies":[{"embeddable":true,"href":"https:\/\/www.bbyhaber.com\/bby\/wp-json\/wp\/v2\/comments?post=30659"}],"version-history":[{"count":5,"href":"https:\/\/www.bbyhaber.com\/bby\/wp-json\/wp\/v2\/posts\/30659\/revisions"}],"predecessor-version":[{"id":30830,"href":"https:\/\/www.bbyhaber.com\/bby\/wp-json\/wp\/v2\/posts\/30659\/revisions\/30830"}],"wp:featuredmedia":[{"embeddable":true,"href":"https:\/\/www.bbyhaber.com\/bby\/wp-json\/wp\/v2\/media\/30663"}],"wp:attachment":[{"href":"https:\/\/www.bbyhaber.com\/bby\/wp-json\/wp\/v2\/media?parent=30659"}],"wp:term":[{"taxonomy":"category","embeddable":true,"href":"https:\/\/www.bbyhaber.com\/bby\/wp-json\/wp\/v2\/categories?post=30659"},{"taxonomy":"post_tag","embeddable":true,"href":"https:\/\/www.bbyhaber.com\/bby\/wp-json\/wp\/v2\/tags?post=30659"}],"curies":[{"name":"wp","href":"https:\/\/api.w.org\/{rel}","templated":true}]}}