{"id":30650,"date":"2022-03-08T13:59:02","date_gmt":"2022-03-08T10:59:02","guid":{"rendered":"https:\/\/www.bbyhaber.com\/bby\/?p=30650"},"modified":"2023-10-17T16:40:41","modified_gmt":"2023-10-17T13:40:41","slug":"58-kutuphane-haftasi-kariyer-gunu-etkinligi","status":"publish","type":"post","link":"https:\/\/www.bbyhaber.com\/bby\/2022\/03\/08\/58-kutuphane-haftasi-kariyer-gunu-etkinligi","title":{"rendered":"58. K\u00fct\u00fcphane Haftas\u0131 Kariyer G\u00fcn\u00fc Etkinli\u011fi"},"content":{"rendered":"<p><a href=\"https:\/\/libguides.ku.edu.tr\/kariyer_fuari_2022\/\" target=\"_blank\" rel=\"https:\/\/libguides.ku.edu.tr\/kariyer_fuari_2022\/ noopener noreferrer\"><img loading=\"lazy\" decoding=\"async\" class=\"alignleft wp-image-30651 size-medium\" src=\"https:\/\/www.bbyhaber.com\/bby\/wp-content\/uploads\/2022\/03\/2022kariyerbbyfuari-212x300.jpg\" alt=\"\" width=\"212\" height=\"300\" srcset=\"https:\/\/www.bbyhaber.com\/bby\/wp-content\/uploads\/2022\/03\/2022kariyerbbyfuari-212x300.jpg 212w, https:\/\/www.bbyhaber.com\/bby\/wp-content\/uploads\/2022\/03\/2022kariyerbbyfuari-724x1024.jpg 724w, https:\/\/www.bbyhaber.com\/bby\/wp-content\/uploads\/2022\/03\/2022kariyerbbyfuari-768x1086.jpg 768w, https:\/\/www.bbyhaber.com\/bby\/wp-content\/uploads\/2022\/03\/2022kariyerbbyfuari-1086x1536.jpg 1086w, https:\/\/www.bbyhaber.com\/bby\/wp-content\/uploads\/2022\/03\/2022kariyerbbyfuari-1448x2048.jpg 1448w, https:\/\/www.bbyhaber.com\/bby\/wp-content\/uploads\/2022\/03\/2022kariyerbbyfuari-scaled.jpg 1810w\" sizes=\"(max-width: 212px) 100vw, 212px\" \/><\/a>58. K\u00fct\u00fcphane Haftas\u0131 kapsam\u0131nda, Ko\u00e7 \u00dcniversitesi Suna K\u0131ra\u00e7 K\u00fct\u00fcphanesi taraf\u0131ndan\u00a0d\u00fczenlenen \u201cKariyer Fuar\u0131 2022\u201d etkinli\u011fimiz \u00fcniversite fark\u0131 g\u00f6zetmeden, T\u00fcrkiye\u2019deki t\u00fcm Bilgi ve Belge Y\u00f6netimi \u00f6\u011frencilerine ve mesle\u011fe yeni ad\u0131m atm\u0131\u015f meslekta\u015flar\u0131m\u0131za y\u00f6neliktir.<\/p>\n<p>Etkinlik, 1 Nisan 2022 Cuma g\u00fcn\u00fc saat 10:00-16:00 saatleri aras\u0131nda online olarak ger\u00e7ekle\u015ftirilecektir. Bilgi ve Belge Y\u00f6netimi lisans diplomas\u0131 ile hayata at\u0131lan bir gencin takip edilebilece\u011fi birbirinden farkl\u0131 20 kariyer se\u00e7ene\u011fine mensup, alan\u0131nda uzman 20 konu\u015fmac\u0131n\u0131n yer alaca\u011f\u0131 program i\u00e7in Zoom platformu kullan\u0131lacakt\u0131r. Her konu\u015fmac\u0131 kendisi i\u00e7in a\u00e7\u0131lan ayr\u0131 bir oturumda (break out room\u2019da) kat\u0131l\u0131mc\u0131larla bir araya gelecektir. Her oturum 45 dakika s\u00fcrecektir. Sorulmak istenen sorular, oturum sonunda sorulabilecektir. Ayn\u0131 anda 5 break-out room\u2019un yer alaca\u011f\u0131 4 oturum saati g\u00fcn i\u00e7inde planlanmaktad\u0131r.<\/p>\n<p><span id=\"s-lg-guide-description\">A\u015fa\u011f\u0131daki ba\u011flant\u0131da etkinli\u011fe dair t\u00fcm ayr\u0131nt\u0131lar bulunmaktad\u0131r.<\/span><\/p>\n<p><a href=\"https:\/\/libguides.ku.edu.tr\/kariyer_fuari_2022\/\" target=\"_blank\" rel=\"noopener noreferrer\">https:\/\/libguides.ku.edu.tr\/kariyer_fuari_2022\/<\/a><\/p>\n","protected":false},"excerpt":{"rendered":"<p>58. K\u00fct\u00fcphane Haftas\u0131 kapsam\u0131nda, Ko\u00e7 \u00dcniversitesi Suna K\u0131ra\u00e7 K\u00fct\u00fcphanesi taraf\u0131ndan\u00a0d\u00fczenlenen \u201cKariyer Fuar\u0131 2022\u201d etkinli\u011fimiz \u00fcniversite fark\u0131 g\u00f6zetmeden, T\u00fcrkiye\u2019deki t\u00fcm Bilgi ve Belge Y\u00f6netimi \u00f6\u011frencilerine ve mesle\u011fe yeni ad\u0131m atm\u0131\u015f meslekta\u015flar\u0131m\u0131za y\u00f6neliktir. Etkinlik, 1 Nisan 2022 Cuma g\u00fcn\u00fc saat 10:00-16:00 saatleri aras\u0131nda online olarak ger\u00e7ekle\u015ftirilecektir. Bilgi ve Belge Y\u00f6netimi lisans diplomas\u0131 ile hayata at\u0131lan bir gencin [&hellip;]<\/p>\n","protected":false},"author":384724,"featured_media":30652,"comment_status":"open","ping_status":"open","sticky":false,"template":"","format":"standard","meta":{"footnotes":""},"categories":[1],"tags":[1409],"class_list":["post-30650","post","type-post","status-publish","format-standard","has-post-thumbnail","hentry","category-genel","tag-bby-ogrencileri"],"_links":{"self":[{"href":"https:\/\/www.bbyhaber.com\/bby\/wp-json\/wp\/v2\/posts\/30650"}],"collection":[{"href":"https:\/\/www.bbyhaber.com\/bby\/wp-json\/wp\/v2\/posts"}],"about":[{"href":"https:\/\/www.bbyhaber.com\/bby\/wp-json\/wp\/v2\/types\/post"}],"author":[{"embeddable":true,"href":"https:\/\/www.bbyhaber.com\/bby\/wp-json\/wp\/v2\/users\/384724"}],"replies":[{"embeddable":true,"href":"https:\/\/www.bbyhaber.com\/bby\/wp-json\/wp\/v2\/comments?post=30650"}],"version-history":[{"count":4,"href":"https:\/\/www.bbyhaber.com\/bby\/wp-json\/wp\/v2\/posts\/30650\/revisions"}],"predecessor-version":[{"id":30658,"href":"https:\/\/www.bbyhaber.com\/bby\/wp-json\/wp\/v2\/posts\/30650\/revisions\/30658"}],"wp:featuredmedia":[{"embeddable":true,"href":"https:\/\/www.bbyhaber.com\/bby\/wp-json\/wp\/v2\/media\/30652"}],"wp:attachment":[{"href":"https:\/\/www.bbyhaber.com\/bby\/wp-json\/wp\/v2\/media?parent=30650"}],"wp:term":[{"taxonomy":"category","embeddable":true,"href":"https:\/\/www.bbyhaber.com\/bby\/wp-json\/wp\/v2\/categories?post=30650"},{"taxonomy":"post_tag","embeddable":true,"href":"https:\/\/www.bbyhaber.com\/bby\/wp-json\/wp\/v2\/tags?post=30650"}],"curies":[{"name":"wp","href":"https:\/\/api.w.org\/{rel}","templated":true}]}}