{"id":30637,"date":"2022-02-18T11:32:44","date_gmt":"2022-02-18T08:32:44","guid":{"rendered":"https:\/\/www.bbyhaber.com\/bby\/?p=30637"},"modified":"2022-02-18T11:32:44","modified_gmt":"2022-02-18T08:32:44","slug":"bakan-ersoy-kutuphanelerle-ilgili-iyi-bir-kadro-alimi-yapacagiz","status":"publish","type":"post","link":"https:\/\/www.bbyhaber.com\/bby\/2022\/02\/18\/bakan-ersoy-kutuphanelerle-ilgili-iyi-bir-kadro-alimi-yapacagiz","title":{"rendered":"Bakan Ersoy: K\u00fct\u00fcphanelerle ilgili iyi bir kadro al\u0131m\u0131 yapaca\u011f\u0131z"},"content":{"rendered":"<p><a href=\"https:\/\/www.bbyhaber.com\/bby\/wp-content\/uploads\/2022\/02\/IMG_20220218_113100.jpg\"><img loading=\"lazy\" decoding=\"async\" class=\"size-medium wp-image-30639 aligncenter\" src=\"https:\/\/www.bbyhaber.com\/bby\/wp-content\/uploads\/2022\/02\/IMG_20220218_113100-300x164.jpg\" alt=\"\" width=\"300\" height=\"164\" srcset=\"https:\/\/www.bbyhaber.com\/bby\/wp-content\/uploads\/2022\/02\/IMG_20220218_113100-300x164.jpg 300w, https:\/\/www.bbyhaber.com\/bby\/wp-content\/uploads\/2022\/02\/IMG_20220218_113100-1024x560.jpg 1024w, https:\/\/www.bbyhaber.com\/bby\/wp-content\/uploads\/2022\/02\/IMG_20220218_113100-768x420.jpg 768w, https:\/\/www.bbyhaber.com\/bby\/wp-content\/uploads\/2022\/02\/IMG_20220218_113100-1536x840.jpg 1536w, https:\/\/www.bbyhaber.com\/bby\/wp-content\/uploads\/2022\/02\/IMG_20220218_113100.jpg 1904w\" sizes=\"(max-width: 300px) 100vw, 300px\" \/><\/a><\/p>\n<p>K\u00fclt\u00fcr ve Turizm Bakan\u0131 Mehmet Nuri Ersoy, kat\u0131ld\u0131\u011f\u0131 canl\u0131 yay\u0131n program\u0131nda &#8216;Cumhurba\u015fkanl\u0131\u011f\u0131 Strateji Ba\u015fkanl\u0131\u011f\u0131 bize s\u00f6zl\u00fc onay verdi. K\u00fct\u00fcphanelerle ilgili iyi bir kadro al\u0131m\u0131 yapaca\u011f\u0131z.&#8217; dedi.<\/p>\n<p>&nbsp;<\/p>\n<blockquote class=\"twitter-tweet\">\n<p dir=\"ltr\" lang=\"tr\">\u0130ST\u0130HDAM \u0130\u00c7\u0130N YAPILAN PLANLAR NE?<\/p>\n<p>K\u00fclt\u00fcr ve Turizm Bakan\u0131 Mehmet Nuri Ersoy (<a href=\"https:\/\/twitter.com\/MehmetNuriErsoy?ref_src=twsrc%5Etfw\">@MehmetNuriErsoy<\/a>): S\u00f6zl\u00fc onay\u0131n\u0131 ald\u0131k. Biz iyi bir kadro al\u0131m\u0131 yapaca\u011f\u0131z k\u00fct\u00fcphanelerle ilgili. Arkeolog kadromuz da onayland\u0131.<a href=\"https:\/\/twitter.com\/hashtag\/24%C3%96zel?src=hash&amp;ref_src=twsrc%5Etfw\">#24\u00d6zel<\/a> <a href=\"https:\/\/t.co\/ysEGHvPndd\">pic.twitter.com\/ysEGHvPndd<\/a><\/p>\n<p>\u2014 24 TV (@yirmidorttv) <a href=\"https:\/\/twitter.com\/yirmidorttv\/status\/1494386918242471938?ref_src=twsrc%5Etfw\">February 17, 2022<\/a><\/p><\/blockquote>\n<p><script async src=\"https:\/\/platform.twitter.com\/widgets.js\" charset=\"utf-8\"><\/script><\/p>\n","protected":false},"excerpt":{"rendered":"<p>K\u00fclt\u00fcr ve Turizm Bakan\u0131 Mehmet Nuri Ersoy, kat\u0131ld\u0131\u011f\u0131 canl\u0131 yay\u0131n program\u0131nda &#8216;Cumhurba\u015fkanl\u0131\u011f\u0131 Strateji Ba\u015fkanl\u0131\u011f\u0131 bize s\u00f6zl\u00fc onay verdi. K\u00fct\u00fcphanelerle ilgili iyi bir kadro al\u0131m\u0131 yapaca\u011f\u0131z.&#8217; dedi. &nbsp; \u0130ST\u0130HDAM \u0130\u00c7\u0130N YAPILAN PLANLAR NE? K\u00fclt\u00fcr ve Turizm Bakan\u0131 Mehmet Nuri Ersoy (@MehmetNuriErsoy): S\u00f6zl\u00fc onay\u0131n\u0131 ald\u0131k. Biz iyi bir kadro al\u0131m\u0131 yapaca\u011f\u0131z k\u00fct\u00fcphanelerle ilgili. Arkeolog kadromuz da onayland\u0131.#24\u00d6zel [&hellip;]<\/p>\n","protected":false},"author":1,"featured_media":30639,"comment_status":"open","ping_status":"open","sticky":false,"template":"","format":"standard","meta":{"footnotes":""},"categories":[1],"tags":[],"class_list":["post-30637","post","type-post","status-publish","format-standard","has-post-thumbnail","hentry","category-genel"],"_links":{"self":[{"href":"https:\/\/www.bbyhaber.com\/bby\/wp-json\/wp\/v2\/posts\/30637"}],"collection":[{"href":"https:\/\/www.bbyhaber.com\/bby\/wp-json\/wp\/v2\/posts"}],"about":[{"href":"https:\/\/www.bbyhaber.com\/bby\/wp-json\/wp\/v2\/types\/post"}],"author":[{"embeddable":true,"href":"https:\/\/www.bbyhaber.com\/bby\/wp-json\/wp\/v2\/users\/1"}],"replies":[{"embeddable":true,"href":"https:\/\/www.bbyhaber.com\/bby\/wp-json\/wp\/v2\/comments?post=30637"}],"version-history":[{"count":2,"href":"https:\/\/www.bbyhaber.com\/bby\/wp-json\/wp\/v2\/posts\/30637\/revisions"}],"predecessor-version":[{"id":30640,"href":"https:\/\/www.bbyhaber.com\/bby\/wp-json\/wp\/v2\/posts\/30637\/revisions\/30640"}],"wp:featuredmedia":[{"embeddable":true,"href":"https:\/\/www.bbyhaber.com\/bby\/wp-json\/wp\/v2\/media\/30639"}],"wp:attachment":[{"href":"https:\/\/www.bbyhaber.com\/bby\/wp-json\/wp\/v2\/media?parent=30637"}],"wp:term":[{"taxonomy":"category","embeddable":true,"href":"https:\/\/www.bbyhaber.com\/bby\/wp-json\/wp\/v2\/categories?post=30637"},{"taxonomy":"post_tag","embeddable":true,"href":"https:\/\/www.bbyhaber.com\/bby\/wp-json\/wp\/v2\/tags?post=30637"}],"curies":[{"name":"wp","href":"https:\/\/api.w.org\/{rel}","templated":true}]}}