{"id":30629,"date":"2022-02-15T21:49:15","date_gmt":"2022-02-15T18:49:15","guid":{"rendered":"https:\/\/www.bbyhaber.com\/bby\/?p=30629"},"modified":"2023-10-17T16:40:41","modified_gmt":"2023-10-17T13:40:41","slug":"yayincilik-fikir-maratonu-son-basvuru-17-02-2022","status":"publish","type":"post","link":"https:\/\/www.bbyhaber.com\/bby\/2022\/02\/15\/yayincilik-fikir-maratonu-son-basvuru-17-02-2022","title":{"rendered":"Yay\u0131nc\u0131l\u0131k Fikir Maratonu | Son Ba\u015fvuru &#8211; 17.02.2022"},"content":{"rendered":"<p><a href=\"https:\/\/www.bbyhaber.com\/bby\/wp-content\/uploads\/2022\/02\/381792uyhafisideahtonetkinliktakvimipng.png\"><img loading=\"lazy\" decoding=\"async\" class=\"alignleft size-medium wp-image-30631\" src=\"https:\/\/www.bbyhaber.com\/bby\/wp-content\/uploads\/2022\/02\/381792uyhafisideahtonetkinliktakvimipng-213x300.png\" alt=\"\" width=\"213\" height=\"300\" srcset=\"https:\/\/www.bbyhaber.com\/bby\/wp-content\/uploads\/2022\/02\/381792uyhafisideahtonetkinliktakvimipng-213x300.png 213w, https:\/\/www.bbyhaber.com\/bby\/wp-content\/uploads\/2022\/02\/381792uyhafisideahtonetkinliktakvimipng-726x1024.png 726w, https:\/\/www.bbyhaber.com\/bby\/wp-content\/uploads\/2022\/02\/381792uyhafisideahtonetkinliktakvimipng-768x1083.png 768w, https:\/\/www.bbyhaber.com\/bby\/wp-content\/uploads\/2022\/02\/381792uyhafisideahtonetkinliktakvimipng-1090x1536.png 1090w, https:\/\/www.bbyhaber.com\/bby\/wp-content\/uploads\/2022\/02\/381792uyhafisideahtonetkinliktakvimipng-1453x2048.png 1453w\" sizes=\"(max-width: 213px) 100vw, 213px\" \/><\/a><\/p>\n<p style=\"text-align: center;\"><strong>\u0130STANBUL ULUSLARARASI YAYINCILIK HAFTASI: PublishIST kapsam\u0131nda ula\u015f\u0131m ve konaklaman\u0131n organizasyon taraf\u0131ndan kar\u015f\u0131lanaca\u011f\u0131 bir Fikir Maratonu d\u00fczenlenmektedir. Ayr\u0131nt\u0131lar \u015fu \u015fekildedir.<\/strong><\/p>\n<p style=\"text-align: center;\"><strong>\u00a0<\/strong><\/p>\n<p style=\"text-align: center;\">YAYINCILIK F\u0130K\u0130R MARATONU DUYURUSU (IDEATHON)<\/p>\n<p style=\"text-align: justify;\">T.C. K\u00fclt\u00fcr ve Turizm Bakanl\u0131\u011f\u0131nca 7-8 Mart 2022 tarihinde \u0130stanbul\u2019da yay\u0131nc\u0131l\u0131k alan\u0131nda bir fikir maratonu d\u00fczenlenecektir. Ulusal ve uluslararas\u0131 \u00f6l\u00e7ekte var olan dinamikler, her sekt\u00f6rde oldu\u011fu gibi k\u00fclt\u00fcr end\u00fcstrisinin en \u00f6nemli ba\u015fl\u0131klar\u0131ndan biri olan yay\u0131nc\u0131l\u0131k sekt\u00f6r\u00fcn\u00fc de etkilemektedir. Bu fikir maratonu ile \u00fclkemizdeki yay\u0131nc\u0131l\u0131k sekt\u00f6r\u00fcn\u00fcn dayan\u0131kl\u0131l\u0131\u011f\u0131n\u0131 artt\u0131racak, s\u00fcrd\u00fcr\u00fclebilirli\u011fini destekleyecek, sekt\u00f6r\u00fcn teknolojik geli\u015fmelere adaptasyonunu sa\u011flayacak, yeni teknolojik \u00fcr\u00fcnler ve yenilik\u00e7i i\u015f yakla\u015f\u0131mlar\u0131yla yay\u0131nc\u0131l\u0131k sekt\u00f6r\u00fcn\u00fcn geli\u015fimine katk\u0131da bulunacak, vatanda\u015flar\u0131m\u0131z\u0131n yay\u0131nc\u0131l\u0131k sekt\u00f6r\u00fc \u00fcr\u00fcnlerine eri\u015fimini kolayla\u015ft\u0131racak ve yayg\u0131nla\u015ft\u0131racak proje \u00f6nerilerinin ortaya \u00e7\u0131kar\u0131lmas\u0131 ama\u00e7lanmaktad\u0131r. (Afi\u015fi indirmek i\u00e7in <a href=\"381792\" target=\"_blank\" rel=\"noopener noreferrer\">t\u0131klay\u0131n\u0131z<\/a>.)<\/p>\n<p style=\"text-align: justify;\">Fikir maratonu, yay\u0131nc\u0131l\u0131k sekt\u00f6r\u00fc ile start-up ekiplerini bir araya getirerek yenilik\u00e7i hizmet, \u00fcz\u00fcn ve \u00e7\u00f6z\u00fcmlerin \u00fcretilmesini sa\u011flarken s\u00fcre\u00e7 sonunda olu\u015facak fikirleri ise melek yat\u0131r\u0131mc\u0131lar ile bulu\u015fturacakt\u0131r.<\/p>\n<p style=\"text-align: justify;\"><span style=\"font-size: 12pt; font-family: Calibri; color: #121212;\">Programa ba\u015fvurabilmek i\u00e7in gerekli ko\u015fullar a\u015fa\u011f\u0131da belirtilmi\u015ftir:<\/span><\/p>\n<ul style=\"list-style-type: disc;\">\n<li style=\"text-align: justify;\"><span style=\"font-size: 12pt; font-family: Calibri; color: #121212;\">Ba\u015fvuru sahipleri en fazla 40 ya\u015f\u0131nda olmal\u0131d\u0131r.<\/span><\/li>\n<li style=\"text-align: justify;\"><span style=\"font-size: 12pt; font-family: Calibri; color: #121212;\">Tak\u0131mlar\u0131n en az 2 en fazla 4 ki\u015fiden olu\u015fmas\u0131 gerekmektedir.<\/span><\/li>\n<li style=\"text-align: justify;\"><span style=\"font-size: 12pt; font-family: Calibri; color: #121212;\">Kat\u0131l\u0131mc\u0131lar yar\u0131\u015fmaya birden fazla fikirle ba\u015fvuru yapamazlar.<\/span><\/li>\n<li style=\"text-align: justify;\"><span style=\"font-size: 12pt; font-family: Calibri; color: #121212;\">Daha \u00f6nce herhangi bir yar\u0131\u015fmaya kat\u0131larak \u00f6d\u00fcl kazanm\u0131\u015f projelerle ba\u015fvuru yap\u0131lamaz.<\/span><\/li>\n<\/ul>\n<ul style=\"list-style-type: disc;\">\n<li><span style=\"font-size: 12pt; font-family: Calibri; color: #121212;\">2 g\u00fcn boyunca t\u00fcm tak\u0131m \u00fcyelerinin programa tam kat\u0131l\u0131m sa\u011flamas\u0131 zorunlulu\u011fu vard\u0131r.<\/span><\/li>\n<\/ul>\n<p style=\"text-align: justify;\">Tak\u0131mlar, yar\u0131\u015fmaya <a href=\"https:\/\/bit.ly\/fikirmaratonu_basvuru\" target=\"blank\" rel=\"noopener noreferrer\">https:\/\/bit.ly\/fikirmaratonu_basvuru<\/a> adresinden 17 \u015eubat 2022 tarihine kadar ba\u015fvurabilecektir.<\/p>\n<p style=\"text-align: justify;\">17-21 \u015eubat 2022 tarihleri aras\u0131nda yap\u0131lacak \u00f6n de\u011ferlendirmede en y\u00fcksek puan\u0131 alan 10 tak\u0131m, 8-9 Mart 2022 tarihleri aras\u0131nda yap\u0131lacak final etab\u0131na davet edilecektir. Ula\u015f\u0131m ve konaklama organizasyon taraf\u0131ndan kar\u015f\u0131lanacakt\u0131r.<\/p>\n<p style=\"text-align: justify;\"><strong>Etkinlik Takvimi<\/strong><\/p>\n<p style=\"text-align: justify;\">02 \u015eubat 2022 Kat\u0131l\u0131m ba\u015fvurusu ba\u015flang\u0131\u00e7 tarihi<\/p>\n<p style=\"text-align: justify;\">17 \u015eubat 2022 Kat\u0131l\u0131m ba\u015fvurusu son tarih<\/p>\n<p style=\"text-align: justify;\">21 \u015eubat 2022 Kat\u0131l\u0131m ba\u015fvurular\u0131n\u0131n de\u011ferlendirilmesi<\/p>\n<p style=\"text-align: justify;\">22 \u015eubat 2022 Kat\u0131l\u0131m hakk\u0131 kazananlar\u0131n ilan\u0131<\/p>\n<p style=\"text-align: justify;\">7-8 Mart 2022 Fikir Maratonu Yar\u0131\u015fmas\u0131<\/p>\n<p style=\"text-align: justify;\">9 Mart 2022 \u00d6d\u00fcl ve Sertifika T\u00f6reni<\/p>\n<p style=\"text-align: justify;\">Konu Ba\u015fl\u0131klar\u0131:<\/p>\n<p><strong>1. Yenilik\u00e7i Yay\u0131nc\u0131l\u0131k<\/strong><\/p>\n<ul style=\"list-style-type: disc;\">\n<li>\u00d6zellikle k\u00e2\u011f\u0131t ve hammadde fiyatlar\u0131nda ya\u015fanan belirsizlik gibi durumlarda yay\u0131nc\u0131l\u0131k sekt\u00f6r\u00fcn\u00fcn s\u00fcrd\u00fcr\u00fclebilirli\u011fini sa\u011flayabilecek yeni kurgu, y\u00f6ntem, yenilik\u00e7i \u00e7\u00f6z\u00fcmler<\/li>\n<li>21. y\u00fczy\u0131l beklentilerine cevap verecek yay\u0131nc\u0131l\u0131k hizmet ve \u00fcr\u00fcnleri<\/li>\n<li>Kitaplar\u0131 destekleyecek\/besleyecek yenilik\u00e7i ek hizmetler<\/li>\n<\/ul>\n<p>&nbsp;<\/p>\n<p><strong>2. \u0130\u00e7eri\u011fin Eri\u015filebilirli\u011fi, Telif Haklar\u0131n\u0131n Korunmas\u0131 ve Korsanla M\u00fccadele<\/strong><\/p>\n<ul style=\"list-style-type: disc;\">\n<li>Kitaplar\u0131n telif haklar\u0131na ili\u015fkin kural ve mevzuatlara uygun \u015fekilde sosyal medyada payla\u015f\u0131lmas\u0131, seslendirilerek \u00e7evrim i\u00e7i platformlardan servis edilmesi, dijitalle\u015ftirilerek sosyal medya ve \u00e7evrim i\u00e7i platformlardan sunulmas\u0131,<\/li>\n<li>Bu mecralardaki korsan yay\u0131nc\u0131l\u0131k faaliyetleri ve illegal eri\u015fime sunma eylemleriyle ile m\u00fccadele<\/li>\n<li>Korsan bask\u0131 ile m\u00fccadele<\/li>\n<\/ul>\n<p><strong>3. Herkes \u0130\u00e7in S\u00fcrd\u00fcr\u00fclebilir Yay\u0131nc\u0131l\u0131k<\/strong><\/p>\n<ul style=\"list-style-type: disc;\">\n<li>Toplumun her kesimini g\u00f6zeten kapsay\u0131c\u0131 yay\u0131nc\u0131l\u0131k<\/li>\n<li>BM 2030 G\u00fcndemi ve S\u00fcrd\u00fcr\u00fclebilir Kalk\u0131nma Ama\u00e7lar\u0131<\/li>\n<\/ul>\n<p>&nbsp;<\/p>\n<p><strong>4. Okuma K\u00fclt\u00fcr\u00fc Mek\u00e2nlar\u0131nda Yenilik\u00e7i Hizmetler<\/strong><\/p>\n<p>Kitap Fuarlar\u0131, kitabevleri, kitap kafeler vb. okuma k\u00fclt\u00fcr\u00fc mek\u00e2nlar\u0131n\u0131n okuyucular ile bulu\u015fmas\u0131n\u0131 ve okuyucular\u0131 kitap, yazar, \u00e7izer, yay\u0131nevleri, \u00e7evirmenler ile bulu\u015fturmas\u0131n\u0131 sa\u011flayacak yenilik\u00e7i hizmet ve \u00fcr\u00fcn \u00e7\u00f6z\u00fcmleri<\/p>\n<p><strong>5. Dijital Platformlar<\/strong><\/p>\n<p style=\"text-align: justify;\">Okuyucular\u0131 kitaplarla bulu\u015fturacak, yapay zeka ve derin \u00f6\u011frenme ile okuyuculara \u00f6neriler sunabilecek, ileti\u015fim, etkile\u015fim ve ki\u015fiselle\u015ftirme imkanlar\u0131na sa\u011fl\u0131k yenilik\u00e7i dijital platformlar<\/p>\n<p style=\"text-align: center;\"><em>Fikir maratonu ile ilgili ayr\u0131nt\u0131l\u0131 bilgi i\u00e7in ve ba\u015fvuru i\u00e7in kygm.ktb.gov.tr\u00a0 adresindeki duyurular k\u0131sm\u0131n\u0131 ziyaret edebilir, t\u00fcm sorular\u0131n\u0131z i\u00e7in <\/em><a href=\"mailto:merve.yavuzdemir@ktb.gov.tr\"><em>merve.yavuzdemir@ktb.gov.tr<\/em><\/a><em> eposta adresinden veya 0 312 470 5342 numaral\u0131 telefondan ula\u015fabilirsiniz.<\/em><\/p>\n","protected":false},"excerpt":{"rendered":"<p>\u0130STANBUL ULUSLARARASI YAYINCILIK HAFTASI: PublishIST kapsam\u0131nda ula\u015f\u0131m ve konaklaman\u0131n organizasyon taraf\u0131ndan kar\u015f\u0131lanaca\u011f\u0131 bir Fikir Maratonu d\u00fczenlenmektedir. Ayr\u0131nt\u0131lar \u015fu \u015fekildedir. \u00a0 YAYINCILIK F\u0130K\u0130R MARATONU DUYURUSU (IDEATHON) T.C. K\u00fclt\u00fcr ve Turizm Bakanl\u0131\u011f\u0131nca 7-8 Mart 2022 tarihinde \u0130stanbul\u2019da yay\u0131nc\u0131l\u0131k alan\u0131nda bir fikir maratonu d\u00fczenlenecektir. Ulusal ve uluslararas\u0131 \u00f6l\u00e7ekte var olan dinamikler, her sekt\u00f6rde oldu\u011fu gibi k\u00fclt\u00fcr end\u00fcstrisinin en [&hellip;]<\/p>\n","protected":false},"author":384724,"featured_media":30633,"comment_status":"open","ping_status":"open","sticky":false,"template":"","format":"standard","meta":{"footnotes":""},"categories":[1],"tags":[1394],"class_list":["post-30629","post","type-post","status-publish","format-standard","has-post-thumbnail","hentry","category-genel","tag-bby-mesleki-etkinlikler"],"_links":{"self":[{"href":"https:\/\/www.bbyhaber.com\/bby\/wp-json\/wp\/v2\/posts\/30629"}],"collection":[{"href":"https:\/\/www.bbyhaber.com\/bby\/wp-json\/wp\/v2\/posts"}],"about":[{"href":"https:\/\/www.bbyhaber.com\/bby\/wp-json\/wp\/v2\/types\/post"}],"author":[{"embeddable":true,"href":"https:\/\/www.bbyhaber.com\/bby\/wp-json\/wp\/v2\/users\/384724"}],"replies":[{"embeddable":true,"href":"https:\/\/www.bbyhaber.com\/bby\/wp-json\/wp\/v2\/comments?post=30629"}],"version-history":[{"count":5,"href":"https:\/\/www.bbyhaber.com\/bby\/wp-json\/wp\/v2\/posts\/30629\/revisions"}],"predecessor-version":[{"id":30636,"href":"https:\/\/www.bbyhaber.com\/bby\/wp-json\/wp\/v2\/posts\/30629\/revisions\/30636"}],"wp:featuredmedia":[{"embeddable":true,"href":"https:\/\/www.bbyhaber.com\/bby\/wp-json\/wp\/v2\/media\/30633"}],"wp:attachment":[{"href":"https:\/\/www.bbyhaber.com\/bby\/wp-json\/wp\/v2\/media?parent=30629"}],"wp:term":[{"taxonomy":"category","embeddable":true,"href":"https:\/\/www.bbyhaber.com\/bby\/wp-json\/wp\/v2\/categories?post=30629"},{"taxonomy":"post_tag","embeddable":true,"href":"https:\/\/www.bbyhaber.com\/bby\/wp-json\/wp\/v2\/tags?post=30629"}],"curies":[{"name":"wp","href":"https:\/\/api.w.org\/{rel}","templated":true}]}}