{"id":3062,"date":"2012-03-13T15:46:27","date_gmt":"2012-03-13T15:46:27","guid":{"rendered":"http:\/\/www.bbyhaber.com\/bby\/?p=3062"},"modified":"2012-03-13T15:46:34","modified_gmt":"2012-03-13T15:46:34","slug":"karaagac-kutuphane-ve-internet-evi-istiyor-trakya","status":"publish","type":"post","link":"https:\/\/www.bbyhaber.com\/bby\/2012\/03\/13\/karaagac-kutuphane-ve-internet-evi-istiyor-trakya","title":{"rendered":"Karaa\u011fa\u00e7, K\u00fct\u00fcphane ve \u0130nternet Evi \u0130stiyor-Trakya"},"content":{"rendered":"<p style=\"text-align: justify;\">Karaa\u011fa\u00e7 Mahallesi&#8217;nden Agah Korkan, AA muhabirine yapt\u0131\u011f\u0131 a\u00e7\u0131klamada, mahallerinde bir fak\u00fclte, lise ve ilk\u00f6\u011fretim okullar\u0131 bulundu\u011funu belirtti. Kent merkezine 5 kilometre uzakl\u0131ktaki mahallelerin de k\u00fct\u00fcphane ve internet evinin bulunmas\u0131 halinde Karaa\u011fa\u00e7l\u0131 \u00f6\u011frencilerin ba\u015far\u0131lar\u0131n\u0131n daha da art\u0131raca\u011f\u0131na inand\u0131\u011f\u0131n\u0131 ifada eden Korkan, &#8220;Mahallemizde, Trakya \u00dcniversitesi G\u00fczel Sanatlar Fak\u00fcltesi, S\u00fcleyman Demirel Fen Lisesi, Mustafa Necati \u0130lk\u00f6\u011fretim Okulu ve Karaa\u011fa\u00e7 Yat\u0131l\u0131 B\u00f6lge \u0130lk\u00f6\u011fretim Okulu olmas\u0131na ra\u011fmen, bu \u00f6\u011frencilerin gidebilece\u011fi k\u00fct\u00fcphane ve internet evi yok. Bu b\u00fcy\u00fck bir eksikliktir. Yetkililerden, bu konunun \u00e7\u00f6z\u00fclmesi i\u00e7in yard\u0131m bekliyoruz&#8221; diye konu\u015ftu.<\/p>\n<p style=\"text-align: justify;\">Kaynak: http:\/\/www.haberciniz.biz\/<\/p>\n","protected":false},"excerpt":{"rendered":"<p>Karaa\u011fa\u00e7 Mahallesi&#8217;nden Agah Korkan, AA muhabirine yapt\u0131\u011f\u0131 a\u00e7\u0131klamada, mahallerinde bir fak\u00fclte, lise ve ilk\u00f6\u011fretim okullar\u0131 bulundu\u011funu belirtti. Kent merkezine 5 kilometre uzakl\u0131ktaki mahallelerin de k\u00fct\u00fcphane ve internet evinin bulunmas\u0131 halinde Karaa\u011fa\u00e7l\u0131 \u00f6\u011frencilerin ba\u015far\u0131lar\u0131n\u0131n daha da art\u0131raca\u011f\u0131na inand\u0131\u011f\u0131n\u0131 ifada eden Korkan, &#8220;Mahallemizde, Trakya \u00dcniversitesi G\u00fczel Sanatlar Fak\u00fcltesi, S\u00fcleyman Demirel Fen Lisesi, Mustafa Necati \u0130lk\u00f6\u011fretim Okulu ve [&hellip;]<\/p>\n","protected":false},"author":1,"featured_media":0,"comment_status":"open","ping_status":"open","sticky":false,"template":"","format":"standard","meta":{"footnotes":""},"categories":[1],"tags":[],"class_list":["post-3062","post","type-post","status-publish","format-standard","hentry","category-genel"],"_links":{"self":[{"href":"https:\/\/www.bbyhaber.com\/bby\/wp-json\/wp\/v2\/posts\/3062"}],"collection":[{"href":"https:\/\/www.bbyhaber.com\/bby\/wp-json\/wp\/v2\/posts"}],"about":[{"href":"https:\/\/www.bbyhaber.com\/bby\/wp-json\/wp\/v2\/types\/post"}],"author":[{"embeddable":true,"href":"https:\/\/www.bbyhaber.com\/bby\/wp-json\/wp\/v2\/users\/1"}],"replies":[{"embeddable":true,"href":"https:\/\/www.bbyhaber.com\/bby\/wp-json\/wp\/v2\/comments?post=3062"}],"version-history":[{"count":0,"href":"https:\/\/www.bbyhaber.com\/bby\/wp-json\/wp\/v2\/posts\/3062\/revisions"}],"wp:attachment":[{"href":"https:\/\/www.bbyhaber.com\/bby\/wp-json\/wp\/v2\/media?parent=3062"}],"wp:term":[{"taxonomy":"category","embeddable":true,"href":"https:\/\/www.bbyhaber.com\/bby\/wp-json\/wp\/v2\/categories?post=3062"},{"taxonomy":"post_tag","embeddable":true,"href":"https:\/\/www.bbyhaber.com\/bby\/wp-json\/wp\/v2\/tags?post=3062"}],"curies":[{"name":"wp","href":"https:\/\/api.w.org\/{rel}","templated":true}]}}