{"id":3042,"date":"2012-03-12T19:47:25","date_gmt":"2012-03-12T19:47:25","guid":{"rendered":"http:\/\/www.bbyhaber.com\/bby\/?p=3042"},"modified":"2012-09-07T19:39:53","modified_gmt":"2012-09-07T16:39:53","slug":"tkd-istanbul-subesi-kutuphane-haftasi","status":"publish","type":"post","link":"https:\/\/www.bbyhaber.com\/bby\/2012\/03\/12\/tkd-istanbul-subesi-kutuphane-haftasi","title":{"rendered":"TKD \u0130stanbul \u015eubesi K\u00fct\u00fcphane Haftas\u0131 Etkinlik Program ve Afi\u015fleri"},"content":{"rendered":"<p style=\"text-align: justify;\">Bu y\u0131l 48. si kutlanacak olan K\u00fct\u00fcphane Haftas\u0131 etkinlikleri 26 \u00a0Mart \u2013 1 Nisan 2012 tarihleri aras\u0131nda ger\u00e7ekle\u015ftirilecek. Hafta boyunca t\u00fcm \u0130stanbul\u2019a yay\u0131lan etkinlik ve aktiviteler \u0130stanbul halk\u0131n\u0131 bekliyor.<!--more--><\/p>\n<p style=\"text-align: justify;\">Programda yer alan ekinliklerin merkezinde ge\u00e7en y\u0131l oldu\u011f\u0131 gibi do\u011frudan \u0130stanbul halk\u0131 yer al\u0131yor. Hafta&#8217;n\u0131n slogan\u0131 ise bu y\u00f6neli\u015fi ifade ediyor : &#8220;K\u00fct\u00fcphaneler &#8216;Sizi&#8217; De\u011fi\u015ftirir&#8221;. K\u00fct\u00fcphanelerin sahip oldu\u011fu kaynaklar ve sundu\u011fu hizmetler arac\u0131l\u0131\u011f\u0131 ile \u00a0bireysel ve toplumsal de\u011fi\u015fimlere kaynakl\u0131k etme rol\u00fcnden hareketle, \u00a0\u0130stanbul\u2019da ya\u015fayan insanlar\u0131n, kentin bilgiye eri\u015fim k\u00f6pr\u00fcleri olan k\u00fct\u00fcphane ve bilgi merkezlerini ke\u015ffetmeleri i\u00e7in bir \u00e7a\u011fr\u0131 niteli\u011fi ta\u015f\u0131yan kutlama etkinliklerinde, \u0130stanbul\u2019un pek \u00e7ok yerinde \u00a0yeti\u015fkinlerden \u00e7ocuklara kadar yay\u0131lan \u00e7e\u015fitli aktiviteler ger\u00e7ekle\u015ftirilecek.<\/p>\n<p style=\"text-align: justify;\">T\u00fcrk K\u00fct\u00fcphaneciler Derne\u011fi \u0130stanbul \u015eubesi\u2019nin 50. Kurulu\u015f y\u0131l\u0131 kutlamalar\u0131n\u0131 da i\u00e7ine alacak bi\u00e7imde tasarlanan K\u00fct\u00fcphane Haftas\u0131 Kutlama Program\u0131 ile; \u00a0 k\u00fct\u00fcphanelere y\u00f6nelik toplumsal bilin\u00e7 ve fark\u0131ndal\u0131k d\u00fczeyinin geli\u015ftirilmesi, k\u00fct\u00fcphane ve bilgi kurumlar\u0131n\u0131n ke\u015ffedilmesinin sa\u011flanmas\u0131 ve \u0130stanbul\u2019un ya\u015fayan k\u00fct\u00fcphanelerine toplumun merak ve ilgisini uyand\u0131rmak ve k\u00fct\u00fcphanenin bilgiye eri\u015fimdeki vazge\u00e7ilmez rol\u00fcne dikkat \u00e7ekilmesi ama\u00e7lan\u0131yor.<\/p>\n<p style=\"text-align: justify;\">25 Mart 2012 pazar g\u00fcn\u00fc, Belediye bandosu e\u015fli\u011finde T\u00fcnel Meydan\u0131n&#8217;ndan saat 15.00&#8217;te ba\u015flayacak geleneksel \u0130stanbul K\u00fct\u00fcphaneleri Y\u00fcr\u00fcyor etkinli\u011fi ile ba\u015flayacak hafta boyunca \u0130stanbul&#8217; daki k\u00fct\u00fcpheneler elliden fazla etkinli\u011fe evsahipli\u011fi yapacak. Haftan\u0131n dikkat \u00e7eken \u00f6nemli bir etkinli\u011fi de Geceleyin K\u00fct\u00fcphane . Etkinlikte \u0130stanbul&#8217;un \u00e7e\u015fitli il\u00e7elerindeki elli yedi k\u00fct\u00fcphane saat 22.00&#8217;ye kadar kullan\u0131ma a\u00e7\u0131k olacak.<\/p>\n<p style=\"text-align: justify;\">Hafta program\u0131ndaki etkinliklerle ilgili bilgilere \u015fu <a href=\"http:\/\/kutuphanehaftasi.istanbulkutuphaneci.org\/etkinlikler\/2012-03-25\" target=\"_blank\">adresten<\/a> eri\u015febilirsiniz.<\/p>\n<p style=\"text-align: justify;\">Kaynak: <a href=\"http:\/\/kutuphanehaftasi.istanbulkutuphaneci.org\/\" target=\"_blank\">http:\/\/kutuphanehaftasi.istanbulkutuphaneci.org\/<\/a><\/p>\n<p style=\"text-align: justify;\"><strong>Hafta Afi\u015fleri<\/strong><\/p>\n<p style=\"text-align: justify;\"><a href=\"http:\/\/kutuphanehaftasi.istanbulkutuphaneci.org\/sites\/kutuphanehaftasi.istanbulkutuphaneci.org\/files\/afisler\/afis1.jpg\"><img loading=\"lazy\" decoding=\"async\" class=\"alignnone\" src=\"http:\/\/kutuphanehaftasi.istanbulkutuphaneci.org\/sites\/kutuphanehaftasi.istanbulkutuphaneci.org\/files\/afisler\/afis1.jpg\" alt=\"\" width=\"250\" height=\"350\" \/><\/a><a href=\"http:\/\/kutuphanehaftasi.istanbulkutuphaneci.org\/sites\/kutuphanehaftasi.istanbulkutuphaneci.org\/files\/afisler\/afis2.jpg\"><img loading=\"lazy\" decoding=\"async\" class=\"alignnone\" src=\"http:\/\/kutuphanehaftasi.istanbulkutuphaneci.org\/sites\/kutuphanehaftasi.istanbulkutuphaneci.org\/files\/afisler\/afis2.jpg\" alt=\"\" width=\"250\" height=\"350\" \/><\/a><\/p>\n<p style=\"text-align: justify;\"><a href=\"http:\/\/kutuphanehaftasi.istanbulkutuphaneci.org\/sites\/kutuphanehaftasi.istanbulkutuphaneci.org\/files\/afisler\/afis3.jpg\"><img loading=\"lazy\" decoding=\"async\" class=\"alignnone\" src=\"http:\/\/kutuphanehaftasi.istanbulkutuphaneci.org\/sites\/kutuphanehaftasi.istanbulkutuphaneci.org\/files\/afisler\/afis3.jpg\" alt=\"\" width=\"250\" height=\"350\" \/><\/a><a href=\"http:\/\/kutuphanehaftasi.istanbulkutuphaneci.org\/sites\/kutuphanehaftasi.istanbulkutuphaneci.org\/files\/afisler\/afis4.jpg\"><img loading=\"lazy\" decoding=\"async\" class=\"alignnone\" src=\"http:\/\/kutuphanehaftasi.istanbulkutuphaneci.org\/sites\/kutuphanehaftasi.istanbulkutuphaneci.org\/files\/afisler\/afis4.jpg\" alt=\"\" width=\"250\" height=\"350\" \/><\/a><\/p>\n<p style=\"text-align: justify;\"><a href=\"http:\/\/kutuphanehaftasi.istanbulkutuphaneci.org\/sites\/kutuphanehaftasi.istanbulkutuphaneci.org\/files\/afisler\/afis5.jpg\"><img loading=\"lazy\" decoding=\"async\" src=\"http:\/\/kutuphanehaftasi.istanbulkutuphaneci.org\/sites\/kutuphanehaftasi.istanbulkutuphaneci.org\/files\/afisler\/afis5.jpg\" alt=\"\" width=\"250\" height=\"350\" \/><\/a><\/p>\n","protected":false},"excerpt":{"rendered":"<p>Bu y\u0131l 48. si kutlanacak olan K\u00fct\u00fcphane Haftas\u0131 etkinlikleri 26 \u00a0Mart \u2013 1 Nisan 2012 tarihleri aras\u0131nda ger\u00e7ekle\u015ftirilecek. Hafta boyunca t\u00fcm \u0130stanbul\u2019a yay\u0131lan etkinlik ve aktiviteler \u0130stanbul halk\u0131n\u0131 bekliyor.<\/p>\n","protected":false},"author":1,"featured_media":0,"comment_status":"open","ping_status":"open","sticky":false,"template":"","format":"standard","meta":{"footnotes":""},"categories":[1469],"tags":[1461,1420,272],"class_list":["post-3042","post","type-post","status-publish","format-standard","hentry","category-48-kutuphane-haftasi","tag-kutuphane-haftasi","tag-tkd-istanbul","tag-tkd-istanbul-subesi"],"_links":{"self":[{"href":"https:\/\/www.bbyhaber.com\/bby\/wp-json\/wp\/v2\/posts\/3042"}],"collection":[{"href":"https:\/\/www.bbyhaber.com\/bby\/wp-json\/wp\/v2\/posts"}],"about":[{"href":"https:\/\/www.bbyhaber.com\/bby\/wp-json\/wp\/v2\/types\/post"}],"author":[{"embeddable":true,"href":"https:\/\/www.bbyhaber.com\/bby\/wp-json\/wp\/v2\/users\/1"}],"replies":[{"embeddable":true,"href":"https:\/\/www.bbyhaber.com\/bby\/wp-json\/wp\/v2\/comments?post=3042"}],"version-history":[{"count":0,"href":"https:\/\/www.bbyhaber.com\/bby\/wp-json\/wp\/v2\/posts\/3042\/revisions"}],"wp:attachment":[{"href":"https:\/\/www.bbyhaber.com\/bby\/wp-json\/wp\/v2\/media?parent=3042"}],"wp:term":[{"taxonomy":"category","embeddable":true,"href":"https:\/\/www.bbyhaber.com\/bby\/wp-json\/wp\/v2\/categories?post=3042"},{"taxonomy":"post_tag","embeddable":true,"href":"https:\/\/www.bbyhaber.com\/bby\/wp-json\/wp\/v2\/tags?post=3042"}],"curies":[{"name":"wp","href":"https:\/\/api.w.org\/{rel}","templated":true}]}}