{"id":2996,"date":"2012-03-10T18:24:56","date_gmt":"2012-03-10T18:24:56","guid":{"rendered":"http:\/\/www.bbyhaber.com\/bby\/?p=2996"},"modified":"2012-05-15T11:12:17","modified_gmt":"2012-05-15T11:12:17","slug":"koy-cocuklarina-kutuphane-yaptirdi-izmir","status":"publish","type":"post","link":"https:\/\/www.bbyhaber.com\/bby\/2012\/03\/10\/koy-cocuklarina-kutuphane-yaptirdi-izmir","title":{"rendered":"K\u00f6y \u00c7ocuklar\u0131na K\u00fct\u00fcphane Yapt\u0131rd\u0131-\u0130zmir"},"content":{"rendered":"<p style=\"text-align: justify;\">Gazeteci yazar \u015eenay D\u00fcdek, kendi ad\u0131n\u0131 ta\u015f\u0131yan ilk k\u00f6y k\u00fct\u00fcphanesini \u0130zmir&#8217;in Menemen \u0130l\u00e7esi&#8217;ne ba\u011fl\u0131 Alani\u00e7i K\u00f6y\u00fc&#8217;nde a\u00e7t\u0131. <a href=\"http:\/\/www.bbyhaber.com\/bby\/2011\/11\/06\/koy-cocuklari-kutuphaneleri-olusturma-kultur-sanat-ve-dayanisma-dernegi\/\">K\u00f6y \u00c7ocuklar\u0131 K\u00fct\u00fcphaneleri Olu\u015fturma, K\u00fclt\u00fcr Sanat ve Dayan\u0131\u015fma Derne\u011fi<\/a> i\u015fbirli\u011fiyle hizmete giren 4 bin kitapl\u0131k k\u00fct\u00fcphanenin a\u00e7\u0131l\u0131\u015f\u0131 Menemen Belediye Ba\u015fkan\u0131 Tahir \u015eahin ile yapan D\u00fcdek, amac\u0131n\u0131n bu y\u0131l i\u00e7inde iki k\u00f6ye daha k\u00fct\u00fcphane a\u00e7mak oldu\u011funu s\u00f6yledi.<!--more--><\/p>\n<p style=\"text-align: justify;\">150 haneli k\u00f6yde bulunan Alani\u00e7i \u0130lk\u00f6\u011fretim Okulu&#8217;nun hemen yan\u0131nda kurulan k\u00fct\u00fcphaneye Atat\u00fcrk \u00c7ocuklar\u0131 K\u00fct\u00fcphanesi \u015eenay D\u00fcdek Kitapl\u0131\u011f\u0131 ad\u0131 verildi. Yazd\u0131\u011f\u0131 kitaplardan elde etti\u011fi gelirleri hay\u0131r i\u015flerine harcayan \u015eenay D\u00fcdek, &#8220;Her k\u00f6ye bir okul hayalim vard\u0131 ama maddi imkans\u0131zl\u0131klardan \u00f6t\u00fcr\u00fc bunu ger\u00e7ekle\u015ftiremedim. Daha sonra her k\u00f6ye bir k\u00fct\u00fcphane a\u00e7maya karar verdim. Bunu tek ba\u015f\u0131ma ger\u00e7ekle\u015ftirmem zor oldu\u011fu i\u00e7in K\u00f6y \u00c7ocuklar\u0131 K\u00fct\u00fcphaneleri Olu\u015fturma, K\u00fclt\u00fcr Sanat ve Dayan\u0131\u015fma Derne\u011fi ile i\u015fbirli\u011fine gittik. Amac\u0131m\u0131z 7&#8217;den 70&#8217;e herkesin kitap okumas\u0131n\u0131 sa\u011flamak. \u0130lk k\u00fct\u00fcphanemizi a\u00e7t\u0131k amac\u0131m\u0131z her y\u0131l en az \u00fc\u00e7 k\u00f6yde daha k\u00fct\u00fcphane kurmak&#8221; dedi.<\/p>\n<p style=\"text-align: justify;\">Alani\u00e7i K\u00f6y Muhtar\u0131 Halil \u0130brahim Erku\u015f ise k\u00f6ylerinde ilk kez bir k\u00fct\u00fcphaneleri oldu\u011funu belirterek, bunun kendileri i\u00e7in b\u00fcy\u00fck bir mutluluk kayna\u011f\u0131 oldu\u011funu s\u00f6yledi. A\u00e7\u0131l\u0131\u015f t\u00f6renine kat\u0131lan Menemen Belediye Ba\u015fkan\u0131 CHP&#8217;li Tahir \u015eahin ise, &#8220;En b\u00fcy\u00fck sorunlar\u0131n ba\u015f\u0131nda e\u011fitim geliyor. E\u011fitim olmazsa, bilgi olmazsa fikir de olmuyor. Bizler e\u011fitime katk\u0131 koyarsak \u00e7ok \u015feyler de\u011fi\u015fecektir. 13 y\u0131ld\u0131r Belediye Ba\u015fkanl\u0131\u011f\u0131 yap\u0131yorum. Hi\u00e7bir zaman e\u011fitimle ilgili yat\u0131r\u0131mlarda protokol \u015fart\u0131 aramad\u0131m. Protokol yapmadan destek verdim, vermeye de devam ediyorum&#8221; diye konu\u015ftu. Konu\u015fmalar\u0131n ard\u0131ndan Ege \u00dcniversitesi T\u00fcrk Halk Danslar\u0131 Toplulu\u011fu bir g\u00f6steri sergiledi. Atat\u00fcrk \u00c7ocuklar\u0131 K\u00fct\u00fcphanesi \u015eenay D\u00fcdek Kitapl\u0131\u011f\u0131&#8217;n\u0131n a\u00e7\u0131l\u0131\u015f kurdelesini \u015eenay D\u00fcdek, Belediye Ba\u015fkan\u0131 Tahir \u015eahir, Dernek Ba\u015fkan\u0131 Mesut Tim birlikte kesti. T\u00f6renin ard\u0131ndan k\u00fct\u00fcphaneyi gezen k\u00f6y halk\u0131 kitaplara b\u00fcy\u00fck ilgi g\u00f6sterdi.<\/p>\n<p style=\"text-align: justify;\">Kaynak: http:\/\/www.izmiringundemi.com<\/p>\n","protected":false},"excerpt":{"rendered":"<p>Gazeteci yazar \u015eenay D\u00fcdek, kendi ad\u0131n\u0131 ta\u015f\u0131yan ilk k\u00f6y k\u00fct\u00fcphanesini \u0130zmir&#8217;in Menemen \u0130l\u00e7esi&#8217;ne ba\u011fl\u0131 Alani\u00e7i K\u00f6y\u00fc&#8217;nde a\u00e7t\u0131. K\u00f6y \u00c7ocuklar\u0131 K\u00fct\u00fcphaneleri Olu\u015fturma, K\u00fclt\u00fcr Sanat ve Dayan\u0131\u015fma Derne\u011fi i\u015fbirli\u011fiyle hizmete giren 4 bin kitapl\u0131k k\u00fct\u00fcphanenin a\u00e7\u0131l\u0131\u015f\u0131 Menemen Belediye Ba\u015fkan\u0131 Tahir \u015eahin ile yapan D\u00fcdek, amac\u0131n\u0131n bu y\u0131l i\u00e7inde iki k\u00f6ye daha k\u00fct\u00fcphane a\u00e7mak oldu\u011funu s\u00f6yledi.<\/p>\n","protected":false},"author":1,"featured_media":0,"comment_status":"open","ping_status":"open","sticky":false,"template":"","format":"standard","meta":{"footnotes":""},"categories":[1539,1,1498],"tags":[],"class_list":["post-2996","post","type-post","status-publish","format-standard","hentry","category-ataturk-cocuklari-kutuphanesi","category-genel","category-koy-kutuphaneleri"],"_links":{"self":[{"href":"https:\/\/www.bbyhaber.com\/bby\/wp-json\/wp\/v2\/posts\/2996"}],"collection":[{"href":"https:\/\/www.bbyhaber.com\/bby\/wp-json\/wp\/v2\/posts"}],"about":[{"href":"https:\/\/www.bbyhaber.com\/bby\/wp-json\/wp\/v2\/types\/post"}],"author":[{"embeddable":true,"href":"https:\/\/www.bbyhaber.com\/bby\/wp-json\/wp\/v2\/users\/1"}],"replies":[{"embeddable":true,"href":"https:\/\/www.bbyhaber.com\/bby\/wp-json\/wp\/v2\/comments?post=2996"}],"version-history":[{"count":0,"href":"https:\/\/www.bbyhaber.com\/bby\/wp-json\/wp\/v2\/posts\/2996\/revisions"}],"wp:attachment":[{"href":"https:\/\/www.bbyhaber.com\/bby\/wp-json\/wp\/v2\/media?parent=2996"}],"wp:term":[{"taxonomy":"category","embeddable":true,"href":"https:\/\/www.bbyhaber.com\/bby\/wp-json\/wp\/v2\/categories?post=2996"},{"taxonomy":"post_tag","embeddable":true,"href":"https:\/\/www.bbyhaber.com\/bby\/wp-json\/wp\/v2\/tags?post=2996"}],"curies":[{"name":"wp","href":"https:\/\/api.w.org\/{rel}","templated":true}]}}