{"id":2967,"date":"2012-03-10T08:55:17","date_gmt":"2012-03-10T08:55:17","guid":{"rendered":"http:\/\/www.bbyhaber.com\/bby\/?p=2967"},"modified":"2012-03-10T08:55:26","modified_gmt":"2012-03-10T08:55:26","slug":"cezaevi-kitap-bekliyor-afyonkarahisar","status":"publish","type":"post","link":"https:\/\/www.bbyhaber.com\/bby\/2012\/03\/10\/cezaevi-kitap-bekliyor-afyonkarahisar","title":{"rendered":"Cezaevi kitap bekliyor-Afyonkarahisar"},"content":{"rendered":"<p style=\"text-align: justify;\">Afyonkarahisar A\u00e7\u0131k Ceza \u0130nfaz Kurumu M\u00fcd\u00fcr\u00fc Muzaffer Avc\u0131, kurum k\u00fct\u00fcphanesinin yetersiz kald\u0131\u011f\u0131n\u0131 belirterek, kurumlardan ve vatanda\u015flarda kitap yard\u0131m\u0131 istedi.Avc\u0131, yapt\u0131\u011f\u0131 yaz\u0131l\u0131 a\u00e7\u0131klamada, h\u00fck\u00fcml\u00fclerin sosyal-k\u00fclt\u00fcrel y\u00f6nden kendilerini geli\u015ftirmeleri, zararl\u0131 al\u0131\u015fkanl\u0131klar\u0131ndan kurtulmalar\u0131 ve topuma yararl\u0131 bireyler olmalar\u0131 i\u00e7in kurumdaki k\u00fct\u00fcphanenin hizmet verdi\u011fini hat\u0131rlatt\u0131.<\/p>\n<p style=\"text-align: justify;\">K\u00fct\u00fcphanenin yetersiz kald\u0131\u011f\u0131n\u0131 belirten Avc\u0131, \u2018\u2019K\u00fct\u00fcphanemizde bulunan kitaplar zaman i\u00e7erisinde ihtiyaca cevap verememektedir. Bu y\u00fczden kurum olarak k\u00fct\u00fcphanemizi zenginle\u015ftirme \u00e7al\u0131\u015fmalar\u0131 yapmaktay\u0131z. Bu kapsamda \u00e7e\u015fitli kurum ve kurulu\u015flar ile sivil toplum kurulu\u015flar\u0131n\u0131n destekleri bizler i\u00e7in b\u00fcy\u00fck \u00f6nem arz etmektedir. K\u00fct\u00fcphanemizi zenginle\u015ftirme \u00e7al\u0131\u015fmalar\u0131nda kitap ba\u011f\u0131\u015flar\u0131 i\u00e7in de\u011ferli katk\u0131lar\u0131n\u0131zdan dolay\u0131 \u015fimdiden te\u015fekk\u00fcr ederim\u2019\u2019 dedi. Avc\u0131, kitap ba\u011f\u0131\u015f\u0131nda bunulabileceklerin kuruma ba\u015fvurmalar\u0131n\u0131 veya kurumun 2163820 numaral\u0131 telefondan dahili 110\u2019a ba\u015fvurmalar\u0131n\u0131 istedi.<\/p>\n<p style=\"text-align: justify;\">Kaynak:http:\/\/www.afyonhaber.com<\/p>\n","protected":false},"excerpt":{"rendered":"<p>Afyonkarahisar A\u00e7\u0131k Ceza \u0130nfaz Kurumu M\u00fcd\u00fcr\u00fc Muzaffer Avc\u0131, kurum k\u00fct\u00fcphanesinin yetersiz kald\u0131\u011f\u0131n\u0131 belirterek, kurumlardan ve vatanda\u015flarda kitap yard\u0131m\u0131 istedi.Avc\u0131, yapt\u0131\u011f\u0131 yaz\u0131l\u0131 a\u00e7\u0131klamada, h\u00fck\u00fcml\u00fclerin sosyal-k\u00fclt\u00fcrel y\u00f6nden kendilerini geli\u015ftirmeleri, zararl\u0131 al\u0131\u015fkanl\u0131klar\u0131ndan kurtulmalar\u0131 ve topuma yararl\u0131 bireyler olmalar\u0131 i\u00e7in kurumdaki k\u00fct\u00fcphanenin hizmet verdi\u011fini hat\u0131rlatt\u0131. K\u00fct\u00fcphanenin yetersiz kald\u0131\u011f\u0131n\u0131 belirten Avc\u0131, \u2018\u2019K\u00fct\u00fcphanemizde bulunan kitaplar zaman i\u00e7erisinde ihtiyaca cevap verememektedir. Bu [&hellip;]<\/p>\n","protected":false},"author":1,"featured_media":0,"comment_status":"open","ping_status":"open","sticky":false,"template":"","format":"standard","meta":{"footnotes":""},"categories":[1],"tags":[114],"class_list":["post-2967","post","type-post","status-publish","format-standard","hentry","category-genel","tag-cezaevi-kutuphane"],"_links":{"self":[{"href":"https:\/\/www.bbyhaber.com\/bby\/wp-json\/wp\/v2\/posts\/2967"}],"collection":[{"href":"https:\/\/www.bbyhaber.com\/bby\/wp-json\/wp\/v2\/posts"}],"about":[{"href":"https:\/\/www.bbyhaber.com\/bby\/wp-json\/wp\/v2\/types\/post"}],"author":[{"embeddable":true,"href":"https:\/\/www.bbyhaber.com\/bby\/wp-json\/wp\/v2\/users\/1"}],"replies":[{"embeddable":true,"href":"https:\/\/www.bbyhaber.com\/bby\/wp-json\/wp\/v2\/comments?post=2967"}],"version-history":[{"count":0,"href":"https:\/\/www.bbyhaber.com\/bby\/wp-json\/wp\/v2\/posts\/2967\/revisions"}],"wp:attachment":[{"href":"https:\/\/www.bbyhaber.com\/bby\/wp-json\/wp\/v2\/media?parent=2967"}],"wp:term":[{"taxonomy":"category","embeddable":true,"href":"https:\/\/www.bbyhaber.com\/bby\/wp-json\/wp\/v2\/categories?post=2967"},{"taxonomy":"post_tag","embeddable":true,"href":"https:\/\/www.bbyhaber.com\/bby\/wp-json\/wp\/v2\/tags?post=2967"}],"curies":[{"name":"wp","href":"https:\/\/api.w.org\/{rel}","templated":true}]}}