{"id":2963,"date":"2012-03-10T07:52:49","date_gmt":"2012-03-10T07:52:49","guid":{"rendered":"http:\/\/www.bbyhaber.com\/bby\/?p=2963"},"modified":"2012-10-01T09:39:15","modified_gmt":"2012-10-01T06:39:15","slug":"bursa-10-kitap-fuari","status":"publish","type":"post","link":"https:\/\/www.bbyhaber.com\/bby\/2012\/03\/10\/bursa-10-kitap-fuari","title":{"rendered":"Bursa 10. Kitap Fuar\u0131"},"content":{"rendered":"<p style=\"text-align: justify;\">T\u00fcyap, Bursa Kitap Fuar\u0131\u2019n\u0131n onuncu y\u0131l\u0131n\u0131 bir arma\u011fan kitapla ve bir sergiyle kutluyor: \u201cBursa\u2019y\u0131 Yazmak\u201d \u0130lk kez 11-16 Mart 2003\u2019te \u201cTarih ve K\u00fclt\u00fcr Kenti Bursa\u201d temas\u0131yla d\u00fczenlenen fuar, h\u0131zla geli\u015ferek bug\u00fcne geldi. Bursa\u2019n\u0131n k\u00f6kl\u00fc tarihi, k\u00fclt\u00fcr\u00fc ve sanat gelene\u011finin fuar\u0131n geli\u015fmesinin en \u00f6nemli etkeni oldu. <!--more-->Sergide ve kitapta, Bursa i\u00e7in tarih boyunca yazm\u0131\u015f olan yazar, \u015fair ve seyyahlar\u0131n yap\u0131tlar\u0131ndan se\u00e7ilmi\u015f tad\u0131ml\u0131k metinler ile belge, foto\u011fraf ve resimler yer al\u0131yor.<\/p>\n<p style=\"text-align: justify;\">Numaral\u0131 olarak bas\u0131lan \u201cBursa\u2019y\u0131 Yazmak\u201d kitab\u0131 ile ayn\u0131 isimdeki sergiyi Fahri Aral, E. Nedret \u0130\u015fli ve Sad\u0131k Karamustafa haz\u0131rlad\u0131lar. Kitap ve sergi metinleri aras\u0131nda Ahmet Hamdi Tanp\u0131nar, Naz\u0131m Hikmet,\u00a0 Evliya \u00c7elebi, Zeki M\u00fcren, Pierre Loti gibi yazar ve \u015fairlerin yap\u0131tlar\u0131ndan par\u00e7alar yer al\u0131yor.\u00a0 Sergide ayn\u0131 zamanda Turkuvaz Sahaf Koleksiyonu\u2019ndan \u00e7e\u015fitli kitap, grav\u00fcr, belge ve yay\u0131nlar da sergilenecek. \u201cBursa\u2019y\u0131 Yazmak\u201d sergisi 10-18 Mart 2012 tarihleri aras\u0131nda Bursa 10. Kitap Fuar\u0131\u2019nda gezilebilir. Giri\u015fin \u00fccretsiz oldu\u011fu fuar 10-17 Mart tarihlerinde 10.00-19.30, 18 Mart tarihinde ise 10.00-19.00 saatlerinde ziyaret edilebilir.<\/p>\n<p style=\"text-align: justify;\">Kaynak: http:\/\/www.bursakitapfuari.com\/<\/p>\n<p style=\"text-align: justify;\"><strong>Bursa 10. Kitap Fuar\u0131<\/strong>, <strong>10-18 Mart 2012<\/strong> tarihleri aras\u0131nda Bursa Uluslararas\u0131 Fuar ve Kongre Merkezi&#8217;nde okur ve ilgilileriye bulu\u015facak. <a href=\"http:\/\/www.tkdbursa.org\/\" target=\"_blank\">T\u00fcrk K\u00fct\u00fcphaneciler Derne\u011fi Bursa \u015eubesi<\/a>; Nil\u00fcfer Akk\u0131l\u0131\u00e7 K\u00fct\u00fcphanesi ile birlikte ayn\u0131 stand da yer alacak.<\/p>\n<p style=\"text-align: justify;\">Kaynak: Ayd\u0131n \u0130leri<\/p>\n","protected":false},"excerpt":{"rendered":"<p>T\u00fcyap, Bursa Kitap Fuar\u0131\u2019n\u0131n onuncu y\u0131l\u0131n\u0131 bir arma\u011fan kitapla ve bir sergiyle kutluyor: \u201cBursa\u2019y\u0131 Yazmak\u201d \u0130lk kez 11-16 Mart 2003\u2019te \u201cTarih ve K\u00fclt\u00fcr Kenti Bursa\u201d temas\u0131yla d\u00fczenlenen fuar, h\u0131zla geli\u015ferek bug\u00fcne geldi. Bursa\u2019n\u0131n k\u00f6kl\u00fc tarihi, k\u00fclt\u00fcr\u00fc ve sanat gelene\u011finin fuar\u0131n geli\u015fmesinin en \u00f6nemli etkeni oldu.<\/p>\n","protected":false},"author":1,"featured_media":0,"comment_status":"open","ping_status":"open","sticky":false,"template":"","format":"standard","meta":{"footnotes":""},"categories":[1476,1,1493,1607],"tags":[],"class_list":["post-2963","post","type-post","status-publish","format-standard","hentry","category-aydin-ileri","category-genel","category-kitap-fuarlari-2","category-turk-kutuphaneciler-dernegi-tkd"],"_links":{"self":[{"href":"https:\/\/www.bbyhaber.com\/bby\/wp-json\/wp\/v2\/posts\/2963"}],"collection":[{"href":"https:\/\/www.bbyhaber.com\/bby\/wp-json\/wp\/v2\/posts"}],"about":[{"href":"https:\/\/www.bbyhaber.com\/bby\/wp-json\/wp\/v2\/types\/post"}],"author":[{"embeddable":true,"href":"https:\/\/www.bbyhaber.com\/bby\/wp-json\/wp\/v2\/users\/1"}],"replies":[{"embeddable":true,"href":"https:\/\/www.bbyhaber.com\/bby\/wp-json\/wp\/v2\/comments?post=2963"}],"version-history":[{"count":0,"href":"https:\/\/www.bbyhaber.com\/bby\/wp-json\/wp\/v2\/posts\/2963\/revisions"}],"wp:attachment":[{"href":"https:\/\/www.bbyhaber.com\/bby\/wp-json\/wp\/v2\/media?parent=2963"}],"wp:term":[{"taxonomy":"category","embeddable":true,"href":"https:\/\/www.bbyhaber.com\/bby\/wp-json\/wp\/v2\/categories?post=2963"},{"taxonomy":"post_tag","embeddable":true,"href":"https:\/\/www.bbyhaber.com\/bby\/wp-json\/wp\/v2\/tags?post=2963"}],"curies":[{"name":"wp","href":"https:\/\/api.w.org\/{rel}","templated":true}]}}