{"id":2959,"date":"2012-03-09T18:21:14","date_gmt":"2012-03-09T18:21:14","guid":{"rendered":"http:\/\/www.bbyhaber.com\/bby\/?p=2959"},"modified":"2012-09-07T22:03:38","modified_gmt":"2012-09-07T19:03:38","slug":"kutuphane-dedektifleri-egitim-programi-istanbul","status":"publish","type":"post","link":"https:\/\/www.bbyhaber.com\/bby\/2012\/03\/09\/kutuphane-dedektifleri-egitim-programi-istanbul","title":{"rendered":"K\u00fct\u00fcphane Dedektifleri E\u011fitim Program\u0131-\u0130stanbul"},"content":{"rendered":"<p style=\"text-align: justify;\">\u0130stanbul Modern, 26 Mart-1 Nisan tarihleri aras\u0131ndaki K\u00fct\u00fcphane Haftas\u0131\u2019nda 9-12 ya\u015f aras\u0131ndaki \u00e7ocuklar i\u00e7in \u201cK\u00fct\u00fcphane Dedektifleri\u201d adl\u0131 bir e\u011fitim program\u0131 \u00a0d\u00fczenliyor. \u0130stanbul Modern K\u00fct\u00fcphane\u2019de ger\u00e7ekle\u015ftirilen programda Pazartesi hari\u00e7 hafta i\u00e7i her g\u00fcn okul gruplar\u0131 ve hafta sonu \u00e7ocuklar farkl\u0131 etkinliklere kat\u0131larak k\u00fct\u00fcpanelerin ya\u015fam\u0131m\u0131zdaki \u00f6nemi konusunda fark\u0131ndal\u0131klar\u0131n\u0131 geli\u015ftiriyorlar.<!--more--><\/p>\n<p style=\"text-align: justify;\">Pazartesi hari\u00e7 hafta i\u00e7i her g\u00fcn 10.00, 13.00<\/p>\n<p style=\"text-align: justify;\">Hafta sonu 10.00, 13.00 ve 15.00<\/p>\n<p style=\"text-align: justify;\"><strong>Katolog Tarama Oyunu<\/strong><\/p>\n<p style=\"text-align: justify;\">Bu sanat oyunu, \u0130stanbul Modern\u2019in k\u00fct\u00fcphanesinde yer alan bilgisayarlarda k\u00fct\u00fcphane koleksiyonunda bulunan kitaplar\u0131n taranmas\u0131, k\u00fct\u00fcphane raflar\u0131ndaki yerlerinin \u00f6\u011frenilmesi ve sonunda kitab\u0131n i\u00e7inde bulunan bir sayfaya ula\u015f\u0131lmas\u0131 a\u015famalar\u0131n\u0131 i\u00e7eriyor. \u00c7ocuklara k\u00fct\u00fcphanede ara\u015ft\u0131rma yapmak i\u00e7in kullan\u0131lan ara\u00e7lar\u0131 ve y\u00f6ntemleri e\u011flenceli bi\u00e7imde aktarmay\u0131 ama\u00e7layan oyun, \u00e7ocuklar\u0131n k\u00fct\u00fcphane kitaplar\u0131nda sakl\u0131 resim ka\u011f\u0131tlar\u0131na ula\u015farak, bu ka\u011f\u0131tlara ortak bir resim \u00e7al\u0131\u015fmas\u0131 ger\u00e7ekle\u015ftirmeleri ile tamamlan\u0131yor.<\/p>\n<p style=\"text-align: justify;\">27, 28, 29, 30 Mart, 01 Nisan 2012 tarihlerinde saat 10.00\u2019da 31 Mart 2012 tarihinde 10.00 ve 15.00\u2019da<\/p>\n<p style=\"text-align: justify;\"><strong>Hayal Ar\u015fivi<\/strong><\/p>\n<p style=\"text-align: justify;\">Bu etkinlik, \u0130stanbul Modern\u2019in k\u00fct\u00fcphanesinde uygulanacak yeni bir hizmetin kapsam\u0131n\u0131 ilk defa \u00e7ocuklarla payla\u015f\u0131yor. Sanat\u00e7\u0131lardan al\u0131nan dosyalarla olu\u015fturulan ar\u015fiv bu etkinlikte ilk defa \u00e7ocuklar\u0131n kullan\u0131m\u0131na a\u00e7\u0131l\u0131yor. Etkinlik b\u00fcy\u00fck bir sepetin i\u00e7ine koyulmu\u015f gazete k\u00fcp\u00fcr\u00fc, davetiye, bro\u015f\u00fcr, el ilan\u0131 ve \u00e7e\u015fitli nesnelerden olu\u015fan malzemelerin s\u0131n\u0131fland\u0131r\u0131lmas\u0131 ile ba\u015fl\u0131yor. \u00c7ocuklar malzeme \u00e7e\u015fitlili\u011fine g\u00f6re bu nesneleri s\u0131n\u0131fland\u0131r\u0131p, tarih s\u0131ralamas\u0131na sokup zarfl\u0131yor ve numaraland\u0131rarak hayal ar\u015fivlerini tamaml\u0131yorlar. Ard\u0131ndan \u0130stanbul Modern\u2019in kendi sanat\u00e7\u0131 ar\u015fivinin kapsam\u0131 hakk\u0131nda bilgi edinip bu ar\u015fivde yer alan baz\u0131 malzemelerin kopyalar\u0131yla kendi ar\u015fivlerindeki malzemeleri birle\u015ftirdikleri bir kolaj \u00e7al\u0131\u015fmas\u0131 ger\u00e7ekle\u015ftiriyorlar. B\u00f6ylece \u00e7ocuklar bir ar\u015fiv \u00e7al\u0131\u015fmas\u0131n\u0131n temel ilkelerini uygulamal\u0131 ve e\u011flenceli bir e\u011fitim program\u0131yla \u00f6\u011freniyorlar.<\/p>\n<p style=\"text-align: justify;\">27, 28,29,30,31 Mart 2012 tarihinde saat 13.00\u2019da 01 Nisan 2012 tarihinde 13.00 ve 15.00\u2019da<\/p>\n<p style=\"text-align: justify;\"><strong>E\u011fitim s\u00fcresi 90 dakikad\u0131r. Rezervasyon gereklidir.<\/strong><\/p>\n<p style=\"text-align: justify;\">Kaynak: http:\/\/www.istanbulmodern.org\/<\/p>\n","protected":false},"excerpt":{"rendered":"<p>\u0130stanbul Modern, 26 Mart-1 Nisan tarihleri aras\u0131ndaki K\u00fct\u00fcphane Haftas\u0131\u2019nda 9-12 ya\u015f aras\u0131ndaki \u00e7ocuklar i\u00e7in \u201cK\u00fct\u00fcphane Dedektifleri\u201d adl\u0131 bir e\u011fitim program\u0131 \u00a0d\u00fczenliyor. \u0130stanbul Modern K\u00fct\u00fcphane\u2019de ger\u00e7ekle\u015ftirilen programda Pazartesi hari\u00e7 hafta i\u00e7i her g\u00fcn okul gruplar\u0131 ve hafta sonu \u00e7ocuklar farkl\u0131 etkinliklere kat\u0131larak k\u00fct\u00fcpanelerin ya\u015fam\u0131m\u0131zdaki \u00f6nemi konusunda fark\u0131ndal\u0131klar\u0131n\u0131 geli\u015ftiriyorlar.<\/p>\n","protected":false},"author":1,"featured_media":0,"comment_status":"open","ping_status":"open","sticky":false,"template":"","format":"standard","meta":{"footnotes":""},"categories":[1469],"tags":[1461],"class_list":["post-2959","post","type-post","status-publish","format-standard","hentry","category-48-kutuphane-haftasi","tag-kutuphane-haftasi"],"_links":{"self":[{"href":"https:\/\/www.bbyhaber.com\/bby\/wp-json\/wp\/v2\/posts\/2959"}],"collection":[{"href":"https:\/\/www.bbyhaber.com\/bby\/wp-json\/wp\/v2\/posts"}],"about":[{"href":"https:\/\/www.bbyhaber.com\/bby\/wp-json\/wp\/v2\/types\/post"}],"author":[{"embeddable":true,"href":"https:\/\/www.bbyhaber.com\/bby\/wp-json\/wp\/v2\/users\/1"}],"replies":[{"embeddable":true,"href":"https:\/\/www.bbyhaber.com\/bby\/wp-json\/wp\/v2\/comments?post=2959"}],"version-history":[{"count":0,"href":"https:\/\/www.bbyhaber.com\/bby\/wp-json\/wp\/v2\/posts\/2959\/revisions"}],"wp:attachment":[{"href":"https:\/\/www.bbyhaber.com\/bby\/wp-json\/wp\/v2\/media?parent=2959"}],"wp:term":[{"taxonomy":"category","embeddable":true,"href":"https:\/\/www.bbyhaber.com\/bby\/wp-json\/wp\/v2\/categories?post=2959"},{"taxonomy":"post_tag","embeddable":true,"href":"https:\/\/www.bbyhaber.com\/bby\/wp-json\/wp\/v2\/tags?post=2959"}],"curies":[{"name":"wp","href":"https:\/\/api.w.org\/{rel}","templated":true}]}}