{"id":2954,"date":"2012-03-09T18:12:18","date_gmt":"2012-03-09T18:12:18","guid":{"rendered":"http:\/\/www.bbyhaber.com\/bby\/?p=2954"},"modified":"2012-09-07T13:02:18","modified_gmt":"2012-09-07T10:02:18","slug":"48-kutuphane-haftasi-ilk-gunu-tum-il-meydanlarinda-kitap-okuma-etkinligi","status":"publish","type":"post","link":"https:\/\/www.bbyhaber.com\/bby\/2012\/03\/09\/48-kutuphane-haftasi-ilk-gunu-tum-il-meydanlarinda-kitap-okuma-etkinligi","title":{"rendered":"48. K\u00fct\u00fcphane Haftas\u0131&#8217;n\u0131\u200bn ilk g\u00fcn\u00fcnde t\u00fcm il meydanlar\u0131nda kitap okuma etkinli\u011fi yap\u0131lacak"},"content":{"rendered":"<p style=\"text-align: justify;\">&#8220;Okuma Etkinli\u011fi&#8221; \u00e7al\u0131\u015fmas\u0131 TKD Gen\u00e7lik \u00c7al\u0131\u015fma Gurubu olan <a href=\"http:\/\/tkdkampus.kutuphaneci.org.tr\/\" target=\"_blank\">TKD Kamp\u00fcs<\/a>&#8216;un bir projesidir. (48. K\u00fct\u00fcphane Haftas\u0131n\u0131n ilk g\u00fcn\u00fcnde -26 Mart 2012- 81 il merkezlerinde ve illere ba\u011fl\u0131 il\u00e7elerde 12.30-13.00 saat aral\u0131\u011f\u0131nda ger\u00e7ekle\u015fmesi planlanan etkinlik; toplumun kitap ve k\u00fct\u00fcphaneye ilgisini \u00e7ekmek, toplumda okuma al\u0131\u015fkanl\u0131\u011f\u0131 konusunda fark\u0131ndal\u0131k yaratmay\u0131 ama\u00e7layan toplu kitap okuma faaliyetidir.)\u00a0 Bu projede gen\u00e7 k\u00fct\u00fcphaneci adaylar\u0131na TKD Genel Merkezi ve\u00a0 Prof. Dr. B\u00fclent Y\u0131lmaz\u00a0 destek oluyor.<!--more--><\/p>\n<p style=\"text-align: justify;\">B\u00fcrokratik s\u00fcre\u00e7lerde ve i\u015fin organizasyonunda gen\u00e7 arkada\u015flar\u0131m\u0131z sorun ya\u015famas\u0131nlar diye bizlerde sorumluluk alarak \u00e7al\u0131\u015fmaya destek olduk.Valiliklerin b\u00fcrokratik s\u00fcre\u00e7lerini \u00f6nceden a\u015fmak i\u00e7in, Genel Ba\u015fkan imzas\u0131 t\u00fcm valiliklere ile\u00a0 faks \u00e7ekildi. valilikler taraf\u0131ndan \u00e7al\u0131\u015fmam\u0131z \u00e7ok olumlu kar\u015f\u0131land\u0131.Hemen hemen t\u00fcm valilikler kanal\u0131yla il ve il\u00e7e halk k\u00fct\u00fcphanelerine ve ilgili e\u011fitim ve k\u00fclt\u00fcr kurumlar\u0131na okuma etkinli\u011finin yap\u0131lmas\u0131 y\u00f6n\u00fcnde olumlu yaz\u0131lar g\u00f6nderdi.\u0130l ve il\u00e7e halk k\u00fct\u00fcphane y\u00f6neticilerinin etkinlik konusunda bizlere geri d\u00f6n\u00fc\u015fler ba\u015flad\u0131. \u00c7al\u0131\u015fmaya Toplum G\u00f6n\u00fcll\u00fcs\u00fc Gen\u00e7ler \u00f6rg\u00fctl\u00fc olduklar\u0131 illerde destek sunacak. (\u00d6nceki y\u0131llarda &#8220;Kitap Okuyoruz&#8221; temas\u0131yla bir \u00e7ok ilde ayn\u0131 anda kitap okuma etkinlikleri ger\u00e7ekle\u015ftirmi\u015f, bu \u00e7al\u0131\u015fmalar\u0131 birlikte ger\u00e7ekle\u015ftiren il halk k\u00fct\u00fcphaneleri olmu\u015ftu. \u00d6rne\u011fin: \u0130zmir, Eski\u015fehir vd.)<\/p>\n<p style=\"text-align: justify;\">Sizlerden ricam\u0131z, t\u00fcm meslekta\u015flar\u0131m\u0131z\u0131n kendi yerellerinde, \u00dcniversite K\u00fct\u00fcphanesi, \u0130l ve \u0130l\u00e7e Halk K\u00fct\u00fcphaneleri-e\u011fitim ve k\u00fclt\u00fcr kurumlar\u0131 ile ili\u015fkilenerek kendi il ve il\u00e7e etkinlik programlar\u0131n\u0131za dahil etmeniz, ayn\u0131 g\u00fcnde, ayn\u0131 saatte, 81 ilde ger\u00e7ekle\u015ftirece\u011fimiz \u00e7al\u0131\u015fmam\u0131za g\u00fc\u00e7 katman\u0131z.Etkinli\u011fin ba\u015far\u0131l\u0131 ge\u00e7mesi i\u00e7in i\u015fbirli\u011fi ve deste\u011finiz \u00e7ok \u00f6nemli.Konu hakk\u0131nda geli\u015fmeler olduk\u00e7a sizleri bilgilendirece\u011fiz.Konu hakk\u0131ndaki soru, \u00f6neri ve di\u011fer payla\u015f\u0131mlar\u0131n\u0131z\u0131 gen\u00e7 meslekta\u015flar\u0131m\u0131za ve\u00a0 bana iletebilirsiniz.Meslek grubumuzun olumsuzluklarla kar\u015f\u0131la\u015ft\u0131\u011f\u0131 bug\u00fcnlerde 48. K\u00fct\u00fcphane Haftas\u0131n\u0131 her yerde, her alanda sesimizi y\u00fckseltece\u011fimiz bir platforma \u00e7evirmek bizim elimizde.<\/p>\n<p style=\"text-align: justify;\">48. K\u00fct\u00fcphane Haftas\u0131nda yerel ve ulusal \u00e7al\u0131\u015fmalarda mesle\u011fimizin g\u00fcc\u00fcn\u00fc daha fazla halkla ili\u015fkiler \u00e7al\u0131\u015fmas\u0131n\u0131 hayata ge\u00e7irerek duyurabiliriz. Sizleri 48. K\u00fct\u00fcphane Haftas\u0131n\u0131n a\u00e7\u0131l\u0131\u015f g\u00fcn\u00fc olan 26 Mart 2012 tarihinde saat 12.30-13.00 aras\u0131nda ger\u00e7ekle\u015fecek olan e\u015f zamanl\u0131 kitap okuma etkinli\u011fimize hep birlikte organize etmeye \u00e7a\u011f\u0131r\u0131yoruz. K\u00fct\u00fcphane haftas\u0131 \u00e7al\u0131\u015fmalar\u0131nda t\u00fcm meslekta\u015flar\u0131m\u0131za ba\u015far\u0131lar diliyoruz.<\/p>\n<p style=\"text-align: justify;\">Kaynak:<br \/>\nT\u00fcrk K\u00fct\u00fcphaneciler Derne\u011fi Genel Merkezi Ad\u0131na<br \/>\n\u015eubelerden Sorumlu Genel Ba\u015fkan Yard\u0131mc\u0131s\u0131<br \/>\nAyd\u0131n \u0130leri<br \/>\nhttp:\/\/twitter.com\/aydinileri<\/p>\n","protected":false},"excerpt":{"rendered":"<p>&#8220;Okuma Etkinli\u011fi&#8221; \u00e7al\u0131\u015fmas\u0131 TKD Gen\u00e7lik \u00c7al\u0131\u015fma Gurubu olan TKD Kamp\u00fcs&#8216;un bir projesidir. (48. K\u00fct\u00fcphane Haftas\u0131n\u0131n ilk g\u00fcn\u00fcnde -26 Mart 2012- 81 il merkezlerinde ve illere ba\u011fl\u0131 il\u00e7elerde 12.30-13.00 saat aral\u0131\u011f\u0131nda ger\u00e7ekle\u015fmesi planlanan etkinlik; toplumun kitap ve k\u00fct\u00fcphaneye ilgisini \u00e7ekmek, toplumda okuma al\u0131\u015fkanl\u0131\u011f\u0131 konusunda fark\u0131ndal\u0131k yaratmay\u0131 ama\u00e7layan toplu kitap okuma faaliyetidir.)\u00a0 Bu projede gen\u00e7 k\u00fct\u00fcphaneci adaylar\u0131na [&hellip;]<\/p>\n","protected":false},"author":1,"featured_media":0,"comment_status":"open","ping_status":"open","sticky":false,"template":"","format":"standard","meta":{"footnotes":""},"categories":[1469,1476,1495,1496,1590],"tags":[1461],"class_list":["post-2954","post","type-post","status-publish","format-standard","hentry","category-48-kutuphane-haftasi","category-aydin-ileri","category-kitap-okuma-aliskanligi","category-kitap-okuma-etkinligi","category-okuma-kulturu","tag-kutuphane-haftasi"],"_links":{"self":[{"href":"https:\/\/www.bbyhaber.com\/bby\/wp-json\/wp\/v2\/posts\/2954"}],"collection":[{"href":"https:\/\/www.bbyhaber.com\/bby\/wp-json\/wp\/v2\/posts"}],"about":[{"href":"https:\/\/www.bbyhaber.com\/bby\/wp-json\/wp\/v2\/types\/post"}],"author":[{"embeddable":true,"href":"https:\/\/www.bbyhaber.com\/bby\/wp-json\/wp\/v2\/users\/1"}],"replies":[{"embeddable":true,"href":"https:\/\/www.bbyhaber.com\/bby\/wp-json\/wp\/v2\/comments?post=2954"}],"version-history":[{"count":0,"href":"https:\/\/www.bbyhaber.com\/bby\/wp-json\/wp\/v2\/posts\/2954\/revisions"}],"wp:attachment":[{"href":"https:\/\/www.bbyhaber.com\/bby\/wp-json\/wp\/v2\/media?parent=2954"}],"wp:term":[{"taxonomy":"category","embeddable":true,"href":"https:\/\/www.bbyhaber.com\/bby\/wp-json\/wp\/v2\/categories?post=2954"},{"taxonomy":"post_tag","embeddable":true,"href":"https:\/\/www.bbyhaber.com\/bby\/wp-json\/wp\/v2\/tags?post=2954"}],"curies":[{"name":"wp","href":"https:\/\/api.w.org\/{rel}","templated":true}]}}