{"id":2951,"date":"2012-03-09T18:03:46","date_gmt":"2012-03-09T15:03:46","guid":{"rendered":"http:\/\/www.bbyhaber.com\/bby\/?p=2951"},"modified":"2017-01-11T15:02:22","modified_gmt":"2017-01-11T12:02:22","slug":"sehit-ogretmen-adina-memleketi-ankarada-kutuphane-kuruldu","status":"publish","type":"post","link":"https:\/\/www.bbyhaber.com\/bby\/2012\/03\/09\/sehit-ogretmen-adina-memleketi-ankarada-kutuphane-kuruldu","title":{"rendered":"\u015eehit \u00f6\u011fretmen ad\u0131na memleketi Ankara&#8217;da k\u00fct\u00fcphane kuruldu"},"content":{"rendered":"<p style=\"text-align: justify;\">Van depreminde hayat\u0131n\u0131 kaybeden Ankaral\u0131 \u00f6\u011fretmen Bet\u00fcl Can(28) ad\u0131na \u00c7ankaya K\u0131l\u0131\u00e7 Ali Pa\u015fa \u0130lk\u00f6\u011fretim Okulu&#8217;nda bir k\u00fct\u00fcphane kuruldu. K\u00fct\u00fcphane i\u00e7in Ankara genelinde kitap ba\u011f\u0131\u015flama kampanyas\u0131 ba\u015flatan okul idaresine en b\u00fcy\u00fck deste\u011fi \u00c7ankaya \u00d6mer Seyfettin Lisesi verdi. \u00d6mer Seyfettin Lisesi Okul M\u00fcd\u00fcr\u00fc Ahmet Y\u0131lmaz ve Ba\u015fm\u00fcd\u00fcr Yard\u0131mc\u0131s\u0131 Nurver Binbo\u011fa \u00f6nc\u00fcl\u00fc\u011f\u00fcnde okul \u00f6\u011fretmenleri ve \u00f6\u011frencileri taraf\u0131ndan toplanan bin 300 kitap, K\u0131l\u0131\u00e7 Ali Pa\u015fa \u0130lk\u00f6\u011fretim Okulu&#8217;ndaki Bet\u00fcl Can K\u00fct\u00fcphanesi&#8217;ne ba\u011f\u0131\u015fland\u0131.<!--more--><\/p>\n<p style=\"text-align: justify;\">\u015eehit \u00f6\u011fretmen Bet\u00fcl Can ad\u0131na yap\u0131lan k\u00fct\u00fcphaneye en \u00e7ok kitap ba\u011f\u0131\u015flayan \u00d6mer Seyfettin Lisesi&#8217;ne \u00c7ankaya Kaymakam\u0131 Mehmet Ali Y\u0131ld\u0131r\u0131m, \u00c7ankaya Milli E\u011fitim M\u00fcd\u00fcr\u00fc Haluk Saydan ve K\u0131l\u0131\u00e7 Ali Pa\u015fa \u0130lk\u00f6\u011fretim Okulu M\u00fcd\u00fcr\u00fc \u015eerafettin Fidanay te\u015fekk\u00fcr ziyaretinde bulundu. Okul m\u00fcd\u00fcr\u00fcn\u00fc ve \u00f6\u011frencileri bu duyarl\u0131 davran\u0131\u015flar\u0131 konusunda kutlayan Kaymakam Y\u0131ld\u0131r\u0131m, en \u00e7ok kitap ba\u011f\u0131\u015flayan 10 \u00f6\u011frenciye te\u015fekk\u00fcr belgesi verdi.<\/p>\n<p style=\"text-align: justify;\">Kaynak: http:\/\/yurthaber.mynet.com<\/p>\n","protected":false},"excerpt":{"rendered":"<p>Van depreminde hayat\u0131n\u0131 kaybeden Ankaral\u0131 \u00f6\u011fretmen Bet\u00fcl Can(28) ad\u0131na \u00c7ankaya K\u0131l\u0131\u00e7 Ali Pa\u015fa \u0130lk\u00f6\u011fretim Okulu&#8217;nda bir k\u00fct\u00fcphane kuruldu. K\u00fct\u00fcphane i\u00e7in Ankara genelinde kitap ba\u011f\u0131\u015flama kampanyas\u0131 ba\u015flatan okul idaresine en b\u00fcy\u00fck deste\u011fi \u00c7ankaya \u00d6mer Seyfettin Lisesi verdi. \u00d6mer Seyfettin Lisesi Okul M\u00fcd\u00fcr\u00fc Ahmet Y\u0131lmaz ve Ba\u015fm\u00fcd\u00fcr Yard\u0131mc\u0131s\u0131 Nurver Binbo\u011fa \u00f6nc\u00fcl\u00fc\u011f\u00fcnde okul \u00f6\u011fretmenleri ve \u00f6\u011frencileri taraf\u0131ndan toplanan [&hellip;]<\/p>\n","protected":false},"author":1,"featured_media":0,"comment_status":"open","ping_status":"open","sticky":false,"template":"","format":"standard","meta":{"footnotes":""},"categories":[1,1603],"tags":[],"class_list":["post-2951","post","type-post","status-publish","format-standard","hentry","category-genel","category-sehit-kutuphaneleri"],"_links":{"self":[{"href":"https:\/\/www.bbyhaber.com\/bby\/wp-json\/wp\/v2\/posts\/2951"}],"collection":[{"href":"https:\/\/www.bbyhaber.com\/bby\/wp-json\/wp\/v2\/posts"}],"about":[{"href":"https:\/\/www.bbyhaber.com\/bby\/wp-json\/wp\/v2\/types\/post"}],"author":[{"embeddable":true,"href":"https:\/\/www.bbyhaber.com\/bby\/wp-json\/wp\/v2\/users\/1"}],"replies":[{"embeddable":true,"href":"https:\/\/www.bbyhaber.com\/bby\/wp-json\/wp\/v2\/comments?post=2951"}],"version-history":[{"count":1,"href":"https:\/\/www.bbyhaber.com\/bby\/wp-json\/wp\/v2\/posts\/2951\/revisions"}],"predecessor-version":[{"id":20837,"href":"https:\/\/www.bbyhaber.com\/bby\/wp-json\/wp\/v2\/posts\/2951\/revisions\/20837"}],"wp:attachment":[{"href":"https:\/\/www.bbyhaber.com\/bby\/wp-json\/wp\/v2\/media?parent=2951"}],"wp:term":[{"taxonomy":"category","embeddable":true,"href":"https:\/\/www.bbyhaber.com\/bby\/wp-json\/wp\/v2\/categories?post=2951"},{"taxonomy":"post_tag","embeddable":true,"href":"https:\/\/www.bbyhaber.com\/bby\/wp-json\/wp\/v2\/tags?post=2951"}],"curies":[{"name":"wp","href":"https:\/\/api.w.org\/{rel}","templated":true}]}}