{"id":29403,"date":"2021-12-21T10:56:38","date_gmt":"2021-12-21T07:56:38","guid":{"rendered":"https:\/\/www.bbyhaber.com\/bby\/?p=29403"},"modified":"2021-12-26T17:46:19","modified_gmt":"2021-12-26T14:46:19","slug":"sanayi-ve-teknoloji-bakanligi-sozlesmeli-buro-personeli-ilani-son-basvuru-26-aralik-2021","status":"publish","type":"post","link":"https:\/\/www.bbyhaber.com\/bby\/2021\/12\/21\/sanayi-ve-teknoloji-bakanligi-sozlesmeli-buro-personeli-ilani-son-basvuru-26-aralik-2021","title":{"rendered":"Sanayi ve Teknoloji Bakanl\u0131\u011f\u0131 S\u00f6zle\u015fmeli B\u00fcro Personeli \u0130lan\u0131 | Son Ba\u015fvuru: 26 Aral\u0131k 2021"},"content":{"rendered":"<p><img loading=\"lazy\" decoding=\"async\" class=\"aligncenter wp-image-29407 \" src=\"https:\/\/www.bbyhaber.com\/bby\/wp-content\/uploads\/2021\/12\/Ilan-Sanayi-ve-Teknoloji-Bakanligi-buro-personeli.png\" alt=\"\" width=\"600\" height=\"300\" srcset=\"https:\/\/www.bbyhaber.com\/bby\/wp-content\/uploads\/2021\/12\/Ilan-Sanayi-ve-Teknoloji-Bakanligi-buro-personeli.png 1024w, https:\/\/www.bbyhaber.com\/bby\/wp-content\/uploads\/2021\/12\/Ilan-Sanayi-ve-Teknoloji-Bakanligi-buro-personeli-300x150.png 300w, https:\/\/www.bbyhaber.com\/bby\/wp-content\/uploads\/2021\/12\/Ilan-Sanayi-ve-Teknoloji-Bakanligi-buro-personeli-768x384.png 768w\" sizes=\"(max-width: 600px) 100vw, 600px\" \/><\/p>\n<p>657 say\u0131l\u0131 Devlet Memurlar\u0131 Kanununun 4\/B maddesi h\u00fckm\u00fc ile S\u00f6zle\u015fmeli Personel \u00c7al\u0131\u015ft\u0131r\u0131lmas\u0131na \u0130li\u015fkin Esaslar \u00e7er\u00e7evesinde s\u00f6zle\u015fmeli olarak \u00e7al\u0131\u015ft\u0131r\u0131lmak \u00fczere Sanayi ve Teknoloji Bakanl\u0131\u011f\u0131 merkez te\u015fkilat\u0131nda <strong>Bilgi ve Belge Y\u00f6netimi Mezunu 3 (\u00fc\u00e7) S\u00f6zle\u015fmeli B\u00fcro Personeli<\/strong> pozisyonuna, yaz\u0131l\u0131 ve\/veya s\u00f6zl\u00fc s\u0131nav yap\u0131lmaks\u0131z\u0131n KPSS (B) grubu puan s\u0131ralamas\u0131 esas al\u0131nmak suretiyle yerle\u015ftirme yap\u0131lacakt\u0131r.<\/p>\n<h5><strong><a href=\"https:\/\/www.ilan.gov.tr\/ilan\/898942\/personel-alimi-akademik-kadro-ve-egitim-ilanlari\/kamu-personel-alim-ve-sinavlari\/sanayi-ve-teknoloji-bakanligi-203-sozlesmeli-personel-alacak\" target=\"_blank\" rel=\"noopener noreferrer\">\u0130lan detaylar\u0131 i\u00e7in t\u0131klay\u0131n\u0131z.<\/a><\/strong><\/h5>\n<p>&nbsp;<\/p>\n<p><img decoding=\"async\" class=\"transparent\" src=\"https:\/\/isealimkariyerkapisi.cbiko.gov.tr\/UpsIlanResimleri\/tablo1.png\" alt=\"https:\/\/isealimkariyerkapisi.cbiko.gov.tr\/UpsIlanResimleri\/tablo1.png\" \/><\/p>\n","protected":false},"excerpt":{"rendered":"<p>657 say\u0131l\u0131 Devlet Memurlar\u0131 Kanununun 4\/B maddesi h\u00fckm\u00fc ile S\u00f6zle\u015fmeli Personel \u00c7al\u0131\u015ft\u0131r\u0131lmas\u0131na \u0130li\u015fkin Esaslar \u00e7er\u00e7evesinde s\u00f6zle\u015fmeli olarak \u00e7al\u0131\u015ft\u0131r\u0131lmak \u00fczere Sanayi ve Teknoloji Bakanl\u0131\u011f\u0131 merkez te\u015fkilat\u0131nda Bilgi ve Belge Y\u00f6netimi Mezunu 3 (\u00fc\u00e7) S\u00f6zle\u015fmeli B\u00fcro Personeli pozisyonuna, yaz\u0131l\u0131 ve\/veya s\u00f6zl\u00fc s\u0131nav yap\u0131lmaks\u0131z\u0131n KPSS (B) grubu puan s\u0131ralamas\u0131 esas al\u0131nmak suretiyle yerle\u015ftirme yap\u0131lacakt\u0131r. \u0130lan detaylar\u0131 i\u00e7in t\u0131klay\u0131n\u0131z. [&hellip;]<\/p>\n","protected":false},"author":129,"featured_media":29407,"comment_status":"open","ping_status":"open","sticky":false,"template":"","format":"standard","meta":{"footnotes":""},"categories":[],"tags":[1393],"class_list":["post-29403","post","type-post","status-publish","format-standard","has-post-thumbnail","hentry","tag-bby-is-ilanlari-arsivi"],"_links":{"self":[{"href":"https:\/\/www.bbyhaber.com\/bby\/wp-json\/wp\/v2\/posts\/29403"}],"collection":[{"href":"https:\/\/www.bbyhaber.com\/bby\/wp-json\/wp\/v2\/posts"}],"about":[{"href":"https:\/\/www.bbyhaber.com\/bby\/wp-json\/wp\/v2\/types\/post"}],"author":[{"embeddable":true,"href":"https:\/\/www.bbyhaber.com\/bby\/wp-json\/wp\/v2\/users\/129"}],"replies":[{"embeddable":true,"href":"https:\/\/www.bbyhaber.com\/bby\/wp-json\/wp\/v2\/comments?post=29403"}],"version-history":[{"count":3,"href":"https:\/\/www.bbyhaber.com\/bby\/wp-json\/wp\/v2\/posts\/29403\/revisions"}],"predecessor-version":[{"id":29411,"href":"https:\/\/www.bbyhaber.com\/bby\/wp-json\/wp\/v2\/posts\/29403\/revisions\/29411"}],"wp:featuredmedia":[{"embeddable":true,"href":"https:\/\/www.bbyhaber.com\/bby\/wp-json\/wp\/v2\/media\/29407"}],"wp:attachment":[{"href":"https:\/\/www.bbyhaber.com\/bby\/wp-json\/wp\/v2\/media?parent=29403"}],"wp:term":[{"taxonomy":"category","embeddable":true,"href":"https:\/\/www.bbyhaber.com\/bby\/wp-json\/wp\/v2\/categories?post=29403"},{"taxonomy":"post_tag","embeddable":true,"href":"https:\/\/www.bbyhaber.com\/bby\/wp-json\/wp\/v2\/tags?post=29403"}],"curies":[{"name":"wp","href":"https:\/\/api.w.org\/{rel}","templated":true}]}}