{"id":2938,"date":"2012-03-08T10:31:07","date_gmt":"2012-03-08T10:31:07","guid":{"rendered":"http:\/\/www.bbyhaber.com\/bby\/?p=2938"},"modified":"2012-06-27T18:29:41","modified_gmt":"2012-06-27T18:29:41","slug":"edebiyat-muzesi-acilisi-bekliyor-erzurum","status":"publish","type":"post","link":"https:\/\/www.bbyhaber.com\/bby\/2012\/03\/08\/edebiyat-muzesi-acilisi-bekliyor-erzurum","title":{"rendered":"Erzurumlu Emrah Edebiyat M\u00fcze K\u00fct\u00fcphanesi a\u00e7\u0131l\u0131\u015f\u0131 bekliyor-Erzurum"},"content":{"rendered":"<p style=\"text-align: justify;\">Erzurum&#8217;da kurulan &#8220;Erzurumlu Emrah Edebiyat M\u00fcze K\u00fct\u00fcphanesi&#8221; a\u00e7\u0131l\u0131\u015f t\u00f6renini bekliyor. Yoncal\u0131k semtinde bulunan \u0130l Halk K\u00fct\u00fcphanesinin hemen biti\u015fi\u011finde, eski Askeri Hamam&#8217;\u0131n bulundu\u011fu bina art\u0131k Erzurumlu Emrah Edebiyat M\u00fcze K\u00fct\u00fcphanesi olarak hizmet verecek. Restorasyon ve onar\u0131m \u00e7al\u0131\u015fmalar\u0131 b\u00fcy\u00fck \u00f6l\u00e7\u00fcde tamamlanm\u0131\u015f olan M\u00fcze K\u00fct\u00fcphane de haz\u0131rl\u0131klar son a\u015famas\u0131na geldi. Tarihi dokusu iyi korunmu\u015f bir mekan olmakla birlikte, M\u00fcze K\u00fct\u00fcphanenin i\u00e7 dekorasyonu da olduk\u00e7a etkileyici. <!--more--><\/p>\n<p style=\"text-align: justify;\">M\u00fcze-k\u00fct\u00fcphane birlikteli\u011fini iyi bir \u015fekilde yans\u0131tan ve i\u015flevlik kazanan bu yap\u0131 Erzurum\u2019un k\u00fclt\u00fcrel ya\u015fam\u0131na art\u0131 de\u011fer kazand\u0131rmas\u0131 ama\u00e7lan\u0131yor. Erzurumlu Emrah Edebiyat M\u00fcze K\u00fct\u00fcphanesi ayr\u0131ca bir sat\u0131\u015f b\u00f6l\u00fcm\u00fc de ziyaret\u00e7ilere hizmet verecek. K\u00fclt\u00fcr Bakanl\u0131\u011f\u0131na ait yay\u0131nlar\u0131, M\u00fcze-K\u00fct\u00fcphane\u2019nin sat\u0131\u015f b\u00f6l\u00fcm\u00fcnden almak m\u00fcmk\u00fcn olacak. Erzurumlu Emrah Edebiyat M\u00fcze K\u00fct\u00fcphanesi yak\u0131n zaman da, K\u00fclt\u00fcr ve Turizm Bakan\u0131 Ertu\u011frul G\u00fcnay\u2019\u0131n da kat\u0131laca\u011f\u0131 a\u00e7\u0131l\u0131\u015f t\u00f6reniyle birlikte, resmen halk\u0131m\u0131z\u0131n kullan\u0131m\u0131na a\u00e7\u0131lm\u0131\u015f olacak.<\/p>\n<p style=\"text-align: justify;\">Kaynak: http:\/\/www.erzurumgazetesi.com.tr\/<\/p>\n","protected":false},"excerpt":{"rendered":"<p>Erzurum&#8217;da kurulan &#8220;Erzurumlu Emrah Edebiyat M\u00fcze K\u00fct\u00fcphanesi&#8221; a\u00e7\u0131l\u0131\u015f t\u00f6renini bekliyor. Yoncal\u0131k semtinde bulunan \u0130l Halk K\u00fct\u00fcphanesinin hemen biti\u015fi\u011finde, eski Askeri Hamam&#8217;\u0131n bulundu\u011fu bina art\u0131k Erzurumlu Emrah Edebiyat M\u00fcze K\u00fct\u00fcphanesi olarak hizmet verecek. Restorasyon ve onar\u0131m \u00e7al\u0131\u015fmalar\u0131 b\u00fcy\u00fck \u00f6l\u00e7\u00fcde tamamlanm\u0131\u015f olan M\u00fcze K\u00fct\u00fcphane de haz\u0131rl\u0131klar son a\u015famas\u0131na geldi. Tarihi dokusu iyi korunmu\u015f bir mekan olmakla birlikte, [&hellip;]<\/p>\n","protected":false},"author":1,"featured_media":0,"comment_status":"open","ping_status":"open","sticky":false,"template":"","format":"standard","meta":{"footnotes":""},"categories":[1572,71],"tags":[],"class_list":["post-2938","post","type-post","status-publish","format-standard","hentry","category-edebiyat-ve-muze-kutuphaneleri","category-muze-kutuphaneleri-2"],"_links":{"self":[{"href":"https:\/\/www.bbyhaber.com\/bby\/wp-json\/wp\/v2\/posts\/2938"}],"collection":[{"href":"https:\/\/www.bbyhaber.com\/bby\/wp-json\/wp\/v2\/posts"}],"about":[{"href":"https:\/\/www.bbyhaber.com\/bby\/wp-json\/wp\/v2\/types\/post"}],"author":[{"embeddable":true,"href":"https:\/\/www.bbyhaber.com\/bby\/wp-json\/wp\/v2\/users\/1"}],"replies":[{"embeddable":true,"href":"https:\/\/www.bbyhaber.com\/bby\/wp-json\/wp\/v2\/comments?post=2938"}],"version-history":[{"count":0,"href":"https:\/\/www.bbyhaber.com\/bby\/wp-json\/wp\/v2\/posts\/2938\/revisions"}],"wp:attachment":[{"href":"https:\/\/www.bbyhaber.com\/bby\/wp-json\/wp\/v2\/media?parent=2938"}],"wp:term":[{"taxonomy":"category","embeddable":true,"href":"https:\/\/www.bbyhaber.com\/bby\/wp-json\/wp\/v2\/categories?post=2938"},{"taxonomy":"post_tag","embeddable":true,"href":"https:\/\/www.bbyhaber.com\/bby\/wp-json\/wp\/v2\/tags?post=2938"}],"curies":[{"name":"wp","href":"https:\/\/api.w.org\/{rel}","templated":true}]}}