{"id":2932,"date":"2012-03-07T14:46:46","date_gmt":"2012-03-07T14:46:46","guid":{"rendered":"http:\/\/www.bbyhaber.com\/bby\/?p=2932"},"modified":"2012-09-07T17:50:00","modified_gmt":"2012-09-07T14:50:00","slug":"belediyenin-yaptirdigi-kutuphane-torenle-hizmete-acildi-izmit","status":"publish","type":"post","link":"https:\/\/www.bbyhaber.com\/bby\/2012\/03\/07\/belediyenin-yaptirdigi-kutuphane-torenle-hizmete-acildi-izmit","title":{"rendered":"Belediye&#8217;nin Yapt\u0131rd\u0131\u011f\u0131 K\u00fct\u00fcphane T\u00f6renle Hizmete A\u00e7\u0131ld\u0131-\u0130zmit"},"content":{"rendered":"<p style=\"text-align: justify;\">Kuru\u00e7e\u015fme K\u0131l\u0131\u00e7arslan \u0130lk\u00f6\u011fretim Okulu\u2019nun k\u00fct\u00fcphanesinin yeniden d\u00fczenlenip a\u00e7\u0131ld\u0131\u011f\u0131 t\u00f6rene protokol, okul y\u00f6neticileri, okul aile birli\u011fi y\u00f6neticileri \u00f6\u011fretmenler ve \u00f6\u011frenciler kat\u0131ld\u0131. T\u00f6rende ayr\u0131ca \u0130zmit Kaymakaml\u0131\u011f\u0131, \u0130zmit Belediyesi ve \u0130zmit \u0130l\u00e7e Milli E\u011fitim M\u00fcd\u00fcrl\u00fc\u011f\u00fc\u2019n\u00fcn ortak d\u00fczenledikleri \u201cAnnem Babam Okuyor\u201d kampanyas\u0131na okul velilerinin kat\u0131l\u0131m\u0131 sa\u011fland\u0131. <!--more-->Asl\u0131nda okul k\u00fct\u00fcphanesinin a\u00e7\u0131l\u0131\u015f\u0131n\u0131n arkas\u0131nda ge\u00e7en y\u0131l \u00e7ok sevdikleri evlatlar\u0131n\u0131 hasal\u0131k sonucu yitiren bir ailenin de dram\u0131 oldu\u011fu anla\u015f\u0131ld\u0131. Kuru\u00e7e\u015fmeli Keskin ailesi K\u0131l\u0131\u00e7arslan \u0130lk\u00f6\u011fretim Okulu\u2019nda e\u011fitimine devam eden b\u00fcy\u00fck k\u0131zlar\u0131 Tu\u011fcan Keskin\u2019i kaybettikten sonra evlatlar\u0131n\u0131n ad\u0131n\u0131n okudu\u011fu okulda ya\u015fat\u0131lmas\u0131 i\u00e7in okul k\u00fct\u00fcphanesini yeniden d\u00fczenleyerek daha i\u015flevsel hale d\u00f6n\u00fc\u015ft\u00fcrd\u00fcler. A\u00e7\u0131l\u0131\u015f t\u00f6reninde Tu\u011fcan\u2019\u0131n anne-babas\u0131, Baht\u0131\u015fen Keskin ve G\u00fcltekin Keskin ile yine ayn\u0131 okulda e\u011fitim g\u00f6ren k\u0131z karde\u015fi Melis Keskin de yer ald\u0131.<\/p>\n<p style=\"text-align: justify;\">Kuru\u00e7e\u015fme K\u0131l\u0131\u00e7arslan \u0130lk\u00f6\u011fretim Okulu\u2019ndaki t\u00f6rene \u0130zmit Kaymakam\u0131 Sabit Kaya, \u0130zmit Belediye Ba\u015fkan\u0131 Dr. Nevzat Do\u011fan, \u0130zmit \u0130l\u00e7e Milli E\u011fitim M\u00fcd\u00fcr\u00fc Sezgin \u00c7uhadar, Okul M\u00fcd\u00fcr\u00fc Selahattin G\u00fcl ve \u00e7ok say\u0131da vatanda\u015f kat\u0131ld\u0131. Okul M\u00fcd\u00fcr\u00fcn\u00fcn konu\u015fmas\u0131 sonras\u0131 k\u00fct\u00fcphaneye ad\u0131 verilen Tu\u011fcan Keskin\u2019in k\u0131z karde\u015fi Melis ablas\u0131 i\u00e7in yazd\u0131\u011f\u0131 mektubu okumak \u00fczere k\u00fcrs\u00fcye geldi. Ancak duygusal bir havan\u0131n hakim oldu\u011fu t\u00f6rende mektubu okurken h\u0131\u00e7k\u0131r\u0131klara bo\u011fulan Melis\u2019in yard\u0131m\u0131na Ba\u015fkan Do\u011fan ko\u015ftu. Melis\u2019i bir s\u00fcre teskin eden Do\u011fan, daha sonra k\u00fc\u00e7\u00fck k\u0131z\u0131n mektubunu alarak onun ad\u0131na kendisi tamamlad\u0131. Do\u011fan, daha sonra kendi ad\u0131na yapt\u0131\u011f\u0131 konu\u015fmada bir e\u011fitim kurumunda ad\u0131 sonsuza dek ya\u015fat\u0131lacak Tu\u011fcan\u2019a Allahtan rahmet dileyerek kederli aileye de b\u00f6yle bir hay\u0131r i\u015fini ger\u00e7ekle\u015ftirdikleri i\u00e7in te\u015fekk\u00fcr etti. Do\u011fan, e\u011fitim alan\u0131nda \u0130zmit genelinde son y\u0131llarda \u00e7ok g\u00fczel \u00e7al\u0131\u015fmalar yap\u0131ld\u0131\u011f\u0131na dikkati \u00e7ekerek, \u201cKurumlar\u0131m\u0131z aras\u0131nda i\u015fbirli\u011fine dayal\u0131 g\u00fczel \u00e7al\u0131\u015fmalara hep birlikte imza at\u0131yoruz. Bug\u00fcn k\u00fct\u00fcphanemizin a\u00e7\u0131l\u0131\u015f\u0131 ile birlikte bu b\u00f6lgede de start\u0131n\u0131 verece\u011fimiz annem babam okuyor kampanyas\u0131 bu i\u015fbirli\u011finin en g\u00fczel \u00f6rneklerinden birisidir. Bu proje giderek yayg\u0131nla\u015f\u0131yor. \u015eimdiye kadar 7688 veli bu projeye kat\u0131ld\u0131. Proje ba\u015flad\u0131\u011f\u0131ndan beri 15627 adet kitap okunmu\u015ftur\u201d diyerek s\u00f6zlerini tamamlad\u0131. \u0130l\u00e7e Milli E\u011fitim M\u00fcd\u00fcr\u00fc Sezgin \u00c7uhadar ve \u0130zmit Kaymakam\u0131 Sabit Kaya da t\u00f6rende bir konu\u015fma yaparak evlatlar\u0131 ad\u0131na okula yeni bir k\u00fct\u00fcphane kazand\u0131ran Keskin ailesine te\u015fekk\u00fcr ettiler.<\/p>\n<p style=\"text-align: justify;\">T\u00f6rende okul m\u00fcd\u00fcr\u00fc taraf\u0131ndan Baht\u0131\u015fen-G\u00fcltekin Keskin \u00e7iftine g\u00fcn\u00fcn an\u0131s\u0131na plaket verildi. Ayr\u0131ca protokol \u00fcyelerine de e\u011fitime verdikleri katk\u0131lardan dolay\u0131 \u00f6\u011frenciler ve okul aile birl\u015fi\u011fi \u00fcyeleri taraf\u0131ndan \u00e7i\u00e7ek takdim edildi.<br \/>\nKaynak : http:\/\/www.haber3.com\/<\/p>\n","protected":false},"excerpt":{"rendered":"<p>Kuru\u00e7e\u015fme K\u0131l\u0131\u00e7arslan \u0130lk\u00f6\u011fretim Okulu\u2019nun k\u00fct\u00fcphanesinin yeniden d\u00fczenlenip a\u00e7\u0131ld\u0131\u011f\u0131 t\u00f6rene protokol, okul y\u00f6neticileri, okul aile birli\u011fi y\u00f6neticileri \u00f6\u011fretmenler ve \u00f6\u011frenciler kat\u0131ld\u0131. T\u00f6rende ayr\u0131ca \u0130zmit Kaymakaml\u0131\u011f\u0131, \u0130zmit Belediyesi ve \u0130zmit \u0130l\u00e7e Milli E\u011fitim M\u00fcd\u00fcrl\u00fc\u011f\u00fc\u2019n\u00fcn ortak d\u00fczenledikleri \u201cAnnem Babam Okuyor\u201d kampanyas\u0131na okul velilerinin kat\u0131l\u0131m\u0131 sa\u011fland\u0131.<\/p>\n","protected":false},"author":1,"featured_media":0,"comment_status":"open","ping_status":"open","sticky":false,"template":"","format":"standard","meta":{"footnotes":""},"categories":[],"tags":[845],"class_list":["post-2932","post","type-post","status-publish","format-standard","hentry","tag-okul-kutuphaneleri"],"_links":{"self":[{"href":"https:\/\/www.bbyhaber.com\/bby\/wp-json\/wp\/v2\/posts\/2932"}],"collection":[{"href":"https:\/\/www.bbyhaber.com\/bby\/wp-json\/wp\/v2\/posts"}],"about":[{"href":"https:\/\/www.bbyhaber.com\/bby\/wp-json\/wp\/v2\/types\/post"}],"author":[{"embeddable":true,"href":"https:\/\/www.bbyhaber.com\/bby\/wp-json\/wp\/v2\/users\/1"}],"replies":[{"embeddable":true,"href":"https:\/\/www.bbyhaber.com\/bby\/wp-json\/wp\/v2\/comments?post=2932"}],"version-history":[{"count":0,"href":"https:\/\/www.bbyhaber.com\/bby\/wp-json\/wp\/v2\/posts\/2932\/revisions"}],"wp:attachment":[{"href":"https:\/\/www.bbyhaber.com\/bby\/wp-json\/wp\/v2\/media?parent=2932"}],"wp:term":[{"taxonomy":"category","embeddable":true,"href":"https:\/\/www.bbyhaber.com\/bby\/wp-json\/wp\/v2\/categories?post=2932"},{"taxonomy":"post_tag","embeddable":true,"href":"https:\/\/www.bbyhaber.com\/bby\/wp-json\/wp\/v2\/tags?post=2932"}],"curies":[{"name":"wp","href":"https:\/\/api.w.org\/{rel}","templated":true}]}}