{"id":29276,"date":"2021-09-18T22:38:49","date_gmt":"2021-09-18T19:38:49","guid":{"rendered":"https:\/\/www.bbyhaber.com\/bby\/?p=29276"},"modified":"2023-10-17T16:40:42","modified_gmt":"2023-10-17T13:40:42","slug":"istanbul-buyuksehir-belediyesi-edebiyat-sanat-tarihi-ve-arkeoloji-mezunu-kutuphaneci-aliyor","status":"publish","type":"post","link":"https:\/\/www.bbyhaber.com\/bby\/2021\/09\/18\/istanbul-buyuksehir-belediyesi-edebiyat-sanat-tarihi-ve-arkeoloji-mezunu-kutuphaneci-aliyor","title":{"rendered":"\u0130stanbul B\u00fcy\u00fck\u015fehir Belediyesi Edebiyat, Sanat Tarihi ve Arkeoloji Mezunu K\u00fct\u00fcphaneci Al\u0131yor!"},"content":{"rendered":"<p><img loading=\"lazy\" decoding=\"async\" class=\"size-medium wp-image-29277 aligncenter\" src=\"https:\/\/www.bbyhaber.com\/bby\/wp-content\/uploads\/2021\/09\/ibbkutuphanecialimi-300x157.png\" alt=\"\" width=\"300\" height=\"157\" srcset=\"https:\/\/www.bbyhaber.com\/bby\/wp-content\/uploads\/2021\/09\/ibbkutuphanecialimi-300x157.png 300w, https:\/\/www.bbyhaber.com\/bby\/wp-content\/uploads\/2021\/09\/ibbkutuphanecialimi-1024x536.png 1024w, https:\/\/www.bbyhaber.com\/bby\/wp-content\/uploads\/2021\/09\/ibbkutuphanecialimi-768x402.png 768w, https:\/\/www.bbyhaber.com\/bby\/wp-content\/uploads\/2021\/09\/ibbkutuphanecialimi.png 1200w\" sizes=\"(max-width: 300px) 100vw, 300px\" \/>\u0130stanbul B\u00fcy\u00fck\u015fehir Belediyesi taraf\u0131ndan <a href=\"https:\/\/kariyer.ibb.istanbul\/ilanlar\/kutuphaneci-1677\">https:\/\/kariyer.ibb.istanbul\/ilanlar\/kutuphaneci-1677<\/a> adresindeki ilanda <strong>K\u00fct\u00fcphaneci<\/strong> al\u0131m\u0131 yap\u0131laca\u011f\u0131 belirtilmi\u015ftir.<\/p>\n<p>Ancak ilanda Edebiyat, Sanat Tarihi ve Arkeoloji b\u00f6l\u00fcm\u00fc mezunlar\u0131 da <strong>K\u00fct\u00fcphaneci\u00a0<\/strong>olarak de\u011ferlendirilmi\u015f ve nitelikler k\u0131sm\u0131nda da Bilgi ve Belge Y\u00f6netimi b\u00f6l\u00fcm\u00fcnden \u00f6nce yer alm\u0131\u015flard\u0131r.<\/p>\n<p>Mesleki anlamda <strong>K\u00fct\u00fcphaneci\u00a0<\/strong>unvan\u0131n\u0131 ta\u015f\u0131mak i\u00e7in <strong>Bilgi ve Belge Y\u00f6netimi<\/strong> veya eski ad\u0131yla <strong>K\u00fct\u00fcphanecilik<\/strong> b\u00f6l\u00fcm\u00fc mezunu olmak gerekirken verilen ilanda ba\u015fka b\u00f6l\u00fcmlerin de <strong>K\u00fct\u00fcphaneci<\/strong> olarak nitelendirilmesi mesleki itibar a\u00e7\u0131s\u0131ndan olumsuz bir alg\u0131 yaratmaktad\u0131r.\u00a0 Ayr\u0131ca bu t\u00fcr ilanlar b\u00f6l\u00fcm mezunlar\u0131m\u0131z\u0131n istihdam\u0131n\u0131 da sekteye u\u011fratmaktad\u0131r.<\/p>\n<p>\u0130stanbul B\u00fcy\u00fck\u015fehir Belediyesi taraf\u0131ndan payla\u015f\u0131lan ilana a\u015fa\u011f\u0131daki ba\u011flant\u0131lardan ula\u015fabilirsiniz.<\/p>\n<p><a href=\"https:\/\/kariyer.ibb.istanbul\/ilanlar\/kutuphaneci-1677\" target=\"_blank\" rel=\"noopener noreferrer\">https:\/\/kariyer.ibb.istanbul\/ilanlar\/kutuphaneci-1677<\/a><\/p>\n<p><a href=\"https:\/\/web.archive.org\/web\/20210918192937\/https:\/\/kariyer.ibb.istanbul\/ilanlar\/kutuphaneci-1677\" target=\"_blank\" rel=\"noopener noreferrer\">https:\/\/web.archive.org\/web\/20210918192937\/https:\/\/kariyer.ibb.istanbul\/ilanlar\/kutuphaneci-1677<\/a><\/p>\n","protected":false},"excerpt":{"rendered":"<p>\u0130stanbul B\u00fcy\u00fck\u015fehir Belediyesi taraf\u0131ndan https:\/\/kariyer.ibb.istanbul\/ilanlar\/kutuphaneci-1677 adresindeki ilanda K\u00fct\u00fcphaneci al\u0131m\u0131 yap\u0131laca\u011f\u0131 belirtilmi\u015ftir. Ancak ilanda Edebiyat, Sanat Tarihi ve Arkeoloji b\u00f6l\u00fcm\u00fc mezunlar\u0131 da K\u00fct\u00fcphaneci\u00a0olarak de\u011ferlendirilmi\u015f ve nitelikler k\u0131sm\u0131nda da Bilgi ve Belge Y\u00f6netimi b\u00f6l\u00fcm\u00fcnden \u00f6nce yer alm\u0131\u015flard\u0131r. Mesleki anlamda K\u00fct\u00fcphaneci\u00a0unvan\u0131n\u0131 ta\u015f\u0131mak i\u00e7in Bilgi ve Belge Y\u00f6netimi veya eski ad\u0131yla K\u00fct\u00fcphanecilik b\u00f6l\u00fcm\u00fc mezunu olmak gerekirken verilen ilanda ba\u015fka [&hellip;]<\/p>\n","protected":false},"author":384724,"featured_media":29277,"comment_status":"open","ping_status":"open","sticky":false,"template":"","format":"standard","meta":{"footnotes":""},"categories":[1],"tags":[1451],"class_list":["post-29276","post","type-post","status-publish","format-standard","has-post-thumbnail","hentry","category-genel","tag-belediye-kutuphaneleri"],"_links":{"self":[{"href":"https:\/\/www.bbyhaber.com\/bby\/wp-json\/wp\/v2\/posts\/29276"}],"collection":[{"href":"https:\/\/www.bbyhaber.com\/bby\/wp-json\/wp\/v2\/posts"}],"about":[{"href":"https:\/\/www.bbyhaber.com\/bby\/wp-json\/wp\/v2\/types\/post"}],"author":[{"embeddable":true,"href":"https:\/\/www.bbyhaber.com\/bby\/wp-json\/wp\/v2\/users\/384724"}],"replies":[{"embeddable":true,"href":"https:\/\/www.bbyhaber.com\/bby\/wp-json\/wp\/v2\/comments?post=29276"}],"version-history":[{"count":3,"href":"https:\/\/www.bbyhaber.com\/bby\/wp-json\/wp\/v2\/posts\/29276\/revisions"}],"predecessor-version":[{"id":29281,"href":"https:\/\/www.bbyhaber.com\/bby\/wp-json\/wp\/v2\/posts\/29276\/revisions\/29281"}],"wp:featuredmedia":[{"embeddable":true,"href":"https:\/\/www.bbyhaber.com\/bby\/wp-json\/wp\/v2\/media\/29277"}],"wp:attachment":[{"href":"https:\/\/www.bbyhaber.com\/bby\/wp-json\/wp\/v2\/media?parent=29276"}],"wp:term":[{"taxonomy":"category","embeddable":true,"href":"https:\/\/www.bbyhaber.com\/bby\/wp-json\/wp\/v2\/categories?post=29276"},{"taxonomy":"post_tag","embeddable":true,"href":"https:\/\/www.bbyhaber.com\/bby\/wp-json\/wp\/v2\/tags?post=29276"}],"curies":[{"name":"wp","href":"https:\/\/api.w.org\/{rel}","templated":true}]}}