{"id":29267,"date":"2021-09-08T23:18:42","date_gmt":"2021-09-08T20:18:42","guid":{"rendered":"https:\/\/www.bbyhaber.com\/bby\/?p=29267"},"modified":"2021-09-24T22:33:48","modified_gmt":"2021-09-24T19:33:48","slug":"halk-kutuphanesi-mudurlugune-tekniker-listeye-girdi","status":"publish","type":"post","link":"https:\/\/www.bbyhaber.com\/bby\/2021\/09\/08\/halk-kutuphanesi-mudurlugune-tekniker-listeye-girdi","title":{"rendered":"Halk K\u00fct\u00fcphanesi M\u00fcd\u00fcrl\u00fck S\u0131nav\u0131nda Listeye Tekniker de Girdi!"},"content":{"rendered":"<p class=\"s5\"><span class=\"s4\">K\u00fclt\u00fcr ve Turizm Bakanl\u0131\u011f\u0131 <\/span><span class=\"s4\">Personel Genel M\u00fcd\u00fcrl\u00fc\u011f\u00fc taraf\u0131ndan ger\u00e7ekle\u015ftirilen K\u00fct\u00fcphane M\u00fcd\u00fcrl\u00fc\u011f\u00fc G\u00f6revde Y\u00fckselme S<\/span><span class=\"s4\">\u0131nav\u0131 <\/span><span class=\"s4\">sonucu 03.09 2021 tarihinde <strong><a href=\"https:\/\/pgm.ktb.gov.tr\/TR-292175\/02-13082021-tarihlerinde-yapilan-gorevde-yukselme-sozlu-.html\" target=\"\u201c_blank\u201d\" rel=\"noopener noreferrer\">a\u00e7\u0131kland\u0131<\/a><\/strong>. A\u00e7\u0131klanan s\u0131nav sonucu \u2018<\/span><span class=\"s4\">K\u00fclt\u00fcr ve Turizm Bakanl\u0131\u011f\u0131 Personeli G\u00f6revde Y\u00fckselme ve Unvan De\u011fi\u015fikli\u011fi Y\u00f6netmeli\u011fine<\/span><span class=\"s4\">\u2019 ayk\u0131r\u0131 bir durumu g\u00f6zler \u00f6n\u00fcne serdi.<\/span><!--more--><\/p>\n<p class=\"s9\"><span class=\"s6\"><span class=\"bumpedFont15\">03.06.2014<\/span><\/span><span class=\"s6\"><span class=\"bumpedFont15\"> tarih ve 29019 say\u0131l\u0131 Resmi Gazete&#8217;de yay\u0131mlanarak y\u00fcr\u00fcrl\u00fc\u011fe giren \u2018<\/span><\/span><span class=\"s7\"><span class=\"bumpedFont15\">K\u00fclt\u00fcr ve Turizm Bakanl\u0131\u011f\u0131 Personeli G\u00f6revde Y\u00fckselme ve Unvan De\u011fi\u015fikli\u011fi Y\u00f6netmeli\u011fi\u2019nin 7\u2019nci maddesi 3\u2019\u00fcnc\u00fc bendine g\u00f6re <strong>k\u00fct\u00fcphane m\u00fcd\u00fcr\u00fc<\/strong> olmak i\u00e7in\u00a0<\/span><\/span><span class=\"s8\">\u201cK\u00fct\u00fcphane m\u00fcd\u00fcr\u00fc, Basma Yaz\u0131 ve Resimleri Derleme M\u00fcd\u00fcr\u00fc kadrolar\u0131na atanabilmek i\u00e7in ayr\u0131ca; k\u00fct\u00fcphane m\u00fcd\u00fcrl\u00fc\u011f\u00fc ihtisas eleman\u0131 olmak, il halk k\u00fct\u00fcphaneleri d\u0131\u015f\u0131ndaki k\u00fct\u00fcphane m\u00fcd\u00fcr\u00fc kadrolar\u0131na yeterli say\u0131da ihtisas eleman\u0131 bulunamad\u0131\u011f\u0131 takdirde di\u011fer ko\u015fullar\u0131 ta\u015f\u0131makla birlikte d\u00f6rt y\u0131ll\u0131k fak\u00fclte veya y\u00fcksekokul mezunu olanlar atan\u0131r.\u201d<\/span><\/p>\n<p class=\"s9\">\u200b<span class=\"s4\">An\u0131lan<\/span> <span class=\"s4\">y\u00f6netmelikte <\/span><span class=\"s4\">\u201c<strong>K\u00fct\u00fcphane <\/strong><\/span><strong><span class=\"s4\">m\u00fcd\u00fcrl\u00fc\u011f\u00fc ihtisas eleman\u0131<\/span><\/strong><span class=\"s4\"><strong>: \u00dcniversitelerin bilgi ve belge y\u00f6netimi, k\u00fct\u00fcphanecilik, dok\u00fcmantasyon-enformasyon veya ar\u015fivcilik<\/strong> b\u00f6l\u00fcmlerinin herhangi birinden lisans e\u011fitimi alanlar.\u201d\u00a0<\/span><span class=\"s4\">olarak tarif edilmektedir.<\/span><\/p>\n<p class=\"s9\">\u200b<span class=\"s4\">Yap\u0131lan halk k\u00fct\u00fcphanesi m\u00fcd\u00fcrl\u00fck yaz\u0131l\u0131 s\u0131nav\u0131nda 100 tam puan alan k\u00fct\u00fcphaneci unvanl\u0131 personel s\u00f6zl\u00fc s\u0131nav\u0131 sonucunda ba\u015far\u0131s\u0131z olur iken, yaz\u0131l\u0131 s\u0131nav\u0131nda 64 puan alan ihtisas d\u0131\u015f\u0131 personel ba\u015far\u0131l\u0131 olunan listede yer buldu. <\/span><\/p>\n<p class=\"s5\"><span class=\"s4\">K\u00fct\u00fcphane M\u00fcd\u00fcrl\u00fc\u011f\u00fc G\u00f6revde Y\u00fckselme S\u0131nav\u0131 ilan\u0131nda<\/span> <strong><span class=\"s4\">Halk K\u00fct\u00fcphane<\/span><span class=\"s4\">si<\/span> <span class=\"s4\">M\u00fcd\u00fcrl<\/span><span class=\"s4\">\u00fc\u011f\u00fc i\u00e7in<\/span><span class=\"s4\"> 93 bo\u015f kadro <\/span><span class=\"s4\">a\u00e7\u0131kland\u0131<\/span><span class=\"s4\">. <\/span><span class=\"s4\">\u0130lan edilen 93 halk k\u00fct\u00fcphanesi m\u00fcd\u00fcrl\u00fc\u011f\u00fc <\/span><\/strong><span class=\"s4\"><strong>kadrosuna<\/strong> yeterli say\u0131da ihtisas eleman\u0131 <\/span><span class=\"s4\">(<\/span><span class=\"s4\">k\u00fct\u00fcphaneci<\/span><span class=\"s4\">)<\/span><span class=\"s4\"> olmas\u0131na ra\u011fmen,<\/span><span class=\"s4\">\u00a0s\u0131nav sonucunda<\/span> <span class=\"s4\">ihtisas d\u0131\u015f\u0131 <\/span><span class=\"s4\">17 ki\u015fi<\/span><span class=\"s4\"> asil listede<\/span><span class=\"s4\">,<\/span> <span class=\"s4\">14 ki\u015fide yedek listede ba\u015far\u0131l\u0131 olarak<\/span><span class=\"s4\"> a\u00e7\u0131kland\u0131<\/span><span class=\"s4\">.<\/span> <span class=\"s4\">K\u00fct\u00fcphaneci unvan\u0131 d\u0131\u015f\u0131nda<\/span><span class=\"s4\">; Arkeolog, \u015eef, Tekni<\/span><span class=\"s4\">ker, Uzman, M\u00fcze personeli<\/span><span class=\"s4\"> vb. kadrolardan gelen ki\u015filer s\u0131nava d\u00e2hil edildi.<\/span>\u200b<\/p>\n<p class=\"s5\"><span class=\"s4\">K<\/span><span class=\"s4\">\u00fct\u00fcphaneci unvan\u0131 ile istihdam edilen <\/span><span class=\"s4\">personellerin<\/span><span class=\"s4\"> baz\u0131 kurumlarda<\/span><span class=\"s4\"> (\u00f6rne\u011fin Ticaret Bakanl\u0131\u011f\u0131) g\u00f6revde y\u00fckselme s\u0131nav\u0131na ba\u015fvurma<\/span><span class=\"s4\"> haklar\u0131 bulunmaz iken ba\u015fka unvanlar\u0131n <\/span><span class=\"s4\">halk <\/span><span class=\"s4\">k\u00fct\u00fcphanesi m\u00fcd\u00fcrl\u00fc\u011f\u00fcne girme haklar\u0131n\u0131n olmas\u0131 mesleki kariyer planlamas\u0131n\u0131n \u00f6n\u00fcnde engel te\u015fkil etmektedir.<\/span><\/p>\n<p class=\"s9\">\u200b<span class=\"s4\">Kald\u0131 ki <strong>k<\/strong><\/span><strong><span class=\"s4\">\u00fct\u00fcphaneci kadrosunda olmay\u0131p <\/span><span class=\"s4\">halk <\/span><span class=\"s4\">k\u00fct\u00fcphanesi m\u00fcd\u00fcr\u00fc olmaya hak kazanan ki\u015filerin \u00e7o\u011fu, <\/span><span class=\"s4\">halk <\/span><span class=\"s4\">k\u00fct\u00fcphanesi m\u00fcd\u00fcr\u00fc<\/span><span class=\"s4\"> olarak kalmay\u0131p<\/span><span class=\"s4\">, halk<\/span><span class=\"s4\"> k\u00fct\u00fcphanesi m\u00fcd\u00fcrl\u00fc\u011f\u00fc s\u0131nav\u0131n\u0131 g\u00f6revde y\u00fckselme arac\u0131 <\/span><\/strong><span class=\"s4\"><strong>olarak kullan\u0131p kendi alanlar\u0131nda y\u00f6netici olmaya hak kazanm\u0131\u015f oluyorlar.<\/strong> Bu durum hem k\u00fct\u00fcphanecilerin kariyer planlamas\u0131n\u0131 hem de <\/span><span class=\"s4\">halk <\/span><span class=\"s4\">k\u00fct\u00fcphanelerinin y\u00f6neticisiz kalmalar\u0131 sonucunu beraberinde getirmektedir.<\/span><\/p>\n<p class=\"s9\">\u200b<span class=\"s4\">S<\/span><span class=\"s4\">\u0131nav ilan\u0131nda <\/span><span class=\"s4\">halk <\/span><span class=\"s4\">k\u00fct\u00fcphanesi m\u00fcd\u00fcr atamalar\u0131nda k\u00fct\u00fcphanecilere \u00f6ncelik tan\u0131naca\u011f\u0131 belirtilse de s\u0131nav sonucu k\u00fct\u00fcphanecilerin \u00f6nceli\u011f<\/span><span class=\"s4\">i olmad\u0131\u011f\u0131n\u0131 g\u00f6r\u00fclmektedir.<\/span><\/p>\n<p class=\"s9\">\u200b<span class=\"s4\">K\u00fct\u00fcphaneci olarak atanacak bir\u00e7ok<\/span><span class=\"s4\"> meslekta\u015f\u0131m\u0131z varken k\u00fct\u00fcphanecilerin \u00f6ncelikli olarak tercih edilme<\/span><span class=\"s4\">mesine anlam veremiyoruz.<\/span><span class=\"s4\"> Yaz\u0131l\u0131 s\u0131nav sonucu y\u00fcksek puan alan k\u00fct\u00fcphaneci m\u00fclakatta elendi. Yedek listelerde bile yer alamad\u0131.<\/span><\/p>\n","protected":false},"excerpt":{"rendered":"<p>K\u00fclt\u00fcr ve Turizm Bakanl\u0131\u011f\u0131 Personel Genel M\u00fcd\u00fcrl\u00fc\u011f\u00fc taraf\u0131ndan ger\u00e7ekle\u015ftirilen K\u00fct\u00fcphane M\u00fcd\u00fcrl\u00fc\u011f\u00fc G\u00f6revde Y\u00fckselme S\u0131nav\u0131 sonucu 03.09 2021 tarihinde a\u00e7\u0131kland\u0131. A\u00e7\u0131klanan s\u0131nav sonucu \u2018K\u00fclt\u00fcr ve Turizm Bakanl\u0131\u011f\u0131 Personeli G\u00f6revde Y\u00fckselme ve Unvan De\u011fi\u015fikli\u011fi Y\u00f6netmeli\u011fine\u2019 ayk\u0131r\u0131 bir durumu g\u00f6zler \u00f6n\u00fcne serdi.<\/p>\n","protected":false},"author":1,"featured_media":29268,"comment_status":"open","ping_status":"open","sticky":false,"template":"","format":"standard","meta":{"footnotes":""},"categories":[1],"tags":[],"class_list":["post-29267","post","type-post","status-publish","format-standard","has-post-thumbnail","hentry","category-genel"],"_links":{"self":[{"href":"https:\/\/www.bbyhaber.com\/bby\/wp-json\/wp\/v2\/posts\/29267"}],"collection":[{"href":"https:\/\/www.bbyhaber.com\/bby\/wp-json\/wp\/v2\/posts"}],"about":[{"href":"https:\/\/www.bbyhaber.com\/bby\/wp-json\/wp\/v2\/types\/post"}],"author":[{"embeddable":true,"href":"https:\/\/www.bbyhaber.com\/bby\/wp-json\/wp\/v2\/users\/1"}],"replies":[{"embeddable":true,"href":"https:\/\/www.bbyhaber.com\/bby\/wp-json\/wp\/v2\/comments?post=29267"}],"version-history":[{"count":5,"href":"https:\/\/www.bbyhaber.com\/bby\/wp-json\/wp\/v2\/posts\/29267\/revisions"}],"predecessor-version":[{"id":29285,"href":"https:\/\/www.bbyhaber.com\/bby\/wp-json\/wp\/v2\/posts\/29267\/revisions\/29285"}],"wp:featuredmedia":[{"embeddable":true,"href":"https:\/\/www.bbyhaber.com\/bby\/wp-json\/wp\/v2\/media\/29268"}],"wp:attachment":[{"href":"https:\/\/www.bbyhaber.com\/bby\/wp-json\/wp\/v2\/media?parent=29267"}],"wp:term":[{"taxonomy":"category","embeddable":true,"href":"https:\/\/www.bbyhaber.com\/bby\/wp-json\/wp\/v2\/categories?post=29267"},{"taxonomy":"post_tag","embeddable":true,"href":"https:\/\/www.bbyhaber.com\/bby\/wp-json\/wp\/v2\/tags?post=29267"}],"curies":[{"name":"wp","href":"https:\/\/api.w.org\/{rel}","templated":true}]}}