{"id":29231,"date":"2021-08-03T10:33:03","date_gmt":"2021-08-03T07:33:03","guid":{"rendered":"https:\/\/www.bbyhaber.com\/bby\/?p=29231"},"modified":"2021-08-03T10:33:03","modified_gmt":"2021-08-03T07:33:03","slug":"unakuniversite-ve-arastirma-kutuphanecileri-dernegi-13-olagan-genel-kurul-sonuclari","status":"publish","type":"post","link":"https:\/\/www.bbyhaber.com\/bby\/2021\/08\/03\/unakuniversite-ve-arastirma-kutuphanecileri-dernegi-13-olagan-genel-kurul-sonuclari","title":{"rendered":"\u00dcNAK(\u00dcniversite ve Ara\u015ft\u0131rma K\u00fct\u00fcphanecileri Derne\u011fi) 13. Ola\u011fan Genel Kurul Sonu\u00e7lar\u0131"},"content":{"rendered":"<p><img loading=\"lazy\" decoding=\"async\" class=\"alignleft\" src=\"http:\/\/www.bbyhaber.com\/bby\/wp-content\/uploads\/2014\/12\/unak.jpg\" alt=\"\" width=\"194\" height=\"108\" \/><\/p>\n<p style=\"font-weight: 400;\">\u00dcniversite ve Ara\u015ft\u0131rma K\u00fct\u00fcphanecileri Derne\u011fi 13. Ola\u011fan Genel Kurulu 31 Temmuz 2021 tarihinde ger\u00e7ekle\u015ftirilmi\u015ftir.<\/p>\n<p style=\"font-weight: 400;\">\n<ol>\n<li>Ola\u011fan Genel Kurul sonu\u00e7lar\u0131na g\u00f6re yeni \u00dcNAK Y\u00f6netim ve Denetim kurullar\u0131 a\u015fa\u011f\u0131daki gibi olu\u015fmu\u015ftur.<\/li>\n<\/ol>\n<p style=\"font-weight: 400;\">\n<p style=\"font-weight: 400;\"><strong>*Y\u00f6netim Kurulu *<\/strong><\/p>\n<p>Fatih KUMSEL \u00a0\u00a0\u00a0\u00a0\u00a0\u00a0\u00a0\u00a0\u00a0\u00a0\u00a0\u00a0\u00a0 \u00a0\u00a0\u00a0\u00a0\u00a0\u00a0\u00a0\u00a0\u00a0\u00a0\u00a0\u00a0\u00a0\u00a0 Ba\u015fkan<\/p>\n<p style=\"font-weight: 400;\">\u00d6mer ORHAN \u00a0\u00a0\u00a0\u00a0\u00a0\u00a0\u00a0\u00a0\u00a0\u00a0\u00a0\u00a0\u00a0\u00a0\u00a0\u00a0\u00a0\u00a0\u00a0 \u00a0\u00a0\u00a0\u00a0\u00a0\u00a0\u00a0\u00a0\u00a0\u00a0\u00a0\u00a0\u00a0\u00a0 Ba\u015fkan Yard\u0131mc\u0131s\u0131<\/p>\n<p style=\"font-weight: 400;\">H\u00fcseyin Murat Y\u00dcCEL \u00a0\u00a0\u00a0\u00a0\u00a0\u00a0\u00a0\u00a0\u00a0\u00a0\u00a0\u00a0\u00a0\u00a0\u00a0\u00a0\u00a0\u00a0\u00a0\u00a0\u00a0 Sayman<\/p>\n<p style=\"font-weight: 400;\">Rumeysa \u00c7\u00d6LDEN AKG\u00dcL\u00a0\u00a0\u00a0\u00a0\u00a0\u00a0\u00a0\u00a0\u00a0\u00a0\u00a0\u00a0 Yazman<\/p>\n<p style=\"font-weight: 400;\">K\u00fcbra ZAY\u0130M GED\u0130K \u00a0\u00a0\u00a0\u00a0\u00a0\u00a0\u00a0\u00a0\u00a0\u00a0\u00a0\u00a0\u00a0\u00a0\u00a0\u00a0\u00a0\u00a0\u00a0\u00a0\u00a0 Genel Sekreter<\/p>\n<p style=\"font-weight: 400;\">Sefa BAYRAKTAR \u00a0\u00a0\u00a0\u00a0\u00a0\u00a0\u00a0\u00a0\u00a0\u00a0\u00a0\u00a0\u00a0\u00a0\u00a0\u00a0\u00a0\u00a0\u00a0\u00a0\u00a0\u00a0\u00a0\u00a0\u00a0\u00a0 \u00dcye<\/p>\n<p style=\"font-weight: 400;\">Esma AYT\u00dcRK \u00a0\u00a0\u00a0\u00a0\u00a0\u00a0\u00a0\u00a0\u00a0\u00a0\u00a0\u00a0\u00a0\u00a0\u00a0\u00a0\u00a0\u00a0\u00a0\u00a0\u00a0\u00a0\u00a0\u00a0\u00a0\u00a0\u00a0\u00a0\u00a0\u00a0\u00a0\u00a0 \u00dcye<\/p>\n<p style=\"font-weight: 400;\">\n<p style=\"font-weight: 400;\"><strong>*Denetim Kurulu*<\/strong><\/p>\n<p style=\"font-weight: 400;\">Ayhan TU\u011eLU<\/p>\n<p style=\"font-weight: 400;\">H\u00fcseyin K\u00d6RPE\u011eLU<\/p>\n<p style=\"font-weight: 400;\">Tolga \u00c7AKMAK<\/p>\n<p style=\"font-weight: 400;\"><strong>\u00a0<\/strong><\/p>\n<p style=\"font-weight: 400;\"><strong>*Y\u00f6netim Kurulu Yedek \u00dcyeleri*<\/strong><\/p>\n<p style=\"font-weight: 400;\">Enes \u00c7EL\u0130K<\/p>\n<p style=\"font-weight: 400;\">Mehmet Faruk AKG\u00dcL<\/p>\n<p style=\"font-weight: 400;\">Somer B\u00dcY\u00dcKKAN<\/p>\n<p style=\"font-weight: 400;\">G\u00f6zde TORUN<\/p>\n<p style=\"font-weight: 400;\">Birg\u00fcl \u00dcNAL<\/p>\n<p style=\"font-weight: 400;\">\n<p style=\"font-weight: 400;\"><strong>*Denetleme Kurulu Yedek \u00dcyeleri*<\/strong><\/p>\n<p style=\"font-weight: 400;\">Muhammed Asaf \u00c7ELEN<\/p>\n<p style=\"font-weight: 400;\">Vedat G\u00dcLTEK\u0130N<\/p>\n<p style=\"font-weight: 400;\">Ahmet Faruk B\u0130LGEN<\/p>\n","protected":false},"excerpt":{"rendered":"<p>\u00dcniversite ve Ara\u015ft\u0131rma K\u00fct\u00fcphanecileri Derne\u011fi 13. Ola\u011fan Genel Kurulu 31 Temmuz 2021 tarihinde ger\u00e7ekle\u015ftirilmi\u015ftir. Ola\u011fan Genel Kurul sonu\u00e7lar\u0131na g\u00f6re yeni \u00dcNAK Y\u00f6netim ve Denetim kurullar\u0131 a\u015fa\u011f\u0131daki gibi olu\u015fmu\u015ftur. *Y\u00f6netim Kurulu * Fatih KUMSEL \u00a0\u00a0\u00a0\u00a0\u00a0\u00a0\u00a0\u00a0\u00a0\u00a0\u00a0\u00a0\u00a0 \u00a0\u00a0\u00a0\u00a0\u00a0\u00a0\u00a0\u00a0\u00a0\u00a0\u00a0\u00a0\u00a0\u00a0 Ba\u015fkan \u00d6mer ORHAN \u00a0\u00a0\u00a0\u00a0\u00a0\u00a0\u00a0\u00a0\u00a0\u00a0\u00a0\u00a0\u00a0\u00a0\u00a0\u00a0\u00a0\u00a0\u00a0 \u00a0\u00a0\u00a0\u00a0\u00a0\u00a0\u00a0\u00a0\u00a0\u00a0\u00a0\u00a0\u00a0\u00a0 Ba\u015fkan Yard\u0131mc\u0131s\u0131 H\u00fcseyin Murat Y\u00dcCEL \u00a0\u00a0\u00a0\u00a0\u00a0\u00a0\u00a0\u00a0\u00a0\u00a0\u00a0\u00a0\u00a0\u00a0\u00a0\u00a0\u00a0\u00a0\u00a0\u00a0\u00a0 Sayman Rumeysa \u00c7\u00d6LDEN AKG\u00dcL\u00a0\u00a0\u00a0\u00a0\u00a0\u00a0\u00a0\u00a0\u00a0\u00a0\u00a0\u00a0 Yazman K\u00fcbra ZAY\u0130M GED\u0130K \u00a0\u00a0\u00a0\u00a0\u00a0\u00a0\u00a0\u00a0\u00a0\u00a0\u00a0\u00a0\u00a0\u00a0\u00a0\u00a0\u00a0\u00a0\u00a0\u00a0\u00a0 [&hellip;]<\/p>\n","protected":false},"author":129,"featured_media":29232,"comment_status":"open","ping_status":"open","sticky":false,"template":"","format":"standard","meta":{"footnotes":""},"categories":[1],"tags":[],"class_list":["post-29231","post","type-post","status-publish","format-standard","has-post-thumbnail","hentry","category-genel"],"_links":{"self":[{"href":"https:\/\/www.bbyhaber.com\/bby\/wp-json\/wp\/v2\/posts\/29231"}],"collection":[{"href":"https:\/\/www.bbyhaber.com\/bby\/wp-json\/wp\/v2\/posts"}],"about":[{"href":"https:\/\/www.bbyhaber.com\/bby\/wp-json\/wp\/v2\/types\/post"}],"author":[{"embeddable":true,"href":"https:\/\/www.bbyhaber.com\/bby\/wp-json\/wp\/v2\/users\/129"}],"replies":[{"embeddable":true,"href":"https:\/\/www.bbyhaber.com\/bby\/wp-json\/wp\/v2\/comments?post=29231"}],"version-history":[{"count":1,"href":"https:\/\/www.bbyhaber.com\/bby\/wp-json\/wp\/v2\/posts\/29231\/revisions"}],"predecessor-version":[{"id":29233,"href":"https:\/\/www.bbyhaber.com\/bby\/wp-json\/wp\/v2\/posts\/29231\/revisions\/29233"}],"wp:featuredmedia":[{"embeddable":true,"href":"https:\/\/www.bbyhaber.com\/bby\/wp-json\/wp\/v2\/media\/29232"}],"wp:attachment":[{"href":"https:\/\/www.bbyhaber.com\/bby\/wp-json\/wp\/v2\/media?parent=29231"}],"wp:term":[{"taxonomy":"category","embeddable":true,"href":"https:\/\/www.bbyhaber.com\/bby\/wp-json\/wp\/v2\/categories?post=29231"},{"taxonomy":"post_tag","embeddable":true,"href":"https:\/\/www.bbyhaber.com\/bby\/wp-json\/wp\/v2\/tags?post=29231"}],"curies":[{"name":"wp","href":"https:\/\/api.w.org\/{rel}","templated":true}]}}