{"id":29134,"date":"2021-06-22T08:51:35","date_gmt":"2021-06-22T05:51:35","guid":{"rendered":"https:\/\/www.bbyhaber.com\/bby\/?p=29134"},"modified":"2021-06-22T08:51:35","modified_gmt":"2021-06-22T05:51:35","slug":"cankiri-karatekin-universitesi-kutuphanesine-buyuk-kitap-bagisi","status":"publish","type":"post","link":"https:\/\/www.bbyhaber.com\/bby\/2021\/06\/22\/cankiri-karatekin-universitesi-kutuphanesine-buyuk-kitap-bagisi","title":{"rendered":"\u00c7ank\u0131r\u0131 Karatekin \u00dcniversitesi K\u00fct\u00fcphanesine B\u00fcy\u00fck Kitap Ba\u011f\u0131\u015f\u0131"},"content":{"rendered":"<p>Ankara Adnan \u00d6t\u00fcken \u0130l Halk K\u00fct\u00fcphanesi taraf\u0131ndan \u00fcniversitemiz k\u00fct\u00fcphanesine yakla\u015f\u0131k 3.500 kitap ba\u011f\u0131\u015fland\u0131.<!--more--><\/p>\n<p>K\u00fct\u00fcphane ve Dok\u00fcmantasyon Daire Ba\u015fkanl\u0131\u011f\u0131nca teslim al\u0131nan ba\u011f\u0131\u015f yay\u0131nlar\u0131n t\u00fcm k\u00fct\u00fcphane y\u00f6neticileri ve personeli taraf\u0131ndan ivedilikle \u00f6n tasnif i\u015flemleri yap\u0131lm\u0131\u015f ve en k\u0131sa s\u00fcrede de kullan\u0131c\u0131lar\u0131n hizmetine sunulmas\u0131 i\u00e7in teknik i\u015flemleri ba\u015flat\u0131ld\u0131.<\/p>\n<p>Ba\u011f\u0131\u015flay\u0131c\u0131lar taraf\u0131ndan \u00f6zenle se\u00e7ilmi\u015f ve hi\u00e7 kullan\u0131lmam\u0131\u015f bu se\u00e7kin kitap koleksiyonun muhtevas\u0131 ba\u015fta Temel \u0130slam Bilimleri, Hukuk, Edebiyat, Felsefe ve \u0130ktisat konular\u0131ndan olu\u015fmaktad\u0131r. S\u00f6z konusu koleksiyon, \u00f6zellikle \u00fcniversitemizin yeni a\u00e7\u0131lan b\u00f6l\u00fcmleri i\u00e7in k\u00fct\u00fcphanemizin \u00e7ekirdek koleksiyonunun olu\u015fturmas\u0131nda \u00f6nemli bir bo\u015flu\u011fu dolduracak niteliktedir.<\/p>\n<p>\u00c7ank\u0131r\u0131 Karatekin \u00dcniversitesi Rekt\u00f6r\u00fc Prof. Dr. Harun \u00c7ift\u00e7i bu hay\u0131rl\u0131 i\u015fe vesile olan ba\u015fta Adnan \u00d6t\u00fcken \u0130l Halk K\u00fct\u00fcphanesi m\u00fcd\u00fcr\u00fc Say\u0131n Ahmet \u00c7akmak\u2019a, k\u00fct\u00fcphanenin de\u011ferli \u00e7al\u0131\u015fanlar\u0131na ve arac\u0131l\u0131k eden ki\u015filere m\u00fcte\u015fekkir oldu\u011funu ifade ettti.<\/p>\n<div id='gallery-1' class='gallery galleryid-29134 gallery-columns-3 gallery-size-thumbnail'><figure class='gallery-item'>\n\t\t\t<div class='gallery-icon landscape'>\n\t\t\t\t<a href='https:\/\/www.bbyhaber.com\/bby\/wp-content\/uploads\/2021\/06\/A855224C-48CC-4F43-8850-77083BC1E120.jpeg'><img loading=\"lazy\" decoding=\"async\" width=\"150\" height=\"150\" src=\"https:\/\/www.bbyhaber.com\/bby\/wp-content\/uploads\/2021\/06\/A855224C-48CC-4F43-8850-77083BC1E120-150x150.jpeg\" class=\"attachment-thumbnail size-thumbnail\" alt=\"\" \/><\/a>\n\t\t\t<\/div><\/figure><figure class='gallery-item'>\n\t\t\t<div class='gallery-icon landscape'>\n\t\t\t\t<a href='https:\/\/www.bbyhaber.com\/bby\/wp-content\/uploads\/2021\/06\/E764B9D4-D1C0-461D-AFD3-3726BA63A39F.jpeg'><img loading=\"lazy\" decoding=\"async\" width=\"150\" height=\"150\" src=\"https:\/\/www.bbyhaber.com\/bby\/wp-content\/uploads\/2021\/06\/E764B9D4-D1C0-461D-AFD3-3726BA63A39F-150x150.jpeg\" class=\"attachment-thumbnail size-thumbnail\" alt=\"\" \/><\/a>\n\t\t\t<\/div><\/figure><figure class='gallery-item'>\n\t\t\t<div class='gallery-icon landscape'>\n\t\t\t\t<a href='https:\/\/www.bbyhaber.com\/bby\/wp-content\/uploads\/2021\/06\/E599B768-CB35-41DE-AE5E-0E2C64835D05.jpeg'><img loading=\"lazy\" decoding=\"async\" width=\"150\" height=\"150\" src=\"https:\/\/www.bbyhaber.com\/bby\/wp-content\/uploads\/2021\/06\/E599B768-CB35-41DE-AE5E-0E2C64835D05-150x150.jpeg\" class=\"attachment-thumbnail size-thumbnail\" alt=\"\" \/><\/a>\n\t\t\t<\/div><\/figure><figure class='gallery-item'>\n\t\t\t<div class='gallery-icon landscape'>\n\t\t\t\t<a href='https:\/\/www.bbyhaber.com\/bby\/wp-content\/uploads\/2021\/06\/24509474-44D2-42BF-9387-99CECFCD02BC.jpeg'><img loading=\"lazy\" decoding=\"async\" width=\"150\" height=\"150\" src=\"https:\/\/www.bbyhaber.com\/bby\/wp-content\/uploads\/2021\/06\/24509474-44D2-42BF-9387-99CECFCD02BC-150x150.jpeg\" class=\"attachment-thumbnail size-thumbnail\" alt=\"\" \/><\/a>\n\t\t\t<\/div><\/figure>\n\t\t<\/div>\n\n","protected":false},"excerpt":{"rendered":"<p>Ankara Adnan \u00d6t\u00fcken \u0130l Halk K\u00fct\u00fcphanesi taraf\u0131ndan \u00fcniversitemiz k\u00fct\u00fcphanesine yakla\u015f\u0131k 3.500 kitap ba\u011f\u0131\u015fland\u0131.<\/p>\n","protected":false},"author":1,"featured_media":29138,"comment_status":"open","ping_status":"open","sticky":false,"template":"","format":"standard","meta":{"footnotes":""},"categories":[],"tags":[1404],"class_list":["post-29134","post","type-post","status-publish","format-standard","has-post-thumbnail","hentry","tag-cankiri-bby"],"_links":{"self":[{"href":"https:\/\/www.bbyhaber.com\/bby\/wp-json\/wp\/v2\/posts\/29134"}],"collection":[{"href":"https:\/\/www.bbyhaber.com\/bby\/wp-json\/wp\/v2\/posts"}],"about":[{"href":"https:\/\/www.bbyhaber.com\/bby\/wp-json\/wp\/v2\/types\/post"}],"author":[{"embeddable":true,"href":"https:\/\/www.bbyhaber.com\/bby\/wp-json\/wp\/v2\/users\/1"}],"replies":[{"embeddable":true,"href":"https:\/\/www.bbyhaber.com\/bby\/wp-json\/wp\/v2\/comments?post=29134"}],"version-history":[{"count":2,"href":"https:\/\/www.bbyhaber.com\/bby\/wp-json\/wp\/v2\/posts\/29134\/revisions"}],"predecessor-version":[{"id":29140,"href":"https:\/\/www.bbyhaber.com\/bby\/wp-json\/wp\/v2\/posts\/29134\/revisions\/29140"}],"wp:featuredmedia":[{"embeddable":true,"href":"https:\/\/www.bbyhaber.com\/bby\/wp-json\/wp\/v2\/media\/29138"}],"wp:attachment":[{"href":"https:\/\/www.bbyhaber.com\/bby\/wp-json\/wp\/v2\/media?parent=29134"}],"wp:term":[{"taxonomy":"category","embeddable":true,"href":"https:\/\/www.bbyhaber.com\/bby\/wp-json\/wp\/v2\/categories?post=29134"},{"taxonomy":"post_tag","embeddable":true,"href":"https:\/\/www.bbyhaber.com\/bby\/wp-json\/wp\/v2\/tags?post=29134"}],"curies":[{"name":"wp","href":"https:\/\/api.w.org\/{rel}","templated":true}]}}