{"id":2912,"date":"2012-03-06T11:12:52","date_gmt":"2012-03-06T11:12:52","guid":{"rendered":"http:\/\/www.bbyhaber.com\/bby\/?p=2912"},"modified":"2012-03-06T11:13:13","modified_gmt":"2012-03-06T11:13:13","slug":"kutuphane-yikiliyor-afyon","status":"publish","type":"post","link":"https:\/\/www.bbyhaber.com\/bby\/2012\/03\/06\/kutuphane-yikiliyor-afyon","title":{"rendered":"K\u00fct\u00fcphane y\u0131k\u0131l\u0131yor-Afyon"},"content":{"rendered":"<p style=\"text-align: justify;\">Afyonkarahisar Gedik Ahmet Pa\u015fa \u0130l Halk K\u00fct\u00fcphanesi y\u0131k\u0131l\u0131yor. Temel ve duvarlar\u0131 y\u0131k\u0131l\u0131p g\u00fc\u00e7lendirilerek betonarme perde sistemi yap\u0131lan k\u00fct\u00fcphane, depreme dayan\u0131kl\u0131 olmas\u0131 i\u00e7in radya temel sistemi yap\u0131lacak.\u00a0 Ge\u00e7ici s\u00fcreli\u011fine H\u00fckumet Binas\u0131 zemin kat\u0131nda hizmet veren K\u00fct\u00fcphane yakla\u015f\u0131k bir y\u0131l i\u00e7inde yeniden kendi yerinde hizmet veremeye devam edecek.<\/p>\n<p style=\"text-align: justify;\">Kaynak: http:\/\/www.03haber.com<\/p>\n","protected":false},"excerpt":{"rendered":"<p>Afyonkarahisar Gedik Ahmet Pa\u015fa \u0130l Halk K\u00fct\u00fcphanesi y\u0131k\u0131l\u0131yor. Temel ve duvarlar\u0131 y\u0131k\u0131l\u0131p g\u00fc\u00e7lendirilerek betonarme perde sistemi yap\u0131lan k\u00fct\u00fcphane, depreme dayan\u0131kl\u0131 olmas\u0131 i\u00e7in radya temel sistemi yap\u0131lacak.\u00a0 Ge\u00e7ici s\u00fcreli\u011fine H\u00fckumet Binas\u0131 zemin kat\u0131nda hizmet veren K\u00fct\u00fcphane yakla\u015f\u0131k bir y\u0131l i\u00e7inde yeniden kendi yerinde hizmet veremeye devam edecek. Kaynak: http:\/\/www.03haber.com<\/p>\n","protected":false},"author":1,"featured_media":0,"comment_status":"open","ping_status":"open","sticky":false,"template":"","format":"standard","meta":{"footnotes":""},"categories":[1],"tags":[],"class_list":["post-2912","post","type-post","status-publish","format-standard","hentry","category-genel"],"_links":{"self":[{"href":"https:\/\/www.bbyhaber.com\/bby\/wp-json\/wp\/v2\/posts\/2912"}],"collection":[{"href":"https:\/\/www.bbyhaber.com\/bby\/wp-json\/wp\/v2\/posts"}],"about":[{"href":"https:\/\/www.bbyhaber.com\/bby\/wp-json\/wp\/v2\/types\/post"}],"author":[{"embeddable":true,"href":"https:\/\/www.bbyhaber.com\/bby\/wp-json\/wp\/v2\/users\/1"}],"replies":[{"embeddable":true,"href":"https:\/\/www.bbyhaber.com\/bby\/wp-json\/wp\/v2\/comments?post=2912"}],"version-history":[{"count":0,"href":"https:\/\/www.bbyhaber.com\/bby\/wp-json\/wp\/v2\/posts\/2912\/revisions"}],"wp:attachment":[{"href":"https:\/\/www.bbyhaber.com\/bby\/wp-json\/wp\/v2\/media?parent=2912"}],"wp:term":[{"taxonomy":"category","embeddable":true,"href":"https:\/\/www.bbyhaber.com\/bby\/wp-json\/wp\/v2\/categories?post=2912"},{"taxonomy":"post_tag","embeddable":true,"href":"https:\/\/www.bbyhaber.com\/bby\/wp-json\/wp\/v2\/tags?post=2912"}],"curies":[{"name":"wp","href":"https:\/\/api.w.org\/{rel}","templated":true}]}}