{"id":2910,"date":"2012-03-06T11:11:36","date_gmt":"2012-03-06T11:11:36","guid":{"rendered":"http:\/\/www.bbyhaber.com\/bby\/?p=2910"},"modified":"2012-03-06T11:11:36","modified_gmt":"2012-03-06T11:11:36","slug":"her-cami-bir-kutuphane-eskisehir","status":"publish","type":"post","link":"https:\/\/www.bbyhaber.com\/bby\/2012\/03\/06\/her-cami-bir-kutuphane-eskisehir","title":{"rendered":"Her Cami Bir K\u00fct\u00fcphane-Eski\u015fehir"},"content":{"rendered":"<p align=\"justify\"><a href=\"http:\/\/www.eskisehir.gov.tr\/images\/stories\/haberler\/3141-t\/0.jpg\"><img loading=\"lazy\" decoding=\"async\" class=\"alignleft\" src=\"http:\/\/www.eskisehir.gov.tr\/images\/stories\/haberler\/3141-t\/0.jpg\" alt=\"\" width=\"306\" height=\"204\" \/><\/a>Vali Dr. Kadir Ko\u00e7demir\u2019in talimat\u0131yla \u0130l M\u00fcft\u00fcl\u00fc\u011f\u00fc taraf\u0131ndan \u201cHer Cami Bir K\u00fct\u00fcphane\u201d kampanyas\u0131 ba\u015flat\u0131ld\u0131. Kampanya \u00e7er\u00e7evesinde camilerde olu\u015fturulacak k\u00fct\u00fcphanelerde Diyanet Vakf\u0131 Yay\u0131nlar\u0131 yan\u0131nda Milli E\u011fitim Bakanl\u0131\u011f\u0131 temel eserleri, \u00fcnl\u00fc yazarlar\u0131n ve akademisyenlerin eserleri de yer alacak.<\/p>\n<p align=\"justify\">Toplumu, orta d\u00fczey kitap okuyucu seviyesine ula\u015ft\u0131rmay\u0131 hedefleyen kampanyada vatanda\u015flar istedikleri kitab\u0131 \u00f6d\u00fcn\u00e7 alabilecekler. Cami g\u00f6revlileri taraf\u0131ndan takip edilecek kampanyaya vatanda\u015flar\u0131n ilgi g\u00f6stermesi bekleniyor.<\/p>\n<p align=\"justify\">Kaynak:http:\/\/www.eskisehir.gov.tr<\/p>\n","protected":false},"excerpt":{"rendered":"<p>Vali Dr. Kadir Ko\u00e7demir\u2019in talimat\u0131yla \u0130l M\u00fcft\u00fcl\u00fc\u011f\u00fc taraf\u0131ndan \u201cHer Cami Bir K\u00fct\u00fcphane\u201d kampanyas\u0131 ba\u015flat\u0131ld\u0131. Kampanya \u00e7er\u00e7evesinde camilerde olu\u015fturulacak k\u00fct\u00fcphanelerde Diyanet Vakf\u0131 Yay\u0131nlar\u0131 yan\u0131nda Milli E\u011fitim Bakanl\u0131\u011f\u0131 temel eserleri, \u00fcnl\u00fc yazarlar\u0131n ve akademisyenlerin eserleri de yer alacak. Toplumu, orta d\u00fczey kitap okuyucu seviyesine ula\u015ft\u0131rmay\u0131 hedefleyen kampanyada vatanda\u015flar istedikleri kitab\u0131 \u00f6d\u00fcn\u00e7 alabilecekler. Cami g\u00f6revlileri taraf\u0131ndan takip edilecek [&hellip;]<\/p>\n","protected":false},"author":1,"featured_media":0,"comment_status":"open","ping_status":"open","sticky":false,"template":"","format":"standard","meta":{"footnotes":""},"categories":[1],"tags":[],"class_list":["post-2910","post","type-post","status-publish","format-standard","hentry","category-genel"],"_links":{"self":[{"href":"https:\/\/www.bbyhaber.com\/bby\/wp-json\/wp\/v2\/posts\/2910"}],"collection":[{"href":"https:\/\/www.bbyhaber.com\/bby\/wp-json\/wp\/v2\/posts"}],"about":[{"href":"https:\/\/www.bbyhaber.com\/bby\/wp-json\/wp\/v2\/types\/post"}],"author":[{"embeddable":true,"href":"https:\/\/www.bbyhaber.com\/bby\/wp-json\/wp\/v2\/users\/1"}],"replies":[{"embeddable":true,"href":"https:\/\/www.bbyhaber.com\/bby\/wp-json\/wp\/v2\/comments?post=2910"}],"version-history":[{"count":0,"href":"https:\/\/www.bbyhaber.com\/bby\/wp-json\/wp\/v2\/posts\/2910\/revisions"}],"wp:attachment":[{"href":"https:\/\/www.bbyhaber.com\/bby\/wp-json\/wp\/v2\/media?parent=2910"}],"wp:term":[{"taxonomy":"category","embeddable":true,"href":"https:\/\/www.bbyhaber.com\/bby\/wp-json\/wp\/v2\/categories?post=2910"},{"taxonomy":"post_tag","embeddable":true,"href":"https:\/\/www.bbyhaber.com\/bby\/wp-json\/wp\/v2\/tags?post=2910"}],"curies":[{"name":"wp","href":"https:\/\/api.w.org\/{rel}","templated":true}]}}