{"id":29093,"date":"2021-04-27T09:23:03","date_gmt":"2021-04-27T06:23:03","guid":{"rendered":"https:\/\/www.bbyhaber.com\/bby\/?p=29093"},"modified":"2021-04-27T09:23:03","modified_gmt":"2021-04-27T06:23:03","slug":"prof-dr-huseyin-odabas-rektor-yardimciligi-gorevine-atandi","status":"publish","type":"post","link":"https:\/\/www.bbyhaber.com\/bby\/2021\/04\/27\/prof-dr-huseyin-odabas-rektor-yardimciligi-gorevine-atandi","title":{"rendered":"Prof. Dr. H\u00fcseyin ODABA\u015e Rekt\u00f6r Yard\u0131mc\u0131l\u0131\u011f\u0131 g\u00f6revine atand\u0131"},"content":{"rendered":"<p><a href=\"https:\/\/www.bbyhaber.com\/bby\/wp-content\/uploads\/2021\/04\/huseyinodabas.jpg\"><img loading=\"lazy\" decoding=\"async\" class=\"alignleft wp-image-29094 \" src=\"https:\/\/www.bbyhaber.com\/bby\/wp-content\/uploads\/2021\/04\/huseyinodabas.jpg\" alt=\"\" width=\"325\" height=\"244\" srcset=\"https:\/\/www.bbyhaber.com\/bby\/wp-content\/uploads\/2021\/04\/huseyinodabas.jpg 640w, https:\/\/www.bbyhaber.com\/bby\/wp-content\/uploads\/2021\/04\/huseyinodabas-300x225.jpg 300w\" sizes=\"(max-width: 325px) 100vw, 325px\" \/><\/a>\u00c7ank\u0131r\u0131 Karatekin \u00dcniversitesi Rekt\u00f6r Yard\u0131mc\u0131l\u0131\u011f\u0131 g\u00f6revine atanan \u00c7ank\u0131r\u0131 Karatekin \u00dcniversitesi Bilgi ve Belge Y\u00f6netimi B\u00f6l\u00fcm\u00fc K\u00fct\u00fcphanecilik Ana Bilim Dal\u0131 \u00d6\u011fretim \u00dcyesi Say\u0131n <strong>Prof. Dr. H\u00fcseyin ODABA\u015e<\/strong>\u2019\u0131 tebrik eder, yeni g\u00f6revinde ba\u015far\u0131lar dileriz.<!--more--><\/p>\n","protected":false},"excerpt":{"rendered":"<p>\u00c7ank\u0131r\u0131 Karatekin \u00dcniversitesi Rekt\u00f6r Yard\u0131mc\u0131l\u0131\u011f\u0131 g\u00f6revine atanan \u00c7ank\u0131r\u0131 Karatekin \u00dcniversitesi Bilgi ve Belge Y\u00f6netimi B\u00f6l\u00fcm\u00fc K\u00fct\u00fcphanecilik Ana Bilim Dal\u0131 \u00d6\u011fretim \u00dcyesi Say\u0131n Prof. Dr. H\u00fcseyin ODABA\u015e\u2019\u0131 tebrik eder, yeni g\u00f6revinde ba\u015far\u0131lar dileriz.<\/p>\n","protected":false},"author":1,"featured_media":29094,"comment_status":"open","ping_status":"open","sticky":false,"template":"","format":"standard","meta":{"footnotes":""},"categories":[1],"tags":[106],"class_list":["post-29093","post","type-post","status-publish","format-standard","has-post-thumbnail","hentry","category-genel","tag-huseyin-odabas"],"_links":{"self":[{"href":"https:\/\/www.bbyhaber.com\/bby\/wp-json\/wp\/v2\/posts\/29093"}],"collection":[{"href":"https:\/\/www.bbyhaber.com\/bby\/wp-json\/wp\/v2\/posts"}],"about":[{"href":"https:\/\/www.bbyhaber.com\/bby\/wp-json\/wp\/v2\/types\/post"}],"author":[{"embeddable":true,"href":"https:\/\/www.bbyhaber.com\/bby\/wp-json\/wp\/v2\/users\/1"}],"replies":[{"embeddable":true,"href":"https:\/\/www.bbyhaber.com\/bby\/wp-json\/wp\/v2\/comments?post=29093"}],"version-history":[{"count":1,"href":"https:\/\/www.bbyhaber.com\/bby\/wp-json\/wp\/v2\/posts\/29093\/revisions"}],"predecessor-version":[{"id":29095,"href":"https:\/\/www.bbyhaber.com\/bby\/wp-json\/wp\/v2\/posts\/29093\/revisions\/29095"}],"wp:featuredmedia":[{"embeddable":true,"href":"https:\/\/www.bbyhaber.com\/bby\/wp-json\/wp\/v2\/media\/29094"}],"wp:attachment":[{"href":"https:\/\/www.bbyhaber.com\/bby\/wp-json\/wp\/v2\/media?parent=29093"}],"wp:term":[{"taxonomy":"category","embeddable":true,"href":"https:\/\/www.bbyhaber.com\/bby\/wp-json\/wp\/v2\/categories?post=29093"},{"taxonomy":"post_tag","embeddable":true,"href":"https:\/\/www.bbyhaber.com\/bby\/wp-json\/wp\/v2\/tags?post=29093"}],"curies":[{"name":"wp","href":"https:\/\/api.w.org\/{rel}","templated":true}]}}