{"id":29090,"date":"2021-04-27T00:51:40","date_gmt":"2021-04-26T21:51:40","guid":{"rendered":"https:\/\/www.bbyhaber.com\/bby\/?p=29090"},"modified":"2021-04-27T09:23:48","modified_gmt":"2021-04-27T06:23:48","slug":"okul-kutuphanelerinde-gercek-devrim-icin-erolxyilmaz","status":"publish","type":"post","link":"https:\/\/www.bbyhaber.com\/bby\/2021\/04\/27\/okul-kutuphanelerinde-gercek-devrim-icin-erolxyilmaz","title":{"rendered":"Okul k\u00fct\u00fcphanelerinde ger\u00e7ek devrim i\u00e7in&#8230;@erolxyilmaz"},"content":{"rendered":"<p><a href=\"https:\/\/www.bbyhaber.com\/bby\/wp-content\/uploads\/2021\/04\/FF6040AC-2C77-4F1F-A306-94C4B2751831.jpeg\"><img loading=\"lazy\" decoding=\"async\" class=\"alignleft wp-image-29091 \" src=\"https:\/\/www.bbyhaber.com\/bby\/wp-content\/uploads\/2021\/04\/FF6040AC-2C77-4F1F-A306-94C4B2751831.jpeg\" alt=\"\" width=\"324\" height=\"198\" srcset=\"https:\/\/www.bbyhaber.com\/bby\/wp-content\/uploads\/2021\/04\/FF6040AC-2C77-4F1F-A306-94C4B2751831.jpeg 706w, https:\/\/www.bbyhaber.com\/bby\/wp-content\/uploads\/2021\/04\/FF6040AC-2C77-4F1F-A306-94C4B2751831-300x183.jpeg 300w\" sizes=\"(max-width: 324px) 100vw, 324px\" \/><\/a>De\u011ferli Hocam\u0131z <strong>Do\u00e7.Dr. Erol YILMAZ<\/strong>\u2019\u0131n \u201c<strong><em>Okul k\u00fct\u00fcphanelerinde ger\u00e7ek devrim i\u00e7in&#8230;<\/em><\/strong>\u201d ba\u015fl\u0131\u011f\u0131 ile kaleme ald\u0131\u011f\u0131 k\u00f6\u015fe yaz\u0131s\u0131n\u0131n tamam\u0131n\u0131 a\u015fa\u011f\u0131daki ba\u011flant\u0131dan okuyabilirsiniz. Mesle\u011fimizin okul k\u00fct\u00fcphanelerindeki en \u00f6nemli eksikli\u011fi olan k\u00fct\u00fcphaneci kadrosu a\u00e7\u0131lmama meselesini enine boyuna anlatan g\u00fczel bir yaz\u0131.<!--more--><\/p>\n<p>&#8230;&#8230;&#8230;.<\/p>\n<p>\u201cOkul k\u00fct\u00fcphaneleri devrimi\u201dnin hayata ge\u00e7irilebilmesinin temel \u015fart\u0131, \u00e7e\u015fitli \u00f6l\u00e7\u00fctler baz\u0131nda \u00f6nde olan okullardan ba\u015flayarak k\u00fct\u00fcphanelerde uzman k\u00fct\u00fcphanecilerin g\u00f6revlendirilmesidir. Yap\u0131lan yat\u0131r\u0131mlar\u0131n \u201cnitelikli e\u011fitim-\u00f6\u011fretim\u201d gibi, yak\u0131n ve uzak planda etkisini a\u00e7\u0131k\u00e7a g\u00f6sterecek bir \u00e7\u0131kt\u0131ya d\u00f6n\u00fc\u015fmesinde bu durum \u00f6nemli oranda rol oynayacakt\u0131r.<\/p>\n<p>Milli E\u011fitim Bakanl\u0131\u011f\u0131 taraf\u0131ndan a\u00e7\u0131klanan \u201c2023 Vizyon Belgesi\u201d kapsam\u0131nda okul k\u00fct\u00fcphanesinin <i>-e\u011fitimdeki \u00f6nemini i\u015faretlemek bir yana-<\/i> kavram olarak dahi yer almamas\u0131, devlet akl\u0131n\u0131n konuya bak\u0131\u015f\u0131n\u0131 resmetmesi ba\u011flam\u0131nda fazlas\u0131yla umut k\u0131r\u0131c\u0131d\u0131r. \u00d6te yandan, iyi niyetli ve olumlu bir bak\u0131\u015f a\u00e7\u0131s\u0131yla s\u00f6ylenecek olursa, Cumhurba\u015fkanl\u0131\u011f\u0131 K\u00fclliyesi i\u00e7erisinde bir \u015faheser olarak Millet K\u00fct\u00fcphanesi\u2019ni in\u015fa ettiren g\u00fc\u00e7l\u00fc iradenin okul k\u00fct\u00fcphaneleri konusunda da ileri ad\u0131mlar atabilece\u011fi ihtimal d\u00e2hilindedir. Siyaset kurumu i\u00e7erisindeki b\u00fct\u00fcn akt\u00f6rlerin bu konuda mutab\u0131k kalarak verecekleri g\u00fc\u00e7l\u00fc destek, y\u00f6netim erkini elinde bulunduranlar\u0131n olumlu karar almas\u0131nda motive edici bir unsur olacakt\u0131r.<\/p>\n<p><span style=\"color: #ff0000;\"><strong>YAZININ TAMAMINI OKUMAK \u0130\u00c7\u0130N L\u00dcTFEN<\/strong><\/span> <a href=\"https:\/\/www.dunyabizim.com\/okul-kutuphanelerinde-gercek-devrim-icin-makale,2209.html\" target=\"_blank\" rel=\"noopener noreferrer\"><strong>TIKLAYINIZ<\/strong><\/a><\/p>\n","protected":false},"excerpt":{"rendered":"<p>De\u011ferli Hocam\u0131z Do\u00e7.Dr. Erol YILMAZ\u2019\u0131n \u201cOkul k\u00fct\u00fcphanelerinde ger\u00e7ek devrim i\u00e7in&#8230;\u201d ba\u015fl\u0131\u011f\u0131 ile kaleme ald\u0131\u011f\u0131 k\u00f6\u015fe yaz\u0131s\u0131n\u0131n tamam\u0131n\u0131 a\u015fa\u011f\u0131daki ba\u011flant\u0131dan okuyabilirsiniz. Mesle\u011fimizin okul k\u00fct\u00fcphanelerindeki en \u00f6nemli eksikli\u011fi olan k\u00fct\u00fcphaneci kadrosu a\u00e7\u0131lmama meselesini enine boyuna anlatan g\u00fczel bir yaz\u0131.<\/p>\n","protected":false},"author":1,"featured_media":29091,"comment_status":"open","ping_status":"open","sticky":false,"template":"","format":"standard","meta":{"footnotes":""},"categories":[1,1596],"tags":[],"class_list":["post-29090","post","type-post","status-publish","format-standard","has-post-thumbnail","hentry","category-genel","category-prof-dr-erol-yilmaz"],"_links":{"self":[{"href":"https:\/\/www.bbyhaber.com\/bby\/wp-json\/wp\/v2\/posts\/29090"}],"collection":[{"href":"https:\/\/www.bbyhaber.com\/bby\/wp-json\/wp\/v2\/posts"}],"about":[{"href":"https:\/\/www.bbyhaber.com\/bby\/wp-json\/wp\/v2\/types\/post"}],"author":[{"embeddable":true,"href":"https:\/\/www.bbyhaber.com\/bby\/wp-json\/wp\/v2\/users\/1"}],"replies":[{"embeddable":true,"href":"https:\/\/www.bbyhaber.com\/bby\/wp-json\/wp\/v2\/comments?post=29090"}],"version-history":[{"count":2,"href":"https:\/\/www.bbyhaber.com\/bby\/wp-json\/wp\/v2\/posts\/29090\/revisions"}],"predecessor-version":[{"id":29096,"href":"https:\/\/www.bbyhaber.com\/bby\/wp-json\/wp\/v2\/posts\/29090\/revisions\/29096"}],"wp:featuredmedia":[{"embeddable":true,"href":"https:\/\/www.bbyhaber.com\/bby\/wp-json\/wp\/v2\/media\/29091"}],"wp:attachment":[{"href":"https:\/\/www.bbyhaber.com\/bby\/wp-json\/wp\/v2\/media?parent=29090"}],"wp:term":[{"taxonomy":"category","embeddable":true,"href":"https:\/\/www.bbyhaber.com\/bby\/wp-json\/wp\/v2\/categories?post=29090"},{"taxonomy":"post_tag","embeddable":true,"href":"https:\/\/www.bbyhaber.com\/bby\/wp-json\/wp\/v2\/tags?post=29090"}],"curies":[{"name":"wp","href":"https:\/\/api.w.org\/{rel}","templated":true}]}}