{"id":29080,"date":"2021-04-22T14:25:41","date_gmt":"2021-04-22T11:25:41","guid":{"rendered":"https:\/\/www.bbyhaber.com\/bby\/?p=29080"},"modified":"2021-04-22T14:25:41","modified_gmt":"2021-04-22T11:25:41","slug":"kose-yazarimiz-cem-ozel-egitim-ajansinda-da-yazmaya-basladi","status":"publish","type":"post","link":"https:\/\/www.bbyhaber.com\/bby\/2021\/04\/22\/kose-yazarimiz-cem-ozel-egitim-ajansinda-da-yazmaya-basladi","title":{"rendered":"K\u00f6\u015fe yazar\u0131m\u0131z Cem \u00d6zel, E\u011fitim Ajans\u0131&#8217;nda da yazmaya ba\u015flad\u0131"},"content":{"rendered":"<p><a href=\"https:\/\/www.bbyhaber.com\/bby\/wp-content\/uploads\/2021\/04\/cemozel-egitim-ajansi.png\"><img loading=\"lazy\" decoding=\"async\" class=\"alignleft wp-image-29081 \" src=\"https:\/\/www.bbyhaber.com\/bby\/wp-content\/uploads\/2021\/04\/cemozel-egitim-ajansi.png\" alt=\"\" width=\"297\" height=\"199\" srcset=\"https:\/\/www.bbyhaber.com\/bby\/wp-content\/uploads\/2021\/04\/cemozel-egitim-ajansi.png 726w, https:\/\/www.bbyhaber.com\/bby\/wp-content\/uploads\/2021\/04\/cemozel-egitim-ajansi-300x201.png 300w, https:\/\/www.bbyhaber.com\/bby\/wp-content\/uploads\/2021\/04\/cemozel-egitim-ajansi-110x75.png 110w\" sizes=\"(max-width: 297px) 100vw, 297px\" \/><\/a>K\u00f6\u015fe yazar\u0131m\u0131z <strong>Cem \u00d6zel<\/strong>, Milliyet Gazetesi yazar\u0131 Abbas G\u00fc\u00e7l\u00fc&#8217;n\u00fcn y\u00f6netti\u011fi <strong>E\u011fitim Ajans\u0131<\/strong>&#8216;nda da yazmaya ba\u015flad\u0131.<!--more--><\/p>\n<p>E\u011fitim Ajans\u0131&#8217;ndaki yaz\u0131lar\u0131n\u0131 takip etmek i\u00e7in l\u00fctfen <a href=\"https:\/\/www.egitimajansi.com\/cem-ozel\/biyografi\/41\" target=\"_blank\" rel=\"noopener noreferrer\"><strong>t\u0131klay\u0131n\u0131z.<\/strong><\/a><\/p>\n","protected":false},"excerpt":{"rendered":"<p>K\u00f6\u015fe yazar\u0131m\u0131z Cem \u00d6zel, Milliyet Gazetesi yazar\u0131 Abbas G\u00fc\u00e7l\u00fc&#8217;n\u00fcn y\u00f6netti\u011fi E\u011fitim Ajans\u0131&#8216;nda da yazmaya ba\u015flad\u0131.<\/p>\n","protected":false},"author":1,"featured_media":29081,"comment_status":"open","ping_status":"open","sticky":false,"template":"","format":"standard","meta":{"footnotes":""},"categories":[1478,1],"tags":[],"class_list":["post-29080","post","type-post","status-publish","format-standard","has-post-thumbnail","hentry","category-cem-ozel","category-genel"],"_links":{"self":[{"href":"https:\/\/www.bbyhaber.com\/bby\/wp-json\/wp\/v2\/posts\/29080"}],"collection":[{"href":"https:\/\/www.bbyhaber.com\/bby\/wp-json\/wp\/v2\/posts"}],"about":[{"href":"https:\/\/www.bbyhaber.com\/bby\/wp-json\/wp\/v2\/types\/post"}],"author":[{"embeddable":true,"href":"https:\/\/www.bbyhaber.com\/bby\/wp-json\/wp\/v2\/users\/1"}],"replies":[{"embeddable":true,"href":"https:\/\/www.bbyhaber.com\/bby\/wp-json\/wp\/v2\/comments?post=29080"}],"version-history":[{"count":1,"href":"https:\/\/www.bbyhaber.com\/bby\/wp-json\/wp\/v2\/posts\/29080\/revisions"}],"predecessor-version":[{"id":29082,"href":"https:\/\/www.bbyhaber.com\/bby\/wp-json\/wp\/v2\/posts\/29080\/revisions\/29082"}],"wp:featuredmedia":[{"embeddable":true,"href":"https:\/\/www.bbyhaber.com\/bby\/wp-json\/wp\/v2\/media\/29081"}],"wp:attachment":[{"href":"https:\/\/www.bbyhaber.com\/bby\/wp-json\/wp\/v2\/media?parent=29080"}],"wp:term":[{"taxonomy":"category","embeddable":true,"href":"https:\/\/www.bbyhaber.com\/bby\/wp-json\/wp\/v2\/categories?post=29080"},{"taxonomy":"post_tag","embeddable":true,"href":"https:\/\/www.bbyhaber.com\/bby\/wp-json\/wp\/v2\/tags?post=29080"}],"curies":[{"name":"wp","href":"https:\/\/api.w.org\/{rel}","templated":true}]}}