{"id":29075,"date":"2021-04-18T14:48:36","date_gmt":"2021-04-18T11:48:36","guid":{"rendered":"https:\/\/www.bbyhaber.com\/bby\/?p=29075"},"modified":"2021-04-19T00:05:02","modified_gmt":"2021-04-18T21:05:02","slug":"gorunmez-kahraman-m-tayfun-gulle","status":"publish","type":"post","link":"https:\/\/www.bbyhaber.com\/bby\/2021\/04\/18\/gorunmez-kahraman-m-tayfun-gulle","title":{"rendered":"G\u00f6r\u00fcnmez Kahraman: M. Tayfun G\u00fclle"},"content":{"rendered":"<p>[avatar user=&#8221;cemozel&#8221; \/]<a href=\"http:\/\/www.bbyhaber.com\/bby\/author\/cemozel\"><br \/>\nCem \u00d6ZEL<\/a><br \/>\n<strong>Kullan\u0131c\u0131 Hizmetleri Y\u00f6neticisi\/Sabanc\u0131 \u00dcniversitesi Bilgi Merkezi<\/strong><\/p>\n<p><a href=\"https:\/\/www.bbyhaber.com\/bby\/wp-content\/uploads\/2021\/04\/tayfungulle.png\"><img loading=\"lazy\" decoding=\"async\" class=\"alignleft wp-image-29076 \" src=\"https:\/\/www.bbyhaber.com\/bby\/wp-content\/uploads\/2021\/04\/tayfungulle.png\" alt=\"\" width=\"327\" height=\"179\" srcset=\"https:\/\/www.bbyhaber.com\/bby\/wp-content\/uploads\/2021\/04\/tayfungulle.png 700w, https:\/\/www.bbyhaber.com\/bby\/wp-content\/uploads\/2021\/04\/tayfungulle-300x164.png 300w\" sizes=\"(max-width: 327px) 100vw, 327px\" \/><\/a>T\u00fcrk K\u00fct\u00fcphanecili\u011fi dergisinin son say\u0131s\u0131n\u0131 incelerken b\u00fcy\u00fck bir h\u00fczne kap\u0131ld\u0131m. Dergimize y\u0131llard\u0131r gecesini g\u00fcnd\u00fcz\u00fcne katarak emek veren duayen meslekta\u015f\u0131m\u0131z M. Tayfun G\u00fclle nam-I di\u011fer Tayfun Hoca, dergideki Yaz\u0131 \u0130\u015fleri M\u00fcd\u00fcrl\u00fc\u011f\u00fc\u2019n\u00fc bir ba\u015fka meslekta\u015f\u0131m\u0131za devretti. Yeni meslekta\u015f\u0131m\u0131z\u0131n ad\u0131n\u0131 dergide hen\u00fcz g\u00f6remedim; ama kendisine \u015fimdiden ba\u015far\u0131lar diliyorum.<!--more--><\/p>\n<p>Tayfun Hoca\u2019n\u0131n Yaz\u0131 \u0130\u015fleri M\u00fcd\u00fcrl\u00fc\u011f\u00fc esnas\u0131nda derginin bir d\u00f6nem edit\u00f6rleri aras\u0131nda bulundum. \u0130\u015flerimin yo\u011funlu\u011fu nedeniyle \u00e7ok fazla devam edemesem de bu s\u00fcre zarf\u0131nda Tayfun Hoca\u2019n\u0131n birikiminden olduk\u00e7a faydaland\u0131m. Hem mesleki anlamda hem de ki\u015fisel anlamda uzun s\u00fcreler boyunca telefon g\u00f6r\u00fc\u015fmelerimiz oldu. Ba\u015fl\u0131ktan da anlayaca\u011f\u0131n\u0131z \u00fczere Tayfun Hoca benim i\u00e7in g\u00f6r\u00fcnmez kahramand\u0131; \u00e7\u00fcnk\u00fc hen\u00fcz y\u00fcz y\u00fcze kar\u015f\u0131la\u015fmad\u0131k. Hatta y\u00fcz y\u00fcze tan\u0131\u015fmad\u0131k bile. Onca y\u0131l\u0131n dostlu\u011funun \u00fcst\u00fcne belki de tan\u0131\u015ft\u0131\u011f\u0131m\u0131za memnun olacak s\u00f6zler edece\u011fiz birbirimize.<\/p>\n<p>Sadece mesleki anlamdaki birikimi de\u011fil, hayat\u0131n i\u00e7inden biriktirdiklerini de payla\u015f\u0131rd\u0131 Tayfun Hoca. Sanata ve k\u00fclt\u00fcre d\u00fc\u015fk\u00fcnl\u00fc\u011f\u00fc onu en \u00e7ok mutlu eden unsurlardand\u0131. Ta \u0130stanbul\u2019dan heves etti\u011fim Ankara\u2019n\u0131n o sanat ve k\u00fclt\u00fcr gecelerini anlat\u0131\u015f\u0131, tiyatrodan \u00e7\u0131k\u0131p ya\u011fmurda y\u00fcr\u00fcyerek evine do\u011fru yol al\u0131\u015f ser\u00fcvenlerinde, telefon e\u015fli\u011finde, ben de kendisiyle birlikte Ankara\u2019da \u0131slak toprak kokusunu i\u00e7ime \u00e7ekerdim.<\/p>\n<p>Y\u0131llard\u0131r dostum Atakan\u2019la da<\/p>\n<p>\u00c7ok niyetlendik,<\/p>\n<p>Bir hafta sonu<\/p>\n<p>Atlay\u0131p arabam\u0131za<\/p>\n<p>Gitmeye Ankara\u2019ya<\/p>\n<p>\u015eiir gibi gidip, G\u00f6lba\u015f\u0131\u2019nda bir restaurantta \u015fiirler okuyarak, an\u0131lar payla\u015farak g\u00fczel bir s\u00f6yle\u015finin ana karakterleri olmay\u0131 \u00e7ok arzuluyoruz. Fatih Canata da gelir belki bizimle. Belki de Ankara\u2019daki edit\u00f6r karde\u015flerimiz de kat\u0131l\u0131r bize. Kim bilir! Ali Ta\u015f\u2019a da haber u\u00e7ururuz. Atlar gelir \u0130zmir\u2019den.<\/p>\n<p>Ne yalan s\u00f6yleyeyim, dergideki bu haberi duyunca, elim telefona varmad\u0131. Aray\u0131p hay\u0131rl\u0131 olsun diyemedim. Her \u015fey i\u00e7in te\u015fekk\u00fcr edemedim. Onca y\u0131l\u0131n Yaz\u0131 \u0130\u015fleri M\u00fcd\u00fcr\u00fc\u2019n\u00fcn g\u00f6z\u00fc \u00f6n\u00fcnde film kareleri gibi ge\u00e7ecekti belki de dergideki y\u0131llar\u0131. K\u0131yamad\u0131m Tayfun Hoca\u2019ma. O y\u00fczden bu yaz\u0131y\u0131 kaleme ald\u0131m. Te\u015fekk\u00fcrlerimi, \u015f\u00fckranlar\u0131m\u0131 sunmak istiyorum buradan. Onu tan\u0131mama vesile olan Atakan Ayd\u0131n\u2019a da \u00e7ok te\u015fekk\u00fcr ederim.<\/p>\n<p>\u0130lerleyen y\u0131llarda insan\u0131n s\u0131k\u0131 dostlar edinmesi daha da zorla\u015f\u0131r. Birbirimizi hen\u00fcz g\u00f6remesek de \u00e7ok s\u0131k\u0131 dostluk ba\u011flar\u0131 kurduk. Kendisine dan\u0131\u015faca\u011f\u0131m\u0131z \u00e7ok \u015feyler olacak, dertlenip can\u0131n\u0131 s\u0131kacak nice g\u00fcnler olacak belki de. Bir baba \u015fefkatiyle bizi dinleyece\u011fini bilmek insana huzur veriyor.<\/p>\n<p>Belki an\u0131lar\u0131n\u0131 yazaca\u011f\u0131 g\u00fcnler de gelecek. \u0130\u015fte o zaman imza kuyru\u011funda ben de olaca\u011f\u0131m, s\u0131ra ne kadar uzun olursa olsun \u00f6n\u00fcnde.<\/p>\n<p>Helal edin diye bir emir kipi kullanmayaca\u011f\u0131m. \u00c7ok hakk\u0131n\u0131z ge\u00e7ti; ama helal ederseniz de kendimi \u00e7ok huzurlu ve mutlu hissedece\u011fim.<\/p>\n<p>Sevgiyle\u2026<\/p>\n","protected":false},"excerpt":{"rendered":"<p>[avatar user=&#8221;cemozel&#8221; \/] Cem \u00d6ZEL Kullan\u0131c\u0131 Hizmetleri Y\u00f6neticisi\/Sabanc\u0131 \u00dcniversitesi Bilgi Merkezi T\u00fcrk K\u00fct\u00fcphanecili\u011fi dergisinin son say\u0131s\u0131n\u0131 incelerken b\u00fcy\u00fck bir h\u00fczne kap\u0131ld\u0131m. Dergimize y\u0131llard\u0131r gecesini g\u00fcnd\u00fcz\u00fcne katarak emek veren duayen meslekta\u015f\u0131m\u0131z M. Tayfun G\u00fclle nam-I di\u011fer Tayfun Hoca, dergideki Yaz\u0131 \u0130\u015fleri M\u00fcd\u00fcrl\u00fc\u011f\u00fc\u2019n\u00fc bir ba\u015fka meslekta\u015f\u0131m\u0131za devretti. Yeni meslekta\u015f\u0131m\u0131z\u0131n ad\u0131n\u0131 dergide hen\u00fcz g\u00f6remedim; ama kendisine \u015fimdiden ba\u015far\u0131lar [&hellip;]<\/p>\n","protected":false},"author":143,"featured_media":29076,"comment_status":"open","ping_status":"open","sticky":false,"template":"","format":"standard","meta":{"footnotes":""},"categories":[1478,1],"tags":[1460,428],"class_list":["post-29075","post","type-post","status-publish","format-standard","has-post-thumbnail","hentry","category-cem-ozel","category-genel","tag-kose-yazarlari","tag-m-tayfun-gulle"],"_links":{"self":[{"href":"https:\/\/www.bbyhaber.com\/bby\/wp-json\/wp\/v2\/posts\/29075"}],"collection":[{"href":"https:\/\/www.bbyhaber.com\/bby\/wp-json\/wp\/v2\/posts"}],"about":[{"href":"https:\/\/www.bbyhaber.com\/bby\/wp-json\/wp\/v2\/types\/post"}],"author":[{"embeddable":true,"href":"https:\/\/www.bbyhaber.com\/bby\/wp-json\/wp\/v2\/users\/143"}],"replies":[{"embeddable":true,"href":"https:\/\/www.bbyhaber.com\/bby\/wp-json\/wp\/v2\/comments?post=29075"}],"version-history":[{"count":3,"href":"https:\/\/www.bbyhaber.com\/bby\/wp-json\/wp\/v2\/posts\/29075\/revisions"}],"predecessor-version":[{"id":29079,"href":"https:\/\/www.bbyhaber.com\/bby\/wp-json\/wp\/v2\/posts\/29075\/revisions\/29079"}],"wp:featuredmedia":[{"embeddable":true,"href":"https:\/\/www.bbyhaber.com\/bby\/wp-json\/wp\/v2\/media\/29076"}],"wp:attachment":[{"href":"https:\/\/www.bbyhaber.com\/bby\/wp-json\/wp\/v2\/media?parent=29075"}],"wp:term":[{"taxonomy":"category","embeddable":true,"href":"https:\/\/www.bbyhaber.com\/bby\/wp-json\/wp\/v2\/categories?post=29075"},{"taxonomy":"post_tag","embeddable":true,"href":"https:\/\/www.bbyhaber.com\/bby\/wp-json\/wp\/v2\/tags?post=29075"}],"curies":[{"name":"wp","href":"https:\/\/api.w.org\/{rel}","templated":true}]}}