{"id":29003,"date":"2021-03-10T22:41:06","date_gmt":"2021-03-10T19:41:06","guid":{"rendered":"https:\/\/www.bbyhaber.com\/bby\/?p=29003"},"modified":"2021-03-11T10:03:40","modified_gmt":"2021-03-11T07:03:40","slug":"turkiyede-ilk-defa-telelift-kitap-tasima-sistemi-kullanilacak-cb_kutuphane","status":"publish","type":"post","link":"https:\/\/www.bbyhaber.com\/bby\/2021\/03\/10\/turkiyede-ilk-defa-telelift-kitap-tasima-sistemi-kullanilacak-cb_kutuphane","title":{"rendered":"T\u00fcrkiye\u2019de ilk defa \u201cTelelift\u201d Kitap Ta\u015f\u0131ma Sistemi kullan\u0131lacak @cb_kutuphane"},"content":{"rendered":"<p><a href=\"https:\/\/www.bbyhaber.com\/bby\/wp-content\/uploads\/2021\/03\/9C78F23E-3A9A-4081-B09D-535AACD5A017.jpeg\"><img loading=\"lazy\" decoding=\"async\" class=\"alignleft wp-image-29004 size-full\" src=\"https:\/\/www.bbyhaber.com\/bby\/wp-content\/uploads\/2021\/03\/9C78F23E-3A9A-4081-B09D-535AACD5A017.jpeg\" alt=\"\" width=\"390\" height=\"180\" \/><\/a>Cumhurba\u015fkanl\u0131\u011f\u0131 Millet K\u00fct\u00fcphanesi Daire Ba\u015fkas\u0131 Sn. @ayhantuglu Karatay \u00dcniversitesi\u2019nin E-B\u00fclten 26. say\u0131s\u0131na \u00f6zel r\u00f6portaj ger\u00e7ekle\u015ftirdi.<!--more--><\/p>\n<p><strong>K\u0131saca sizi tan\u0131yabilir miyiz?<\/strong><br \/>\n1971 y\u0131l\u0131nda Kayseri\u2019nin Develi il\u00e7esinde do\u011fdum. \u0130lk, orta ve lise \u00f6\u011frenimimi orada tamamlad\u0131m. 1989 y\u0131l\u0131nda lisans hayat\u0131ma \u0130stanbul \u00dcniversitesi Edebiyat Fak\u00fcltesi Bilgi ve Belge Y\u00f6netimi B\u00f6l\u00fcm\u00fc\u2019nde ba\u015flad\u0131m ve 1993 y\u0131l\u0131nda mezun oldum. Mezuniyetten sonra, Marmara \u00dcniversitesi\u2019nde uzman olarak g\u00f6reve ba\u015flad\u0131m. 1999 y\u0131l\u0131nda istifa edip Bah\u00e7e\u015fehir \u00dcniversitesi\u2019ne ge\u00e7tim ve orada 11 y\u0131l g\u00f6rev yapt\u0131m. Vak\u0131flar Genel M\u00fcd\u00fcrl\u00fc\u011f\u00fc taraf\u0131ndan kurulan Fatih Sultan Mehmet Vak\u0131f \u00dcniversitesi\u2019nde de\u011fi\u015fik g\u00f6revlerde bulunduktan sonra, 2016 y\u0131l\u0131 May\u0131s ay\u0131 itibariyle Cumhurba\u015fkanl\u0131\u011f\u0131 Millet K\u00fct\u00fcphanesi\u2019ni kurmak \u00fczere g\u00f6revlendirildim.<\/p>\n<p><strong>Cumhurba\u015fkanl\u0131\u011f\u0131 Millet K\u00fct\u00fcphanesi hakk\u0131nda bilgi verebilir misiniz? Say\u0131larla K\u00fct\u00fcphaneyi nas\u0131l ifade edersiniz?<\/strong><br \/>\nK\u00fct\u00fcphane\u2019nin haz\u0131rl\u0131k \u00e7al\u0131\u015fmalar\u0131na g\u00f6reve geldi\u011fim g\u00fcn itibariyle ba\u015flad\u0131k. K\u00fct\u00fcphane binas\u0131n\u0131n in\u015faat\u0131 devam ederken, biz de Ankara ve \u0130stanbul\u2019da iki hizmet al\u0131m\u0131 projesiyle toplamda 300 ki\u015filik bir ekiple K\u00fct\u00fcphanenin i\u00e7eriklerini ve bas\u0131l\u0131 materyallerini haz\u0131rlad\u0131k. K\u00fct\u00fcphanenin a\u00e7\u0131l\u0131\u015f\u0131n\u0131 yakla\u015f\u0131k 1 milyon yedi y\u00fcz bin kitap ve 2 milyonun \u00fczerinde s\u00fcreli yay\u0131n ile ger\u00e7ekle\u015ftirdik. Kay\u0131t giri\u015flerimiz h\u00e2len yeti\u015fmi\u015f kataloglama personelimiz ve hizmet al\u0131m\u0131 ile iki koldan devam etmektedir.<br \/>\nK\u00fct\u00fcphanemiz, 20 \u015eubat 2020 tarihinde Cumhurba\u015fkan\u0131m\u0131z Say\u0131n Recep Tayyip Erdo\u011fan, \u00d6zbekistan Cumhurba\u015fkan\u0131 \u015eevket Mirziyoyev ile \u00f6zel davetliler, Rekt\u00f6rler, \u0130l K\u00fclt\u00fcr M\u00fcd\u00fcrleri, K\u00fct\u00fcphane Daire Ba\u015fkanlar\u0131 ve k\u00fclt\u00fcr\/sanat\/edebiyat camias\u0131ndan yakla\u015f\u0131k 2.500 kat\u0131l\u0131mc\u0131 ile a\u00e7\u0131ld\u0131.<br \/>\nK\u00fct\u00fcphane, 20 \u015eubat-15 Mart 2020 tarihleri aras\u0131nda 7\/24 hizmet verdi. Bu s\u00fcre\u00e7te g\u00fcnl\u00fck ziyaret\u00e7i say\u0131s\u0131 ortalama olarak hafta i\u00e7i 6.100, hafta sonu ise 20.000\u2019i buldu. \u0130lk a\u00e7\u0131ld\u0131\u011f\u0131 g\u00fcnden itibaren K\u00fct\u00fcphanede, Cumhurba\u015fkan\u0131m\u0131z\u0131n ikram\u0131 olan \u00e7ay ve kahve hizmeti halen devam etmektedir. Pandemi \u00f6ncesi kek ikram\u0131 da bulunmakta idi. Ancak pandemi nedeniyle bu hizmete ara verildi, normal hayata d\u00f6nd\u00fckten sonra bu hizmete de devam etmeyi planlamaktay\u0131z.<br \/>\n\u015eu anda sisteme giri\u015fi yap\u0131lm\u0131\u015f 1 milyon 800 bin bas\u0131l\u0131 kitab\u0131m\u0131z var. Hen\u00fcz kayd\u0131 yap\u0131lmayan yakla\u015f\u0131k 500 bin kitap da depolar\u0131m\u0131zda beklemekte ve bu say\u0131 her g\u00fcn artarak devam etmektedir. Cumhurba\u015fkanl\u0131\u011f\u0131 Millet K\u00fct\u00fcphanesi, \u00fclkemizdeki 6 (Alt\u0131) derleme k\u00fct\u00fcphanesinden biridir. T\u00fcrkiye\u2019de yay\u0131mlanan, ISBN numaras\u0131 alm\u0131\u015f her yay\u0131n, K\u00fct\u00fcphaneye \u00fccretsiz olarak gelmektedir. Derlemeden gelen yay\u0131n say\u0131s\u0131 y\u0131ll\u0131k yakla\u015f\u0131k olarak 70 bin adettir.<br \/>\nK\u00fct\u00fcphane binas\u0131, 125.000 m2 kapal\u0131 alana ve 5.000 ki\u015filik oturma kapasitesine sahip olup 12 kattan olu\u015fmaktad\u0131r. K\u00fct\u00fcphane 11 katta hizmet vermekte, 12. kat ise teknik k\u0131s\u0131m olarak kullan\u0131lmaktad\u0131r. Ayr\u0131ca 2.400 ara\u00e7l\u0131k a\u00e7\u0131k\/kapal\u0131 otopark mevcuttur.<br \/>\nCumhurba\u015fkanl\u0131\u011f\u0131 Millet K\u00fct\u00fcphanesi i\u00e7erisinde; Nasreddin Hoca \u00c7ocuk K\u00fct\u00fcphanesi, Gen\u00e7lik K\u00fct\u00fcphanesi, Ara\u015ft\u0131rma K\u00fct\u00fcphanesi, Nadir Eserler K\u00fct\u00fcphanesi, Ses ve G\u00f6r\u00fcnt\u00fc K\u00fct\u00fcphanesi ile Cihann\u00fcm\u00e2 Salonu, S\u00fcreli Yay\u0131nlar Salonu, 2. ve 4. Kat Okuma Salonlar\u0131 bulunmaktad\u0131r. K\u00fct\u00fcphanemizin, K\u00fct\u00fcphane ve Salonlar\u0131nda herkese hitap edebilen \u00e7ok zengin bir koleksiyon mevcuttur. Kitaplar, K\u00fct\u00fcphane d\u0131\u015f\u0131na \u00f6d\u00fcn\u00e7 verilmemekte ancak b\u00f6l\u00fcmler aras\u0131nda i\u00e7 \u00f6d\u00fcn\u00e7 olarak kulland\u0131r\u0131lmaktad\u0131r.<br \/>\nYay\u0131nlar\u0131m\u0131z hem a\u00e7\u0131k rafta hem de kapal\u0131 depolarda bulunmaktad\u0131r. Depo kitaplar\u0131 i\u00e7in T\u00fcrkiye\u2019de ilk defa K\u00fct\u00fcphanemizde uygulanacak olan \u201cTelelift\u201d Kitap Ta\u015f\u0131ma Sistemi kullan\u0131lacakt\u0131r. Bu Sistem Almanya\u2019dan al\u0131nd\u0131, kurulumu b\u00fcy\u00fck oranda yap\u0131ld\u0131 ancak Pandemi nedeniyle Almanya\u2019dan entegrasyonu yapacak m\u00fchendisler gelemedi\u011fi i\u00e7in kullan\u0131m a\u015famas\u0131na gelinemedi. Pandemiden sonra 2-3 ayl\u0131k bir \u00e7al\u0131\u015fma ile Sistem aktif hale gelecektir. D\u00fcnyada 160 kadar b\u00fcy\u00fck k\u00fct\u00fcphanede bu sistem kullan\u0131lmaktad\u0131r. Sistem\u2019de dikey ve yatay hareket eden yar\u0131 otonom raylar ve bu raylar\u0131n \u00fczerinde hareket eden kitap arabalar\u0131 bulunmaktad\u0131r. Ara\u015ft\u0131rmac\u0131, katalog taramas\u0131 neticesinde bir kitab\u0131n depoda oldu\u011fu bilgisine ula\u015ft\u0131 diyelim. K\u00fct\u00fcphaneye \u00fcye ise hemen kendi kullan\u0131c\u0131 ad\u0131 ve \u015fifresi ile (\u00fcye de\u011fil ise banko g\u00f6revlisine ba\u015fvurabilir) sisteme giri\u015f yaparak \u201cKitab\u0131 \u0130ste\u201d talebini olu\u015ftur. Bu istek otomatik olarak depocunun sistemine d\u00fc\u015fer. Depocu, kitap hangi depoda ise raftan al\u0131r ve \u2018Kitap \u0130stasyonu\u2019nda bulunan kitap arabas\u0131na b\u0131rak\u0131r. Kitab\u0131 isteyen okuyucunun bulundu\u011fu K\u00fct\u00fcphane\/Salon kat\u0131n\u0131 Sisteme kodlad\u0131ktan sonra kitap arabas\u0131 hareket eder. Talepte bulunulan noktaya geldi\u011finde g\u00f6revlinin ekran\u0131na bilgi d\u00fc\u015fer, g\u00f6revli kitab\u0131 al\u0131p okuyucuya ula\u015ft\u0131r\u0131r. T\u00fcm bu s\u00fcreci okuyucu isterse sistem \u00fczerinden takip edebilir. Ara\u015ft\u0131rmac\u0131n\u0131n kitapla i\u015fi bitince K\u00fct\u00fcphane\/Salonlarda bulunan \u201cKitap \u0130ade\u201d sistemine kitab\u0131 b\u0131rak\u0131r.<br \/>\nK\u00fct\u00fcphanemizde hem devlete hem de insan\u0131m\u0131za maliyeti olmas\u0131n d\u00fc\u015f\u00fcncesiyle \u00fcyelere bir \u2018\u00fcye kart\u0131\u2019 uygulamas\u0131 yerine yeni kimlik kartlar\u0131 ile t\u00fcm i\u015flemleri ger\u00e7ekle\u015ftirmelerini sa\u011flad\u0131k. Bu uygulamay\u0131 Cumhurba\u015fkanl\u0131\u011f\u0131 Dijital D\u00f6n\u00fc\u015f\u00fcm Ofisi, \u00a0N\u00fcfus ve Vatanda\u015fl\u0131k \u0130\u015fleri Genel M\u00fcd\u00fcrl\u00fc\u011f\u00fc ve T\u00dcRKSAT i\u015fbirli\u011fi ile yapt\u0131k. T\u00fcrkiye\u2019de ilk defa bir kamu kurumuna Cumhurba\u015fkanl\u0131\u011f\u0131 Millet K\u00fct\u00fcphanesi\u2019ne giri\u015f yaparken yeni kimlik kart\u0131 kullanabiliyor.<br \/>\nSes ve G\u00f6r\u00fcnt\u00fc K\u00fct\u00fcphanesi, 11 binin \u00fczerinde DVD, CD gibi g\u00f6rsel malzemeye sahiptir. Ayr\u0131ca Cornea \u015firketinin (THY ve Havelsan Ortal\u0131\u011f\u0131) geli\u015ftirmi\u015f oldu\u011fu Turna sistemi \u00fczerinden TRT\u2019nin bir milyonun \u00fczerindeki ar\u015fivi ile canl\u0131 yay\u0131nlar\u0131na ula\u015f\u0131labilmektedir.<br \/>\n24 saat hizmet verecek 2 b\u00fcy\u00fck restoran\u0131m\u0131z ile pastanemiz ve dinlenme alanlar\u0131m\u0131z mevcuttur. T\u00fcm haz\u0131rl\u0131klar\u0131n tamamlanmas\u0131na ra\u011fmen yemek hizmetini pandemiden dolay\u0131 devre d\u0131\u015f\u0131 b\u0131rakt\u0131k. Okuyucular \u015fu anda yemek konusunda ne yap\u0131yorlar sorusu ak\u0131llara gelebilir. Ya gelirken yiyeceklerini yanlar\u0131nda getiriyorlar ya da d\u0131\u015far\u0131dan verdikleri sipari\u015flerini kap\u0131dan al\u0131p i\u00e7erideki yemek salonlar\u0131nda yiyebiliyorlar.<br \/>\nK\u00fct\u00fcphanemizde kongre\/konferans ve toplant\u0131 i\u00e7in 500 ki\u015filik bir salon bulunmaktad\u0131r. Bu salonda d\u00f6rt adet simultane terc\u00fcme odas\u0131 mevcuttur. Ancak yine pandemi \u015fartlar\u0131 nedeniyle ge\u00e7ti\u011fimiz y\u0131l burada faaliyet ger\u00e7ekle\u015ftiremedik. Mart 2021 tarihinden itibaren s\u0131n\u0131rl\u0131 say\u0131da ki\u015fi ile toplant\u0131lara ba\u015flay\u0131p online olarak da yay\u0131mlamay\u0131 planlamaktay\u0131z.<br \/>\nK\u00fct\u00fcphanemizde 24 derslikten olu\u015fan \u2018e\u011fitim merkezi ve teknoloji at\u00f6lyeleri\u2019 de bulunmaktad\u0131r. Teknoloji at\u00f6lyelerinden d\u00f6rt tanesinin kurulumu T\u00dcB\u0130TAK taraf\u0131ndan yap\u0131lm\u0131\u015f, e\u011fitimler planlanm\u0131\u015f, \u00f6\u011fretmen e\u011fitimleri verilmi\u015f ve faaliyete haz\u0131r hale getirilmi\u015ftir. At\u00f6lyelerdeki programlar \u00f6zelliklerine g\u00f6re saatlik, haftal\u0131k ve ayl\u0131k olarak yap\u0131lacakt\u0131r. Dijital D\u00f6n\u00fc\u015f\u00fcm Ofisi taraf\u0131ndan \u2018oyunla\u015ft\u0131rma ve siber g\u00fcvenlik\u2019 kurulumu \u00e7al\u0131\u015fmalar\u0131 devam etmekte ve yak\u0131n zamanda tamamlanmas\u0131 planlanmaktad\u0131r. \u00dcniversite \u00f6\u011frencileri bu at\u00f6lyelerdeki altyap\u0131 ve sunucular\u0131; yaz\u0131l\u0131m geli\u015ftirme, oyunla\u015ft\u0131rma vb. \u00e7al\u0131\u015fmalar\u0131 i\u00e7in kullanabileceklerdir. Asl\u0131nda buras\u0131 sadece bir K\u00fct\u00fcphane de\u011fil, k\u00fct\u00fcphaneden daha fazlas\u0131\u2026<\/p>\n<p><strong>\u00c7ocuk K\u00fct\u00fcphanesi olduk\u00e7a ilgi \u00e7ekici g\u00f6z\u00fck\u00fcyor. Burada \u00e7ocuklara y\u00f6nelik neler yap\u0131l\u0131yor?<\/strong><br \/>\n\u00c7ocuk K\u00fct\u00fcphanesi\u2019nde, \u00e7ocuklarla \u2018Kendi kitab\u0131n\u0131z\u0131 kendiniz yaz\u0131n\u2019 at\u00f6lye \u00e7al\u0131\u015fmas\u0131 yapt\u0131k. Bu \u00e7al\u0131\u015fmada, kitaplar\u0131n\u0131 yazd\u0131lar, kitaplar\u0131na isim verdiler, resimlediler ve cilthanemizde ciltleme e\u011fitimi de alarak ciltlediler, b\u00f6ylece ortaya bir eser \u00e7\u0131karm\u0131\u015f oldular. Sonras\u0131nda aileleriyle, telif haklar\u0131n\u0131 almak i\u00e7in telif anla\u015fmas\u0131 yapt\u0131k, k\u00fct\u00fcphaneci arkada\u015flar\u0131m\u0131z teknik i\u015flemlerini yapt\u0131lar ve kitaplar K\u00fct\u00fcphane raflar\u0131nda yerlerini ald\u0131lar. \u015eu anda K\u00fct\u00fcphanede \u00e7ocuklar\u0131n gururla anlataca\u011f\u0131 kitaplar\u0131 bulunmaktad\u0131r. Kitaplar\u0131 pdf haline d\u00f6n\u00fc\u015ft\u00fcrd\u00fck ve katalo\u011fumuz a\u00e7\u0131ld\u0131\u011f\u0131nda yay\u0131nlayaca\u011f\u0131z. \u00a0Pandemiden sonra burada sergiler de yaparak canl\u0131l\u0131\u011f\u0131 daha da artt\u0131raca\u011f\u0131z.<\/p>\n<p><strong>Dezavantajl\u0131 bireyler i\u00e7in baz\u0131 uygulamalar g\u00f6rd\u00fck. Bunlardan bahsedebilir misiniz?<\/strong><br \/>\n\u0130\u015fitme ve g\u00f6rme engelliler i\u00e7in Turkcell taraf\u0131ndan kurulumu yap\u0131lan teknoloji s\u0131n\u0131f\u0131m\u0131z bulunmakta. T\u00fcrk Telekom ile birlikte \u201cSesli Ad\u0131mlar\u201d projesi haz\u0131rland\u0131 fakat daha duyurusu yap\u0131lmad\u0131. Bu projeyi b\u00fct\u00fcn okuyucu\/ziyaret\u00e7iler kullanabilecekler. Projede engelli okuyucu\/ziyaret\u00e7ilere kolayl\u0131k sa\u011flayan ayr\u0131 bir navigasyon sistemi de mevcut. \u201cSesli Ad\u0131mlar\u201d \u00f6n\u00fcm\u00fczdeki g\u00fcnlerde Android ve Apple ma\u011fazalar\u0131nda \u00fccretsiz olarak kullan\u0131ma sunulacakt\u0131r. G\u00f6rme engelli vatanda\u015flar\u0131m\u0131z bu uygulama ile kendi ba\u015flar\u0131na rahatl\u0131kla bina i\u00e7erisinde dola\u015fabileceklerdir.<\/p>\n<p><strong>Millet K\u00fct\u00fcphanesi\u2019nde hangi kataloglama sistemi kullan\u0131l\u0131yor?<\/strong><br \/>\nUlusal ve uluslararas\u0131 pek \u00e7ok k\u00fct\u00fcphanenin kataloglama politikalar\u0131n\u0131 inceleyerek uluslararas\u0131 standartlara uygun olarak Cumhurba\u015fkanl\u0131\u011f\u0131 Millet K\u00fct\u00fcphanesi Kataloglama Politikas\u0131 olu\u015fturduk. Kataloglamada AAKK2, Mark21 ve RDA, s\u0131n\u0131flamada LC ve Dewey sistemlerini kullan\u0131yoruz. A\u00e7\u0131k raflardaki kitaplar\u0131m\u0131z\u0131 LCC sistemine g\u00f6re yerle\u015ftiriyoruz.<br \/>\nKatalog kontrollerimiz hen\u00fcz bitmedi\u011fi i\u00e7in sistemi uzaktan eri\u015fime a\u00e7mad\u0131k. Ancak okuyucular K\u00fct\u00fcphane i\u00e7erisinde cep telefonu ile Intranet\u2019e ba\u011flanarak katalog taramas\u0131n\u0131 yapabiliyorlar.<\/p>\n<p><strong>Peki Cumhurba\u015fkanl\u0131\u011f\u0131 Millet K\u00fct\u00fcphanesine nas\u0131l giri\u015f yap\u0131l\u0131yor?<\/strong><br \/>\n\u00d6ncelikle \u015funu ifade edeyim, K\u00fct\u00fcphanemiz herkese a\u00e7\u0131k. T\u00fcrk vatanda\u015flar\u0131 kimlik kart\u0131 ile yabanc\u0131 uyruklular da pasaportlar\u0131 ile giri\u015f yapabiliyorlar. Yeni kimlik kart\u0131 olanlar giri\u015f turnikelerine kartlar\u0131n\u0131 okutarak i\u00e7eriye girebilirler. e-Devlet \u015fifresi olanlar e-Devlet\u2019e girerek \u201cHGS\u201d h\u0131zl\u0131 ge\u00e7i\u015f kart\u0131 \u00e7\u0131kt\u0131s\u0131n\u0131 alabilir ya da cep telefonundan kare kodu turnikeye okutup ge\u00e7i\u015f yapabilirler. Eski kimlik kart\u0131 ve pasaport ile giri\u015f yapmak isteyenler de g\u00f6revlilerden karekod alarak giri\u015f yapabiliyorlar.<br \/>\nK\u00fct\u00fcphanede, fotokopi ve yaz\u0131c\u0131dan \u00e7\u0131kt\u0131 almak i\u00e7in mutlaka e-Devlet\u2019ten \u00fcye olmak gereklidir. \u00dcye olduktan sonra cep telefonunuza bir \u015fifre gelir ve bu \u015fifre ile internete s\u0131n\u0131rs\u0131z bir \u015fekilde ba\u011flan\u0131l\u0131r. Yaz\u0131c\u0131ya kimli\u011finizi okutup \u015fifrenizi girdikten sonra \u00e7\u0131kt\u0131n\u0131z\u0131 alabilir ya da fotokopinizi \u00e7ekebilirsiniz. Bu hizmetin c\u00fczi bir \u00fccreti bulunuyor. Bu \u00fccret de uygulad\u0131\u011f\u0131m\u0131z Kamp\u00fcs Kart projesi veya K\u0130OSK\u2019lar vas\u0131tas\u0131yla \u00f6denmektedir. Okuyucu, sisteme e-Devlet kullan\u0131c\u0131 ad\u0131, TC kimlik numaras\u0131 ve \u015fifre ile giri\u015f yapabilir veya kimlik kart\u0131n\u0131 K\u0130OSK\u2019a okutup tan\u0131mlatabilir. Kredi kart\u0131 ya da nakit \u00f6deme yaparak hesab\u0131na bakiye y\u00fckleyebilir. Fotokopi veya \u00e7\u0131kt\u0131 ald\u0131\u011f\u0131 zaman oradaki bakiyesinden kullanabilir. Bu sistemi ilk defa burada uygulad\u0131k ve %100 ba\u015far\u0131 sa\u011flad\u0131k.<\/p>\n<p><strong>K\u00fct\u00fcphanenin ziyaret\u00e7i istatistikleri nas\u0131l?<\/strong><br \/>\nPandemi dolay\u0131s\u0131yla K\u00fct\u00fcphaneyi 15 Mart 2020 tarihinde okuyucu kullan\u0131m\u0131na kapatt\u0131k. 1 Haziran\u2019da kontroll\u00fc bir \u015fekilde k\u0131s\u0131tl\u0131 olarak tekrar a\u00e7t\u0131k. Hafta i\u00e7i pandemi olmas\u0131na ra\u011fmen 2 binin \u00fczerinde g\u00fcnl\u00fck okuyucu\/ziyaret\u00e7imiz gelmektedir. Hafta sonu ise 3 bin 200\u2019\u00fc g\u00f6rd\u00fck. Son k\u0131s\u0131tlamalarla soka\u011fa \u00e7\u0131kma yasa\u011f\u0131 oldu\u011fu i\u00e7in K\u00fct\u00fcphanemiz hafta sonlar\u0131 kapal\u0131. Hafta i\u00e7i g\u00fcnl\u00fck ortalama 800 civar\u0131 okuyucu\/ziyaret\u00e7imiz oluyor. Zaten Pandemi s\u00fcrecinde kontenjan\u0131m\u0131z\u0131 1\/5\u2019ne d\u00fc\u015f\u00fcrd\u00fck. Anl\u0131k i\u00e7eride ka\u00e7 ki\u015fi oldu\u011fu bilgisini, turnikeden verileri \u00e7ekerek web sayfam\u0131zda yay\u0131nl\u0131yoruz.<br \/>\nUla\u015f\u0131m olarak metro hatt\u0131na biraz uzak kal\u0131yoruz. En yak\u0131n metro hatt\u0131 S\u00f6\u011f\u00fct\u00f6z\u00fc ve Bah\u00e7eli. Pandemiden sonra buralardan \u00fccretsiz ring seferleri d\u00fczenlemeyi planl\u0131yoruz. Bu sayede ziyaret\u00e7i say\u0131m\u0131z daha da artacakt\u0131r. \u015eu anda okuyucular\u0131m\u0131z\u0131n %90\u2019\u0131 ara\u015ft\u0131rmac\u0131, lisans\u00fcst\u00fc ve \u00fcniversite \u00f6\u011frencisi. \u00c7al\u0131\u015fmaya uygun bir ortam oldu\u011fu i\u00e7in buraya geliyorlar. 60\u2019\u0131n \u00fczerinde 2, 4 ve 8 ki\u015filik grup \u00e7al\u0131\u015fma odam\u0131z var ve \u00e7ok ra\u011fbet g\u00f6r\u00fcyorlar. Buralar rezervasyonla kullan\u0131labiliyor. Odalar\u0131n i\u00e7erisinde internet ve dijital ekran bulundu\u011fundan sesli ya da sessiz bir \u015fekilde grup \u00e7al\u0131\u015fmas\u0131 yap\u0131labiliyor.<\/p>\n<p><strong>Yeni uygulamalar\u0131 hayata ge\u00e7irirken fikirler kimden \u00e7\u0131k\u0131yor? Yoksa olaylar ekseninde ihtiyaca binaen mi oluyor?<\/strong><br \/>\n\u00dcye kart\u0131 uygulamas\u0131na ba\u015flamadan \u00f6nce Milli K\u00fct\u00fcphane\u2019ye gittim ve 800 binin \u00fczerinde \u00fcyeleri oldu\u011funu \u00f6\u011frendim. Ara\u015ft\u0131rmac\u0131ya ayr\u0131, lise \u00f6\u011frencisine ayr\u0131 renk kart uygulanmas\u0131 bulunuyor ve bu olas\u0131 bir de\u011fi\u015fiklik halinde hepsinin \u00e7\u00f6pe at\u0131lmas\u0131 demekti. Dijital D\u00f6n\u00fc\u015f\u00fcm Ofisi ile birlikte giri\u015flerde yeni kimlik kartlar\u0131n\u0131 kullan\u0131ma alabilir miyiz diye ara\u015ft\u0131rmalar yapt\u0131k. Bu arada yeni kimlik kartlar\u0131n\u0131n ne gibi \u00f6zelliklerini oldu\u011funu N\u00fcfus ve Vatanda\u015fl\u0131k \u0130\u015fleri Genel M\u00fcd\u00fcrl\u00fc\u011f\u00fc ile yapt\u0131\u011f\u0131m\u0131z g\u00f6r\u00fc\u015fmelerde \u00f6\u011frendik ve uygulanabilir oldu\u011funa karar verdik. Dijital D\u00f6n\u00fc\u015f\u00fcm Ofisi Ba\u015fkan\u0131 Ali Taha Bey ve yard\u0131mc\u0131lar\u0131 proje bitene kadar yan\u0131m\u0131zda oldular. Halen \u00e7al\u0131\u015fmalar\u0131m\u0131z\u0131 birlikte y\u00fcr\u00fct\u00fcyor ve bir\u00e7ok \u00e7al\u0131\u015fmada onlardan destek al\u0131yoruz. K\u0131sacas\u0131 burada fikrin kimden \u00e7\u0131kt\u0131\u011f\u0131ndan ziyade i\u015f birli\u011fi i\u00e7erisinde, ortak ak\u0131lla hareket ediyoruz.<\/p>\n<p><strong>Cumhurba\u015fkanl\u0131\u011f\u0131 Millet K\u00fct\u00fcphanesi ayn\u0131 zamanda \u00e7e\u015fitli sergilere ev sahipli\u011fi yap\u0131yor. Bu sergilere de\u011finebilir misiniz?<\/strong><br \/>\nK\u00fct\u00fcphane a\u00e7\u0131l\u0131\u015f\u0131yla beraber iki \u00f6nemli sergimiz oldu. Bunlar belki de T\u00fcrkiye\u2019de yap\u0131lan en \u00f6nemli iki sergiydi. Bu sergiler K\u00fct\u00fcphanemizin -2. kat\u0131nda bulunan Anadolu ve Sel\u00e7uklu Sergi Salonlar\u0131m\u0131zda ger\u00e7ekle\u015fti. \u201cMucebince Amel Oluna: Hatt-\u0131 H\u00fcm\u00e2yunlar\u201d sergisi Cumhurba\u015fkanl\u0131\u011f\u0131 Devlet Ar\u015fivleri Ba\u015fkanl\u0131\u011f\u0131 ile birlikte d\u00fczenlendi. Padi\u015fahlara ait el yaz\u0131s\u0131 belgeler, fermanlar ve beratlarla birlikte II. Mahmud\u2019a ait \u201cBa\u015far\u0131 Allah\u2019tand\u0131r\u201d isimli 6 metre boyundaki hat ilk defa bu sergide g\u00fcn y\u00fcz\u00fcne \u00e7\u0131kt\u0131. \u201cM\u00fcrekkebin \u0130zi: Yazma Eserler Se\u00e7kisi\u201d sergisi T\u00fcrkiye Yazma Eserler Kurumu Ba\u015fkanl\u0131\u011f\u0131 ile birlikte d\u00fczenlendi. Bu sergide de T\u00fcrk \u0130slam Eserleri M\u00fczesi, Topkap\u0131 Saray\u0131 M\u00fczesi K\u00fct\u00fcphanesi, \u0130stanbul \u00dcniversitesi Nadir Eserler K\u00fct\u00fcphanesi ve T\u00fcrkiye Yazma Eserler Kurumu Ba\u015fkanl\u0131\u011f\u0131\u2019na ait yakla\u015f\u0131k 50-60 tane T\u00fcrkiye\u2019nin en \u00f6zel, k\u0131ymetli yazmalar\u0131 sergilendi. Bunlar aras\u0131nda kutsal kitaplar; Kur\u2019an-\u0131 Kerim, \u0130ncil, Tevrat, Zebur ile Ka\u015fgarl\u0131 Mahmut\u2019un <em>Divan-\u0131 L\u00fcgati\u2019t-T\u00fcrk, <\/em>K\u00e2tip \u00c7elebi\u2019nin Cihann\u00fcm\u00e2 adl\u0131 eserleri de vard\u0131. \u201cMill\u00ee M\u00fccadele: Hakimiyet Milletindir\u201d adl\u0131 sergiyi de K\u00fclt\u00fcr ve Turizm Bakanl\u0131\u011f\u0131 M\u00fczeler Genel M\u00fcd\u00fcrl\u00fc\u011f\u00fc ve Mill\u00ee Savunma Bakanl\u0131\u011f\u0131 ile birlikte d\u00fczenledik. Bu sergide on iki m\u00fczeden 104 tane orijinal eser yer ald\u0131. \u00a0Mustafa Kemal Atat\u00fcrk\u2019le beraber Mill\u00ee M\u00fccadele kahramanlar\u0131na ait k\u0131l\u0131\u00e7, \u00fcniforma ve silahlar\u0131n yan\u0131nda belgeler, haritalar, bayrak ve sancaklar sergilendi. Bu sergi Mondros M\u00fctarekesi\u2019nden ba\u015flayarak Cumhuriyet\u2019in kurulu\u015funa kadar ge\u00e7en s\u00fcreci kronolojik olarak anlatmaktad\u0131r. Tabii, bu sergiler haz\u0131rlan\u0131rken \u00fcniversitelerden, tarih\u00e7ilerden akademik destek de al\u0131nd\u0131. Sergi salonlar\u0131nda TRT\u2019de yay\u0131nlanan \u201cTarihin Arka Odas\u0131\u201d adl\u0131 televizyon program\u0131 \u00e7ekimleri yap\u0131ld\u0131.<\/p>\n<p><strong>\u00d6zel olarak d\u00fczenlenen etkinlikler var m\u0131?<\/strong><br \/>\nK\u00fct\u00fcphanemize s\u0131k s\u0131k \u00fcst d\u00fczey devlet protokol\u00fc geldi\u011fi i\u00e7in \u00e7ok yo\u011fun bir tempo i\u00e7erisindeyiz. Ge\u00e7ti\u011fimiz haftalarda Han\u0131mefendi Emine Erdo\u011fan\u2019\u0131n burada bir program\u0131 vard\u0131. Bu programa Afrika b\u00f6lgesinden 40\u2019a yak\u0131n b\u00fcy\u00fckel\u00e7i ve e\u015fleri geldi. Yakla\u015f\u0131k 100 ki\u015finin kat\u0131l\u0131m\u0131yla \u201cAfrika Atas\u00f6zleri\u201d isimli kitab\u0131n tan\u0131t\u0131m\u0131 yap\u0131ld\u0131. Bunun gibi baz\u0131 tan\u0131t\u0131mlara ev sahipli\u011fi yap\u0131yoruz. Cumhurba\u015fkan\u0131m\u0131z\u0131n \u00d6zel Kalem M\u00fcd\u00fcr\u00fc ve B\u00fcy\u00fckel\u00e7imiz Hasan Do\u011fan Bey\u2019in ayda 2-3 etkinli\u011fi burada yap\u0131l\u0131yor. Ayr\u0131ca kendisi farkl\u0131 \u015fehirlerden gelen gen\u00e7lerle K\u00fct\u00fcphanemizde bulu\u015fuyor. Gen\u00e7ler, K\u00fct\u00fcphaneyi ve sergileri geziyorlar. Bu etkinlikler gelenler i\u00e7in de bizim i\u00e7in de farkl\u0131 bir g\u00fczellik, hareketlilik ve canl\u0131l\u0131k meydana getiriyor.<\/p>\n<p><strong>Millet K\u00fct\u00fcphanesi\u2019nde ne kadar nadir eser bulunuyor?<\/strong><br \/>\n\u015eu anda 60.000 \u00fczerinde nadir eserimiz, yakla\u015f\u0131k 2.500 kadar da yaz\u0131m\u0131 1500\u2019l\u00fc tarihlere kadar inen yazmam\u0131z mevcut. 20\u2019nin \u00fczerinde \u00f6zel koleksiyonumuz bulunmakta. En b\u00fcy\u00fck koleksiyon ba\u011f\u0131\u015f\u0131 1500 yazma, 17.000\u2019e yak\u0131n nadir eser ve 50.000 \u00fczerinde kitap\/s\u00fcreli yay\u0131n ile Mehmet \u015eevket Eygi\u2019ye ait. Koleksiyonun kay\u0131t giri\u015fleri ve dijitalle\u015ftirme i\u015flemleri h\u00e2l\u00e2 devam etmekte. Gazeteci Mustafa \u015eerif Onaran\u2019\u0131n ve ISIS Press\u2019in kurucular\u0131ndan S\u00e2m\u00e2n Helvac\u0131o\u011flu\u2019nun koleksiyonlar\u0131 da 30.000\u2019in \u00fczerinde. Suudi Arabistan\u2019dan gelen yay\u0131nlar\u0131n yan\u0131 s\u0131ra Katar\u2019dan da iki koleksiyon ba\u011f\u0131\u015f olarak K\u00fct\u00fcphanemize geldi. Cumhurba\u015fkan\u0131m\u0131z\u0131n o\u011flu Burak Erdo\u011fan taraf\u0131ndan 11.000 nadir eser i\u00e7eren bir koleksiyon ba\u011f\u0131\u015fland\u0131. Eserlerin b\u00fcy\u00fck \u00e7o\u011funlu\u011fu Osmanl\u0131ca olmakla birlikte 500 y\u0131ll\u0131k Latince (hatta 2 tanesi T\u00fcrkiye K\u00fct\u00fcphanelerinde bulunmayan) kitaplar da mevcut.<\/p>\n<p><strong>Ba\u011f\u0131\u015f\u00e7\u0131lar\u0131n\u0131z kimler?<\/strong><br \/>\nCinu\u00e7en Tanr\u0131korur m\u00fczik koleksiyonu Barih\u00fcda Tanr\u0131korur taraf\u0131ndan ba\u011f\u0131\u015fland\u0131. H\u00e2len kay\u0131r i\u015flemleri devam ediyor. Beste G\u00fcrsu babas\u0131 Kamil D\u00fcr\u00fcst\u2019e ait kitap ve s\u00fcreli yay\u0131nlarla birlikte kendi kitaplar\u0131n\u0131 ba\u011f\u0131\u015flad\u0131. Prof. Dr. \u0130lber Ortayl\u0131 ba\u011f\u0131\u015f\u00e7\u0131lar\u0131m\u0131z aras\u0131nda yer al\u0131yor. \u015eu anda \u0130stanbul\u2019da olan koleksiyonu 6 binin \u00fczerinde ve peyderpey eser vermeye devam ediyor. \u0130stanbul \u015fubemizdeki arkada\u015flar s\u00fcreci takip ediyorlar. Yak\u0131n zamanda rahmetli Hasan Celal G\u00fczel\u2019in koleksiyonu geldi. Cumhurba\u015fkan\u0131 \u00d6zel Kalem M\u00fcd\u00fcr\u00fc Hasan Do\u011fan Bey\u2019in 10.000\u2019e yak\u0131n kitap ba\u011f\u0131\u015f\u0131 bulunmakta. MHP Genel Ba\u015fkan\u0131 Devlet Bah\u00e7eli beyin hediye etti\u011fi kitaplar var mesel\u00e2 ve h\u00e2len ba\u011f\u0131\u015flar\u0131 devam ediyor. \u00dclkemizin k\u00fclt\u00fcr, sanat ve edebiyat camias\u0131n\u0131n \u00f6nde gelen isimlerinin ba\u011f\u0131\u015flad\u0131\u011f\u0131 eserler ile devlet adamlar\u0131m\u0131z\u0131n ba\u011f\u0131\u015flad\u0131\u011f\u0131 eserler K\u00fct\u00fcphanemizde yer almakta. Kitaplar\u0131n\u0131 vermek istedi\u011fini bildiren, irtibat i\u00e7inde oldu\u011fumuz hen\u00fcz s\u00fcreci tamamlanmam\u0131\u015f ba\u011f\u0131\u015f\u00e7\u0131lar\u0131m\u0131z da var.<\/p>\n<p><strong>T\u00fcrkiye\u2019nin en \u00f6zel k\u00fct\u00fcphanesinin idarecisi olarak k\u00fct\u00fcphane kavram\u0131 size g\u00f6reviniz haricinde ne ifade ediyor ve buradaki duygular\u0131n\u0131z neler?<\/strong><br \/>\nBuras\u0131 Cumhuriyet tarihine bakt\u0131\u011f\u0131m\u0131z zaman devlet taraf\u0131ndan yap\u0131lm\u0131\u015f en b\u00fcy\u00fck k\u00fct\u00fcphane yat\u0131r\u0131m\u0131. 100 y\u0131llar ge\u00e7se de buras\u0131 bir an\u0131t yap\u0131 olarak kalacak. D\u0131\u015f \u0130\u015fleri Bakanl\u0131\u011f\u0131\u2019yla baz\u0131 projeler \u00fczerinde \u00e7al\u0131\u015f\u0131yoruz. \u015eu ana kadar buraya 40\u2019\u0131n \u00fczerinde b\u00fcy\u00fckel\u00e7i geldi. \u0130\u00e7eri girdiklerinde \u00f6nceden olu\u015fmu\u015f k\u00fct\u00fcphane alg\u0131s\u0131n\u0131n d\u0131\u015f\u0131na \u00e7\u0131k\u0131yorlar ve bu kadar \u00f6zg\u00fcn bir yap\u0131 g\u00f6rmediklerini s\u00f6yl\u00fcyorlar. D\u00fcnyan\u0131n en b\u00fcy\u00fck k\u00fct\u00fcphanesi Amerika\u2019daki Kongre K\u00fct\u00fcphanesi, 1800 y\u0131l\u0131nda kurulmu\u015f ve 3 bin ki\u015filik kadrosu var. Y\u0131ll\u0131k 600 milyon dolar\u0131n \u00fczerinde b\u00fct\u00e7esi var. Bu a\u00e7\u0131dan Kongre K\u00fct\u00fcphanesi\u2019ne ula\u015fmak zaman al\u0131r ama bizim onlardan hi\u00e7bir eksi\u011fimiz yok. K\u00fct\u00fcphanemiz \u015fu anda Ankara\u2019n\u0131n an\u0131t yap\u0131s\u0131 oldu. Bir\u00e7ok insan, buray\u0131 ziyaret etmeden gitmemeye \u00e7al\u0131\u015f\u0131yor. Devlet b\u00fcy\u00fckleri ve Cumhurba\u015fkan\u0131m\u0131za gelen misafirler buraya da mutlaka u\u011fruyorlar. Yani, buras\u0131 devlet i\u00e7in \u00f6nemli bir yap\u0131.<br \/>\nK\u00fct\u00fcphane\u2019nin yap\u0131m plan\u0131 bana s\u00f6ylendi\u011fi zaman \u00fcniversitede \u00e7al\u0131\u015f\u0131yordum. B\u00f6yle bir yap\u0131n\u0131n ba\u015f\u0131nda g\u00f6rev verildi\u011finde hi\u00e7bir \u015fekilde teredd\u00fctlerim olmad\u0131. Asl\u0131nda buras\u0131 benim hayat\u0131m oldu, g\u00fcn\u00fcm\u00fcn %80\u2019i burada ge\u00e7iyor. M\u00fcmk\u00fcn oldu\u011funca kontrol ama\u00e7l\u0131 binan\u0131n tamam\u0131n\u0131 turlamaya \u00e7al\u0131\u015f\u0131r\u0131m. Bizde mesai kavram\u0131 diye bir \u015fey yok zaten, kurum d\u0131\u015f\u0131nda olsak bile telefon geldi\u011finde hemen buraya geliriz ki gelmek zorunday\u0131z. Gece bu \u015fekilde gelip, 2-3 saat gezip geri eve d\u00f6nd\u00fc\u011f\u00fcm oldu. Ziyaret\u00e7i geldi\u011finde mahcup olmamam\u0131z laz\u0131m \u00e7\u00fcnk\u00fc hizmet veriyoruz. Bundan da keyif al\u0131yorum ve bu i\u015fi severek yap\u0131yorum. Zaten sevmesem bu kadar y\u00fck\u00fcn alt\u0131nda hakikaten insan ezilir. Sevmeden bir i\u015fi yapmak zor gelir. K\u0131sacas\u0131 k\u00fct\u00fcphane benim hayat\u0131m yani bir \u00e7ocu\u011fum gibi oldu.<br \/>\nBinan\u0131n ortaya \u00e7\u0131kmas\u0131ndaki en b\u00fcy\u00fck vizyon Cumhurba\u015fkan\u0131\u2019m\u0131za ait. Ziyaret\u00e7ilerimizden \u201cCumhurba\u015fkanl\u0131\u011f\u0131 iyi ki bu k\u00fct\u00fcphaneyi yapm\u0131\u015f.\u201d \u015feklinde geri bildirimler al\u0131yoruz. Bu geri bildirimler de bizlerin motivasyonunu art\u0131r\u0131yor.<\/p>\n<p><strong>Lisans\u00fcst\u00fc ve doktora \u00f6\u011frencileri i\u00e7in burada bir veri taban\u0131 ar\u015fiviniz var m\u0131d\u0131r?<\/strong><br \/>\nCumhurba\u015fkanl\u0131\u011f\u0131\u2019ndan ciddi bir uzman ve \u00e7al\u0131\u015fan ekibimiz var. Veriler haz\u0131rlan\u0131yor, ara\u015ft\u0131rmalar yap\u0131l\u0131yor. Onlar\u0131n bu dijital isteklerini \u00e7\u00f6zmek i\u00e7in ULAKB\u0130M ile g\u00f6r\u00fc\u015ft\u00fcm. Lisans kapsam\u0131nda \u201cEkual\u201d i\u00e7eriklere, Cumhurba\u015fkanl\u0131\u011f\u0131 Millet K\u00fct\u00fcphanesi olarak 2017 y\u0131l\u0131ndan itibaren ula\u015fabiliyoruz. Web of Science, Science Direct, Taylor and Francis ve EBSCO gibi veri tabanlar\u0131na da aboneyiz. Bunlar haricinde yeni abone oldu\u011fumuz veri tabanlar\u0131 da var. Mesel\u00e2 Pandemi s\u00fcrecinde, T\u00fcrkiye &#8211; Ortado\u011fu ile ilgili bir ar\u015fiv veri taban\u0131n\u0131 Gale Reference taraf\u0131ndan sat\u0131n ald\u0131k. Onlar genelde sat\u0131n alma mant\u0131\u011f\u0131 i\u00e7erisinde oldu\u011fu i\u00e7in abone olmuyorsunuz. Firmayla g\u00f6r\u00fc\u015ft\u00fck, insanlar\u0131n Pandemiden dolay\u0131 K\u00fct\u00fcphaneye gelemediklerini ve bunu t\u00fcm T\u00fcrkiye\u2019ye a\u00e7mak istedi\u011fimizi belirttik ve firma olumlu d\u00f6n\u00fc\u015f sa\u011flad\u0131. Uzaktan eri\u015fime a\u00e7t\u0131\u011f\u0131m\u0131z da \u00fclkemizin her taraf\u0131ndan isteyen herkes web sitesinden ar\u015fivimize ula\u015fabildi. Yakla\u015f\u0131k 250 bin tane belge vard\u0131 ayr\u0131ca bunlar aras\u0131nda \u0130ngiliz ar\u015fivlerinden dijitalle\u015ftirilmi\u015f \u00f6nemli belgeler de bulunuyordu. Yeni ar\u015fivler de sat\u0131n ald\u0131k, yak\u0131n zamanda onlar\u0131 da eri\u015fime a\u00e7aca\u011f\u0131z.<\/p>\n<p><strong>Cumhurba\u015fkanl\u0131\u011f\u0131 Millet K\u00fct\u00fcphanesi bir d\u00fcnya k\u00fct\u00fcphanesi olacak m\u0131?<\/strong><br \/>\nDil \u00e7e\u015fitlili\u011fi a\u00e7\u0131s\u0131ndan, d\u00fcnyan\u0131n en b\u00fcy\u00fck k\u00fct\u00fcphanesi olan Amerikan Kongre K\u00fct\u00fcphanesi\u2019nde 500\u2019den fazla farkl\u0131 dilde kitap ve yay\u0131n mevcut, bizim ise 150\u2019yi a\u015fan ayr\u0131 dilde kitab\u0131m\u0131z var. 2017 y\u0131l\u0131ndan beri D\u0131\u015fi\u015fleri Bakanl\u0131\u011f\u0131 ile d\u00fcnya k\u00fct\u00fcphanesi olma yolunda y\u00fcr\u00fctt\u00fc\u011f\u00fcm\u00fcz bir projemiz var. Bizzat D\u0131\u015fi\u015fleri Bakan Yard\u0131mc\u0131s\u0131 ile g\u00f6r\u00fc\u015fmeler yapt\u0131m ve sa\u011f olsunlar, desteklediler. Yakla\u015f\u0131k 140 \u00fclkede var olan temsilcilerimize bir genelge g\u00f6nderdiler. Her \u00fclkenin kendi sanat\u0131, tarihi ve k\u00fclt\u00fcr\u00fcyle ilgili kitaplar\u0131 \u00fccretsiz olarak buraya istedik. Bir\u00e7ok b\u00fcy\u00fckel\u00e7i, kendisi gelip kitaplar\u0131 takdim etti. 10 tane kitab\u0131 olan da var, 100\u2019den ba\u015flay\u0131p 600\u2019e kadar uzanan da.<\/p>\n<p><strong>Cumhurba\u015fkanl\u0131\u011f\u0131 Millet K\u00fct\u00fcphanesi\u2019ne gezi turlar\u0131 var m\u0131?<\/strong><br \/>\nK\u00fct\u00fcphanemize pandemi \u00f6ncesinde m\u00fcthi\u015f bir ra\u011fbet vard\u0131. \u015eubat 2020\u2019de a\u00e7t\u0131k, May\u0131s ay\u0131na kadar olan rezervasyonlar\u0131m\u0131z dolmu\u015ftu. Okullar, gruplar gelip gezmek istiyordu. Pandemi ile birlikte kalabal\u0131k grup ziyaretlerine ara verdik. Fakat bu s\u00fcre\u00e7te de insanlar gelip g\u00f6rmek istiyorlar. \u015eu anda bireysel olarak K\u00fct\u00fcphane\u2019yi ve sergileri gezebiliyorlar. Bir de kamu kurumlar\u0131ndan sergi i\u00e7in geliyorlar. Mill\u00ee Savunma Bakanl\u0131\u011f\u0131\u2019ndan her hafta per\u015fembe g\u00fcn\u00fc geliyorlar. Jandarma ve Sahil G\u00fcvenlik Komutanl\u0131\u011f\u0131\u2019n\u0131n 6.500 \u00f6\u011frencisi var ve peyderpey her g\u00fcn \u00f6\u011frencilerini ders programlar\u0131na g\u00f6re getiriyorlar. Bu \u015fekilde turlar\u0131m\u0131z devam ediyor.<\/p>\n<p><strong>Bir\u00e7ok sorumuza cevap ald\u0131k, te\u015fekk\u00fcr ediyoruz. Rekt\u00f6rlere y\u00f6nelik, kitap tavsiyesi noktas\u0131nda y\u00fcr\u00fctt\u00fc\u011f\u00fcn\u00fcz bir proje vard\u0131. Bu soruyu biz size y\u00f6neltsek gen\u00e7lere ya da \u00fcniversiteye haz\u0131rlanan \u00f6\u011frencilere \u00f6nerebilece\u011finiz \u00fc\u00e7 eser nedir?<\/strong><br \/>\nEvet, Kurumsal \u0130leti\u015fim birimindeki arkada\u015flar\u0131m\u0131zla y\u00fcr\u00fctt\u00fc\u011f\u00fcm\u00fcz bir projeydi. Bu proje ile 91 Rekt\u00f6r\u00fcm\u00fcz\u00fcn, kitap \u00f6nerilerini derledik. Olduk\u00e7a faydal\u0131 oldu\u011funu d\u00fc\u015f\u00fcn\u00fcyoruz. Tabi ki \u00fc\u00e7 eserle s\u0131n\u0131rland\u0131rmak bizim a\u00e7\u0131m\u0131zdan da zor olacak. Ancak Mustafa Kutlu\u2019nun S\u0131r, Ahmet Hamdi Tanp\u0131nar\u2019\u0131n Huzur ve Necip Faz\u0131l K\u0131sak\u00fcrek\u2019in \u00c7ile eserlerini gen\u00e7lerin okumalar\u0131n\u0131 tavsiye ediyorum.<\/p>\n<p><a href=\"https:\/\/bit.ly\/3qeXtlA\" target=\"_blank\" rel=\"noopener noreferrer\">Kaynak<\/a><\/p>\n","protected":false},"excerpt":{"rendered":"<p>Cumhurba\u015fkanl\u0131\u011f\u0131 Millet K\u00fct\u00fcphanesi Daire Ba\u015fkas\u0131 Sn. @ayhantuglu Karatay \u00dcniversitesi\u2019nin E-B\u00fclten 26. say\u0131s\u0131na \u00f6zel r\u00f6portaj ger\u00e7ekle\u015ftirdi.<\/p>\n","protected":false},"author":1,"featured_media":29004,"comment_status":"open","ping_status":"open","sticky":false,"template":"","format":"standard","meta":{"footnotes":""},"categories":[1206,1],"tags":[1368,1365,1367,1366],"class_list":["post-29003","post","type-post","status-publish","format-standard","has-post-thumbnail","hentry","category-cumhurbaskanligi-kutuphanesi","category-genel","tag-kitap-tasima-sistemi","tag-millet-kutuphanesi","tag-telelift","tag-telelift-kitap-tasima-sistemi"],"_links":{"self":[{"href":"https:\/\/www.bbyhaber.com\/bby\/wp-json\/wp\/v2\/posts\/29003"}],"collection":[{"href":"https:\/\/www.bbyhaber.com\/bby\/wp-json\/wp\/v2\/posts"}],"about":[{"href":"https:\/\/www.bbyhaber.com\/bby\/wp-json\/wp\/v2\/types\/post"}],"author":[{"embeddable":true,"href":"https:\/\/www.bbyhaber.com\/bby\/wp-json\/wp\/v2\/users\/1"}],"replies":[{"embeddable":true,"href":"https:\/\/www.bbyhaber.com\/bby\/wp-json\/wp\/v2\/comments?post=29003"}],"version-history":[{"count":2,"href":"https:\/\/www.bbyhaber.com\/bby\/wp-json\/wp\/v2\/posts\/29003\/revisions"}],"predecessor-version":[{"id":29009,"href":"https:\/\/www.bbyhaber.com\/bby\/wp-json\/wp\/v2\/posts\/29003\/revisions\/29009"}],"wp:featuredmedia":[{"embeddable":true,"href":"https:\/\/www.bbyhaber.com\/bby\/wp-json\/wp\/v2\/media\/29004"}],"wp:attachment":[{"href":"https:\/\/www.bbyhaber.com\/bby\/wp-json\/wp\/v2\/media?parent=29003"}],"wp:term":[{"taxonomy":"category","embeddable":true,"href":"https:\/\/www.bbyhaber.com\/bby\/wp-json\/wp\/v2\/categories?post=29003"},{"taxonomy":"post_tag","embeddable":true,"href":"https:\/\/www.bbyhaber.com\/bby\/wp-json\/wp\/v2\/tags?post=29003"}],"curies":[{"name":"wp","href":"https:\/\/api.w.org\/{rel}","templated":true}]}}