{"id":28985,"date":"2021-02-19T09:55:41","date_gmt":"2021-02-19T06:55:41","guid":{"rendered":"https:\/\/www.bbyhaber.com\/bby\/?p=28985"},"modified":"2021-02-19T09:55:41","modified_gmt":"2021-02-19T06:55:41","slug":"tkd-genel-merkezi-ve-subelerine-sosyal-medya-egitimi-duzenlenecek","status":"publish","type":"post","link":"https:\/\/www.bbyhaber.com\/bby\/2021\/02\/19\/tkd-genel-merkezi-ve-subelerine-sosyal-medya-egitimi-duzenlenecek","title":{"rendered":"TKD Genel Merkezi ve \u015eubelerine sosyal medya e\u011fitimi d\u00fczenlenecek"},"content":{"rendered":"<p>\u0130\u00e7i\u015fleri Bakanl\u0131\u011f\u0131 Sivil Toplum \u0130li\u015fkiler M\u00fcd\u00fcrl\u00fc\u011f\u00fc &#8220;Sivil Toplum Kurulu\u015flar\u0131 Online Sosyal Medya E\u011fitimleri&#8221; Projesi kapsam\u0131nda \u0130nternet Medya ve Bili\u015fim <!--more-->Federasyonu taraf\u0131ndan TKD Genel Merkezi ve \u015eubelerine sosyal medya e\u011fitimi ger\u00e7ekle\u015ftirilecektir.<\/p>\n","protected":false},"excerpt":{"rendered":"<p>\u0130\u00e7i\u015fleri Bakanl\u0131\u011f\u0131 Sivil Toplum \u0130li\u015fkiler M\u00fcd\u00fcrl\u00fc\u011f\u00fc &#8220;Sivil Toplum Kurulu\u015flar\u0131 Online Sosyal Medya E\u011fitimleri&#8221; Projesi kapsam\u0131nda \u0130nternet Medya ve Bili\u015fim<\/p>\n","protected":false},"author":1,"featured_media":28986,"comment_status":"open","ping_status":"open","sticky":false,"template":"","format":"standard","meta":{"footnotes":""},"categories":[1],"tags":[],"class_list":["post-28985","post","type-post","status-publish","format-standard","has-post-thumbnail","hentry","category-genel"],"_links":{"self":[{"href":"https:\/\/www.bbyhaber.com\/bby\/wp-json\/wp\/v2\/posts\/28985"}],"collection":[{"href":"https:\/\/www.bbyhaber.com\/bby\/wp-json\/wp\/v2\/posts"}],"about":[{"href":"https:\/\/www.bbyhaber.com\/bby\/wp-json\/wp\/v2\/types\/post"}],"author":[{"embeddable":true,"href":"https:\/\/www.bbyhaber.com\/bby\/wp-json\/wp\/v2\/users\/1"}],"replies":[{"embeddable":true,"href":"https:\/\/www.bbyhaber.com\/bby\/wp-json\/wp\/v2\/comments?post=28985"}],"version-history":[{"count":1,"href":"https:\/\/www.bbyhaber.com\/bby\/wp-json\/wp\/v2\/posts\/28985\/revisions"}],"predecessor-version":[{"id":28987,"href":"https:\/\/www.bbyhaber.com\/bby\/wp-json\/wp\/v2\/posts\/28985\/revisions\/28987"}],"wp:featuredmedia":[{"embeddable":true,"href":"https:\/\/www.bbyhaber.com\/bby\/wp-json\/wp\/v2\/media\/28986"}],"wp:attachment":[{"href":"https:\/\/www.bbyhaber.com\/bby\/wp-json\/wp\/v2\/media?parent=28985"}],"wp:term":[{"taxonomy":"category","embeddable":true,"href":"https:\/\/www.bbyhaber.com\/bby\/wp-json\/wp\/v2\/categories?post=28985"},{"taxonomy":"post_tag","embeddable":true,"href":"https:\/\/www.bbyhaber.com\/bby\/wp-json\/wp\/v2\/tags?post=28985"}],"curies":[{"name":"wp","href":"https:\/\/api.w.org\/{rel}","templated":true}]}}