{"id":28956,"date":"2021-01-09T20:33:02","date_gmt":"2021-01-09T17:33:02","guid":{"rendered":"https:\/\/www.bbyhaber.com\/bby\/?p=28956"},"modified":"2021-01-09T20:36:36","modified_gmt":"2021-01-09T17:36:36","slug":"kygm-genel-mudur-yardimciligina-ali-odabas-asaleten-atandi","status":"publish","type":"post","link":"https:\/\/www.bbyhaber.com\/bby\/2021\/01\/09\/kygm-genel-mudur-yardimciligina-ali-odabas-asaleten-atandi","title":{"rendered":"KYGM Genel M\u00fcd\u00fcr Yard\u0131mc\u0131l\u0131\u011f\u0131&#8217;na Ali ODABA\u015e asaleten atand\u0131."},"content":{"rendered":"<p><img loading=\"lazy\" decoding=\"async\" class=\"alignleft wp-image-28958 size-thumbnail\" src=\"https:\/\/www.bbyhaber.com\/bby\/wp-content\/uploads\/2021\/01\/v3I2lWTR_400x400-150x150.jpg\" alt=\"\" width=\"150\" height=\"150\" srcset=\"https:\/\/www.bbyhaber.com\/bby\/wp-content\/uploads\/2021\/01\/v3I2lWTR_400x400-150x150.jpg 150w, https:\/\/www.bbyhaber.com\/bby\/wp-content\/uploads\/2021\/01\/v3I2lWTR_400x400-300x300.jpg 300w, https:\/\/www.bbyhaber.com\/bby\/wp-content\/uploads\/2021\/01\/v3I2lWTR_400x400.jpg 400w\" sizes=\"(max-width: 150px) 100vw, 150px\" \/>K\u00fclt\u00fcr ve Turizm Bakanl\u0131\u011f\u0131&#8217;nda a\u00e7\u0131kta bulunan K\u00fct\u00fcphaneler ve Yay\u0131mlar Genel M\u00fcd\u00fcr Yard\u0131mc\u0131l\u0131\u011f\u0131na, 3 say\u0131l\u0131 Cumhurba\u015fkanl\u0131\u011f\u0131 Kararnamesinin 2 ve 3. maddeleri gere\u011fince Say\u0131n Ali ODABA\u015e asaleten atanm\u0131\u015ft\u0131r.<\/p>\n<p>Say\u0131n Ali ODABA\u015e&#8217;\u0131 kutlar, g\u00f6revinin hay\u0131rl\u0131 olmas\u0131n\u0131 dileriz.<\/p>\n<p>&nbsp;<\/p>\n<p>&nbsp;<\/p>\n<p><img loading=\"lazy\" decoding=\"async\" class=\"aligncenter wp-image-28957 size-full\" src=\"https:\/\/www.bbyhaber.com\/bby\/wp-content\/uploads\/2021\/01\/odabasatanma.png\" alt=\"\" width=\"1024\" height=\"512\" srcset=\"https:\/\/www.bbyhaber.com\/bby\/wp-content\/uploads\/2021\/01\/odabasatanma.png 1024w, https:\/\/www.bbyhaber.com\/bby\/wp-content\/uploads\/2021\/01\/odabasatanma-300x150.png 300w, https:\/\/www.bbyhaber.com\/bby\/wp-content\/uploads\/2021\/01\/odabasatanma-768x384.png 768w\" sizes=\"(max-width: 1024px) 100vw, 1024px\" \/><\/p>\n","protected":false},"excerpt":{"rendered":"<p>K\u00fclt\u00fcr ve Turizm Bakanl\u0131\u011f\u0131&#8217;nda a\u00e7\u0131kta bulunan K\u00fct\u00fcphaneler ve Yay\u0131mlar Genel M\u00fcd\u00fcr Yard\u0131mc\u0131l\u0131\u011f\u0131na, 3 say\u0131l\u0131 Cumhurba\u015fkanl\u0131\u011f\u0131 Kararnamesinin 2 ve 3. maddeleri gere\u011fince Say\u0131n Ali ODABA\u015e asaleten atanm\u0131\u015ft\u0131r. Say\u0131n Ali ODABA\u015e&#8217;\u0131 kutlar, g\u00f6revinin hay\u0131rl\u0131 olmas\u0131n\u0131 dileriz. &nbsp; &nbsp;<\/p>\n","protected":false},"author":1,"featured_media":28959,"comment_status":"open","ping_status":"open","sticky":false,"template":"","format":"standard","meta":{"footnotes":""},"categories":[1],"tags":[1388],"class_list":["post-28956","post","type-post","status-publish","format-standard","has-post-thumbnail","hentry","category-genel","tag-atanmalar"],"_links":{"self":[{"href":"https:\/\/www.bbyhaber.com\/bby\/wp-json\/wp\/v2\/posts\/28956"}],"collection":[{"href":"https:\/\/www.bbyhaber.com\/bby\/wp-json\/wp\/v2\/posts"}],"about":[{"href":"https:\/\/www.bbyhaber.com\/bby\/wp-json\/wp\/v2\/types\/post"}],"author":[{"embeddable":true,"href":"https:\/\/www.bbyhaber.com\/bby\/wp-json\/wp\/v2\/users\/1"}],"replies":[{"embeddable":true,"href":"https:\/\/www.bbyhaber.com\/bby\/wp-json\/wp\/v2\/comments?post=28956"}],"version-history":[{"count":3,"href":"https:\/\/www.bbyhaber.com\/bby\/wp-json\/wp\/v2\/posts\/28956\/revisions"}],"predecessor-version":[{"id":28962,"href":"https:\/\/www.bbyhaber.com\/bby\/wp-json\/wp\/v2\/posts\/28956\/revisions\/28962"}],"wp:featuredmedia":[{"embeddable":true,"href":"https:\/\/www.bbyhaber.com\/bby\/wp-json\/wp\/v2\/media\/28959"}],"wp:attachment":[{"href":"https:\/\/www.bbyhaber.com\/bby\/wp-json\/wp\/v2\/media?parent=28956"}],"wp:term":[{"taxonomy":"category","embeddable":true,"href":"https:\/\/www.bbyhaber.com\/bby\/wp-json\/wp\/v2\/categories?post=28956"},{"taxonomy":"post_tag","embeddable":true,"href":"https:\/\/www.bbyhaber.com\/bby\/wp-json\/wp\/v2\/tags?post=28956"}],"curies":[{"name":"wp","href":"https:\/\/api.w.org\/{rel}","templated":true}]}}