{"id":2893,"date":"2012-03-05T15:58:23","date_gmt":"2012-03-05T15:58:23","guid":{"rendered":"http:\/\/www.bbyhaber.com\/bby\/?p=2893"},"modified":"2012-03-05T15:58:33","modified_gmt":"2012-03-05T15:58:33","slug":"fevzi-cakmak-anadolu-lisesinde-kutuphane-acilisi-yapildi-adiyaman","status":"publish","type":"post","link":"https:\/\/www.bbyhaber.com\/bby\/2012\/03\/05\/fevzi-cakmak-anadolu-lisesinde-kutuphane-acilisi-yapildi-adiyaman","title":{"rendered":"Fevzi \u00c7akmak Anadolu Lisesi&#8217;nde K\u00fct\u00fcphane A\u00e7\u0131l\u0131\u015f\u0131 Yap\u0131ld\u0131-Ad\u0131yaman"},"content":{"rendered":"<p style=\"text-align: justify;\">Ad\u0131yaman Fevzi \u00c7akmak Lisesi&#8217;nde, SODES kapsam\u0131nda k\u00fct\u00fcphane ve \u00e7ok ama\u00e7l\u0131 salon a\u00e7\u0131l\u0131\u015f\u0131 yap\u0131ld\u0131. K\u00fct\u00fcphane ve \u00e7ok ama\u00e7l\u0131 salon a\u00e7\u0131l\u0131\u015f\u0131na, Vali Ramazan Sodan, Milli E\u011fitim M\u00fcd\u00fcr\u00fc Seyfi \u00d6zkan, Sivil Toplum Kurulu\u015fu temsilcileri ve okul idarecileri kat\u0131ld\u0131. &#8220;Milli E\u011fitim Bakanl\u0131\u011f\u0131 \u00e7e\u015fitli \u00e7al\u0131\u015fmalar y\u00fcr\u00fctm\u00fc\u015f, son olarak da her g\u00fcn \u00f6\u011frencilere 5-10 dakika kitap okuma zorunlulu\u011fu getirmi\u015ftir&#8221; c\u00fcmlelerini ifade eden Vali Ramazan Sodan, &#8220;Yine \u00e7e\u015fitli kaynaklardan kitap kampanyalar\u0131 desteklenmi\u015f, k\u00fct\u00fcphanelere s\u0131n\u0131rl\u0131 say\u0131da da olsa kitap deste\u011fi sa\u011flanm\u0131\u015ft\u0131r. Her ad\u0131m kitap okuma al\u0131\u015fkanl\u0131\u011f\u0131n\u0131n erken ya\u015fta kazand\u0131r\u0131lmas\u0131 amac\u0131na bir katk\u0131 sa\u011flam\u0131\u015ft\u0131r. Bu katk\u0131n\u0131n \u00e7o\u011falt\u0131lmas\u0131, okuman\u0131n sevdirilmesi ve okurda talep olu\u015fturulmas\u0131 i\u00e7in \u00fc\u00e7 \u00f6\u011fenin \u00f6nemli oldu\u011fu fikri, ilgili taraflarla, yay\u0131nc\u0131lar, ki\u015fisel geli\u015fim uzmanlar\u0131, rehberlik\u00e7iler ve hedef grupta yer alan \u00f6\u011frenciler yap\u0131lan g\u00f6r\u00fc\u015fmeler sonucunda benimsenmi\u015ftir. Ad\u0131yaman&#8217;da okullar\u0131n yararlanabilece\u011fi Halk E\u011fitimi Merkezi d\u0131\u015f\u0131nda sanatsal etkinlilere uygun k\u00fclt\u00fcr merkezi ve ba\u015fkaca fiziki yap\u0131lar bulunmamaktad\u0131r. 2005 y\u0131l\u0131nda uygulamaya konulan yeni e\u011fitim programlar\u0131 ve sosyal kul\u00fcpler y\u00f6netmeli\u011fi okullarda k\u00fclt\u00fcrel faaliyetlerin ger\u00e7ekle\u015ftirilebilece\u011fi fiziki altyap\u0131y\u0131 zorunlu k\u0131lmaktad\u0131r. Yeni e\u011fitim program\u0131n\u0131n uygulanana bilmesi, \u00f6\u011frenci kul\u00fcplerinin aktif faaliyet g\u00f6sterebilmeleri ve program hedeflerinin ger\u00e7ekle\u015ftirilebilmesi i\u00e7in okullarda gerekli olan fiziki altyap\u0131n\u0131n ve donan\u0131m\u0131n sa\u011flanmas\u0131 gerekmektedir. Bu salonlar b\u00fct\u00e7ede belirtilen tadilat ve ara\u00e7 gere\u00e7ler ile desteklenecektir&#8221; dedi.<\/p>\n<p style=\"text-align: justify;\">Kaynak:\u00a0http:\/\/www.haberyurdum.com\/<\/p>\n","protected":false},"excerpt":{"rendered":"<p>Ad\u0131yaman Fevzi \u00c7akmak Lisesi&#8217;nde, SODES kapsam\u0131nda k\u00fct\u00fcphane ve \u00e7ok ama\u00e7l\u0131 salon a\u00e7\u0131l\u0131\u015f\u0131 yap\u0131ld\u0131. K\u00fct\u00fcphane ve \u00e7ok ama\u00e7l\u0131 salon a\u00e7\u0131l\u0131\u015f\u0131na, Vali Ramazan Sodan, Milli E\u011fitim M\u00fcd\u00fcr\u00fc Seyfi \u00d6zkan, Sivil Toplum Kurulu\u015fu temsilcileri ve okul idarecileri kat\u0131ld\u0131. &#8220;Milli E\u011fitim Bakanl\u0131\u011f\u0131 \u00e7e\u015fitli \u00e7al\u0131\u015fmalar y\u00fcr\u00fctm\u00fc\u015f, son olarak da her g\u00fcn \u00f6\u011frencilere 5-10 dakika kitap okuma zorunlulu\u011fu getirmi\u015ftir&#8221; c\u00fcmlelerini ifade [&hellip;]<\/p>\n","protected":false},"author":1,"featured_media":0,"comment_status":"open","ping_status":"open","sticky":false,"template":"","format":"standard","meta":{"footnotes":""},"categories":[1],"tags":[848],"class_list":["post-2893","post","type-post","status-publish","format-standard","hentry","category-genel","tag-halk-kutuphaneleri"],"_links":{"self":[{"href":"https:\/\/www.bbyhaber.com\/bby\/wp-json\/wp\/v2\/posts\/2893"}],"collection":[{"href":"https:\/\/www.bbyhaber.com\/bby\/wp-json\/wp\/v2\/posts"}],"about":[{"href":"https:\/\/www.bbyhaber.com\/bby\/wp-json\/wp\/v2\/types\/post"}],"author":[{"embeddable":true,"href":"https:\/\/www.bbyhaber.com\/bby\/wp-json\/wp\/v2\/users\/1"}],"replies":[{"embeddable":true,"href":"https:\/\/www.bbyhaber.com\/bby\/wp-json\/wp\/v2\/comments?post=2893"}],"version-history":[{"count":0,"href":"https:\/\/www.bbyhaber.com\/bby\/wp-json\/wp\/v2\/posts\/2893\/revisions"}],"wp:attachment":[{"href":"https:\/\/www.bbyhaber.com\/bby\/wp-json\/wp\/v2\/media?parent=2893"}],"wp:term":[{"taxonomy":"category","embeddable":true,"href":"https:\/\/www.bbyhaber.com\/bby\/wp-json\/wp\/v2\/categories?post=2893"},{"taxonomy":"post_tag","embeddable":true,"href":"https:\/\/www.bbyhaber.com\/bby\/wp-json\/wp\/v2\/tags?post=2893"}],"curies":[{"name":"wp","href":"https:\/\/api.w.org\/{rel}","templated":true}]}}