{"id":28921,"date":"2021-01-06T16:00:57","date_gmt":"2021-01-06T13:00:57","guid":{"rendered":"https:\/\/www.bbyhaber.com\/bby\/?p=28921"},"modified":"2021-01-07T21:59:46","modified_gmt":"2021-01-07T18:59:46","slug":"meb-onayli-bilgi-ve-belge-yonetimi-kurslari-acilmaya-devam-ediyor","status":"publish","type":"post","link":"https:\/\/www.bbyhaber.com\/bby\/2021\/01\/06\/meb-onayli-bilgi-ve-belge-yonetimi-kurslari-acilmaya-devam-ediyor","title":{"rendered":"MEB Onayl\u0131 Bilgi ve Belge Y\u00f6netimi Kurslar\u0131 A\u00e7\u0131lmaya Devam Ediyor!"},"content":{"rendered":"<p><img loading=\"lazy\" decoding=\"async\" class=\"size-medium wp-image-28922 aligncenter\" src=\"https:\/\/www.bbyhaber.com\/bby\/wp-content\/uploads\/2021\/01\/bbykurs-300x157.png\" alt=\"\" width=\"300\" height=\"157\" srcset=\"https:\/\/www.bbyhaber.com\/bby\/wp-content\/uploads\/2021\/01\/bbykurs-300x157.png 300w, https:\/\/www.bbyhaber.com\/bby\/wp-content\/uploads\/2021\/01\/bbykurs-1024x536.png 1024w, https:\/\/www.bbyhaber.com\/bby\/wp-content\/uploads\/2021\/01\/bbykurs-768x402.png 768w, https:\/\/www.bbyhaber.com\/bby\/wp-content\/uploads\/2021\/01\/bbykurs.png 1200w\" sizes=\"(max-width: 300px) 100vw, 300px\" \/>BBY Haber olarak daha \u00f6nce dile getirdi\u011fimiz \u00fczere<sup><a href=\"https:\/\/www.bbyhaber.com\/bby\/2019\/02\/07\/bilgi-ve-belge-yonetimi-bolumlerimiz-sertifika-degil-lisans-diplomasi-verir\" target=\"_blank\" rel=\"noopener noreferrer\">1<\/a> <\/sup>Bilgi ve Belge Y\u00f6netimi kurslar\u0131 ve sertifika programlar\u0131 h\u00e2l\u00e2 a\u00e7\u0131lmaya devam etmektedir.<\/p>\n<p><a href=\"https:\/\/www.bbyhaber.com\/bby\/wp-content\/uploads\/2021\/01\/bbykusrs-ekran.png\"><img loading=\"lazy\" decoding=\"async\" class=\"wp-image-28937 size-medium aligncenter\" src=\"https:\/\/www.bbyhaber.com\/bby\/wp-content\/uploads\/2021\/01\/bbykusrs-ekran-300x143.png\" alt=\"\" width=\"300\" height=\"143\" srcset=\"https:\/\/www.bbyhaber.com\/bby\/wp-content\/uploads\/2021\/01\/bbykusrs-ekran-300x143.png 300w, https:\/\/www.bbyhaber.com\/bby\/wp-content\/uploads\/2021\/01\/bbykusrs-ekran-768x366.png 768w, https:\/\/www.bbyhaber.com\/bby\/wp-content\/uploads\/2021\/01\/bbykusrs-ekran.png 934w\" sizes=\"(max-width: 300px) 100vw, 300px\" \/><\/a><a href=\"http:\/\/cahem.meb.k12.tr\/icerikler\/merkezimizde-acilacak-kurslarimiz-guncel_9101368.html\" target=\"_blank\" rel=\"noopener noreferrer\">Buradaki ba\u011flant\u0131da da g\u00f6r\u00fclece\u011fi \u00fczere Ankara \u00c7ankaya Halk E\u011fitim Merkezi<\/a> taraf\u0131ndan 330 saatlik bir Bilgi ve Belge Y\u00f6netimi kurs kayd\u0131 ba\u015flam\u0131\u015f bulunmaktad\u0131r. \u0130leti\u015fime ge\u00e7ti\u011fimiz yetkililer b\u00f6l\u00fcm mezunu bir e\u011fitmenin bulundu\u011fu ve pandemi sonras\u0131 kursun a\u00e7\u0131laca\u011f\u0131n\u0131 belirtmi\u015flerdir.<\/p>\n<p><a href=\"https:\/\/www.gasmek.org.tr\/brans\/952\/bilgi-ve-belge-yonetimi-bransi.html\" target=\"_blank\" rel=\"noopener noreferrer\"><strong>Gaziantep B\u00fcy\u00fck\u015fehir Belediyesi<\/strong><\/a><strong>, <a href=\"http:\/\/yenimek.yenimahalle.bel.tr\/branslar\" target=\"_blank\" rel=\"noopener noreferrer\">Yenimahalle Belediyesi<\/a>, <a href=\"http:\/\/www.halkegitimkurs.com\/corum-merkez-halk-egitim-merkezi-kurslari\/\" target=\"_blank\" rel=\"noopener noreferrer\">\u00c7orum Merkez Halk E\u011fitim Merkezi<\/a>, <a href=\"http:\/\/halkegitimhemkurs.com\/nizip-halk-egitim-merkezi-kurs-kayit\/\" target=\"_blank\" rel=\"noopener noreferrer\">Gaziantep Nizip Halk E\u011fitim Merkezi<\/a>, <a href=\"http:\/\/www.halkegitimkurs.com\/biga-halk-egitim-merkezi-kurslari\/\" target=\"_blank\" rel=\"noopener noreferrer\">\u00c7anakkale Biga Halk E\u011fitim Merkezi<\/a>\u00a0 gibi \u00e7e\u015fitli kurumlarca da yine 330 saatlik Bilgi ve Belge Y\u00f6netimi kursu a\u00e7\u0131lmas\u0131 planlanmaktad\u0131r.<\/strong><\/p>\n<p>Konuyu kamuoyunun bilgisine sunar, ilgilileri gerekeni yapmas\u0131 i\u00e7in bilgilendirmek isteriz.<\/p>\n<p>Bizler y\u0131llar boyunca ve hala devam eden bir sorun ile kar\u015f\u0131 kar\u015f\u0131yay\u0131z,\u00a0<a href=\"https:\/\/www.bbyhaber.com\/bby\/2012\/07\/22\/bilgi-ve-belge-yonetimi-bolumunu-tercih-edecek-ogrenciler-icin-genel-bilgiler\" target=\"_blank\" rel=\"noopener noreferrer\">b\u00f6l\u00fcm\u00fcm\u00fcz\u00fcn lisans m\u0131 \u00f6nlisans m\u0131 oldu\u011fu sorunu<\/a>!! Ve ayr\u0131ca \u201cbitirince ne olaca\u011f\u0131m\u0131z\u201d gibi birbirinden farkl\u0131 sorunlarla (i\u015fsizlik, kadro azl\u0131\u011f\u0131) m\u00fccadele i\u00e7erisindeyiz!<span id=\"more-26041\"><\/span><\/p>\n<p>T\u00fcm bunlar\u0131 ya\u015famaya devam ederken b\u00f6l\u00fcm ad\u0131m\u0131z bir de sertifika verilen farkl\u0131 i\u015f kollar\u0131nda da ge\u00e7meye ba\u015flad\u0131!!! Okumakta olan veya mezun olanlar art\u0131k bir de bununla u\u011fra\u015fmaya ba\u015flayacaklar.<\/p>\n<div class=\"text_exposed_show\">\n<p>\u00d6zetle, bizler bu gidi\u015fat\u0131 nas\u0131l d\u00fczenleyece\u011fiz? Tek bir b\u00f6l\u00fcm ad\u0131 ile da\u011f\u0131n\u0131kl\u0131\u011f\u0131 ortadan kald\u0131rd\u0131\u011f\u0131m\u0131z\u0131 d\u00fc\u015f\u00fcn\u00fcrken, ismimiz alt\u0131nda t\u00fcreyen farkl\u0131 dallara ayr\u0131lan ve giderek daha da da\u011f\u0131n\u0131kl\u0131\u011fa sebep olan bir durumla kar\u015f\u0131 kar\u015f\u0131yay\u0131z sanki!<\/p>\n<p>\u201cBilgi ve Belge Y\u00f6netimi Sertifikas\u0131\u201d veren kurslar, e\u011fitimler d\u00fczenlenmekte. Bu ko\u015ful ile i\u015f ilanlar\u0131\u00a0a\u00e7\u0131lmakta.<\/p>\n<p><strong>B\u00f6l\u00fcm ad\u0131m\u0131z\u0131n bu gibi sertifika programlar\u0131 ile kullan\u0131lmas\u0131 son derece yanl\u0131\u015ft\u0131r!<\/strong><\/p>\n<p><strong>Mesle\u011fimizi itibars\u0131zla\u015ft\u0131ran bir durumdur!<\/strong><\/p>\n<\/div>\n","protected":false},"excerpt":{"rendered":"<p>BBY Haber olarak daha \u00f6nce dile getirdi\u011fimiz \u00fczere1 Bilgi ve Belge Y\u00f6netimi kurslar\u0131 ve sertifika programlar\u0131 h\u00e2l\u00e2 a\u00e7\u0131lmaya devam etmektedir. Buradaki ba\u011flant\u0131da da g\u00f6r\u00fclece\u011fi \u00fczere Ankara \u00c7ankaya Halk E\u011fitim Merkezi taraf\u0131ndan 330 saatlik bir Bilgi ve Belge Y\u00f6netimi kurs kayd\u0131 ba\u015flam\u0131\u015f bulunmaktad\u0131r. \u0130leti\u015fime ge\u00e7ti\u011fimiz yetkililer b\u00f6l\u00fcm mezunu bir e\u011fitmenin bulundu\u011fu ve pandemi sonras\u0131 kursun a\u00e7\u0131laca\u011f\u0131n\u0131 [&hellip;]<\/p>\n","protected":false},"author":129,"featured_media":28922,"comment_status":"open","ping_status":"open","sticky":false,"template":"","format":"standard","meta":{"footnotes":""},"categories":[1],"tags":[],"class_list":["post-28921","post","type-post","status-publish","format-standard","has-post-thumbnail","hentry","category-genel"],"_links":{"self":[{"href":"https:\/\/www.bbyhaber.com\/bby\/wp-json\/wp\/v2\/posts\/28921"}],"collection":[{"href":"https:\/\/www.bbyhaber.com\/bby\/wp-json\/wp\/v2\/posts"}],"about":[{"href":"https:\/\/www.bbyhaber.com\/bby\/wp-json\/wp\/v2\/types\/post"}],"author":[{"embeddable":true,"href":"https:\/\/www.bbyhaber.com\/bby\/wp-json\/wp\/v2\/users\/129"}],"replies":[{"embeddable":true,"href":"https:\/\/www.bbyhaber.com\/bby\/wp-json\/wp\/v2\/comments?post=28921"}],"version-history":[{"count":19,"href":"https:\/\/www.bbyhaber.com\/bby\/wp-json\/wp\/v2\/posts\/28921\/revisions"}],"predecessor-version":[{"id":28952,"href":"https:\/\/www.bbyhaber.com\/bby\/wp-json\/wp\/v2\/posts\/28921\/revisions\/28952"}],"wp:featuredmedia":[{"embeddable":true,"href":"https:\/\/www.bbyhaber.com\/bby\/wp-json\/wp\/v2\/media\/28922"}],"wp:attachment":[{"href":"https:\/\/www.bbyhaber.com\/bby\/wp-json\/wp\/v2\/media?parent=28921"}],"wp:term":[{"taxonomy":"category","embeddable":true,"href":"https:\/\/www.bbyhaber.com\/bby\/wp-json\/wp\/v2\/categories?post=28921"},{"taxonomy":"post_tag","embeddable":true,"href":"https:\/\/www.bbyhaber.com\/bby\/wp-json\/wp\/v2\/tags?post=28921"}],"curies":[{"name":"wp","href":"https:\/\/api.w.org\/{rel}","templated":true}]}}