{"id":28898,"date":"2020-12-08T16:47:21","date_gmt":"2020-12-08T13:47:21","guid":{"rendered":"https:\/\/www.bbyhaber.com\/bby\/?p=28898"},"modified":"2020-12-08T16:47:21","modified_gmt":"2020-12-08T13:47:21","slug":"okuyay-platformunun-destekledigi-kutuphane-sehri-projesi-ankara-ve-kutuphane-sehri-projesi-konya-projesi-tamamlandi","status":"publish","type":"post","link":"https:\/\/www.bbyhaber.com\/bby\/2020\/12\/08\/okuyay-platformunun-destekledigi-kutuphane-sehri-projesi-ankara-ve-kutuphane-sehri-projesi-konya-projesi-tamamlandi","title":{"rendered":"OKUYAY PLATFORMU\u2019NUN DESTEKLED\u0130\u011e\u0130  \u201cK\u00dcT\u00dcPHANE \u015eEHR\u0130 PROJES\u0130 \u2013 ANKARA\u201d VE \u201cK\u00dcT\u00dcPHANE \u015eEHR\u0130 PROJES\u0130 \u2013 KONYA\u201d PROJES\u0130 TAMAMLANDI."},"content":{"rendered":"<p><b><img loading=\"lazy\" decoding=\"async\" class=\"alignleft wp-image-28899 size-medium\" src=\"https:\/\/www.bbyhaber.com\/bby\/wp-content\/uploads\/2020\/12\/images-1-300x300.jpeg\" alt=\"\" width=\"300\" height=\"300\" srcset=\"https:\/\/www.bbyhaber.com\/bby\/wp-content\/uploads\/2020\/12\/images-1-300x300.jpeg 300w, https:\/\/www.bbyhaber.com\/bby\/wp-content\/uploads\/2020\/12\/images-1-150x150.jpeg 150w, https:\/\/www.bbyhaber.com\/bby\/wp-content\/uploads\/2020\/12\/images-1.jpeg 554w\" sizes=\"(max-width: 300px) 100vw, 300px\" \/>OKUYAY PLATFORMU\u2019NUN DESTEKLED\u0130\u011e\u0130 <\/b><b>\u201cK\u00dcT\u00dcPHANE \u015eEHR\u0130 PROJES\u0130 \u2013 ANKARA\u201d<\/b><\/p>\n<p><b>TAMAMLANDI!<\/b><\/p>\n<p><span style=\"font-weight: 400;\">T\u00fcrkiye Yay\u0131nc\u0131lar Birli\u011fi\u2019nin T.C. D\u0131\u015fi\u015fleri Bakanl\u0131\u011f\u0131 Avrupa Birli\u011fi Ba\u015fkanl\u0131\u011f\u0131 Ortakl\u0131klar ve A\u011flar Hibe Program\u0131 hibesiyle hayata ge\u00e7irdi\u011fi OKUYAY Platformu kapsam\u0131nda desteklenen ve K\u00fct\u00fcp-Anne Platformu taraf\u0131ndan y\u00fcr\u00fct\u00fclen \u201cK\u00fct\u00fcphane \u015eehri Projesi \u2013 Ankara\u201d Eyl\u00fcl ay\u0131 itibari ile tamamland\u0131.\u00a0<\/span><\/p>\n<p><span style=\"font-weight: 400;\">Ulusal \u00f6l\u00e7ekte uygulanabilirli\u011fi olan yerel bir proje yapma hedefi ile yola \u00e7\u0131kan proje ekibi,\u00a0 Ankara\u2019da okuma k\u00fclt\u00fcr\u00fcn\u00fcn yayg\u0131nla\u015ft\u0131r\u0131lmas\u0131 i\u00e7in oda\u011f\u0131n\u0131 <\/span><b>kitaptan oyuna<\/b><span style=\"font-weight: 400;\"> \u00e7evirdi. Okullar\u0131n, k\u00fct\u00fcphanelerin, kitabevlerinin bir a\u00e7\u0131k bir kapal\u0131 oldu\u011fu bir d\u00f6nemde \u00e7ocuklar\u0131 apartman, sokak ve hatta mahalle \u00f6l\u00e7e\u011finde <\/span><b>K\u00dcT\u00dcPHANE \u015eEHR\u0130N\u0130 KUR<\/b><span style=\"font-weight: 400;\"> oyununa davet etti. Di\u011fer bir deyi\u015fle, mahalle k\u00fclt\u00fcr\u00fc ile okuma k\u00fclt\u00fcr\u00fcn\u00fcn peki\u015ftirilmesi hedeflendi.\u00a0<\/span><\/p>\n<p><span style=\"font-weight: 400;\">Bu ama\u00e7lar, ba\u015fvurular en az apartman \u00f6l\u00e7e\u011finde al\u0131nd\u0131. Ankara\u2019n\u0131n 11 farkl\u0131 il\u00e7esinden 3-10 ya\u015f aras\u0131 600 \u00e7ocu\u011fumuza kitap ve posterden olu\u015fan bir set g\u00f6nderildi. Uzmanlarca itina ile se\u00e7ilen kitaplar\u0131n b\u00fcy\u00fck \u00e7o\u011funlu\u011fu Ankaral\u0131 yazar, \u00e7izer ve yay\u0131nevleri ile Ankara temal\u0131 kitaplardan tercih edildi. B\u00f6ylece ya\u015fad\u0131klar\u0131 \u015fehirde onlar i\u00e7in \u00fcretenlerin oldu\u011funu bilmeleri ve \u015fehirlerini bir de kitaptan okumalar\u0131 ama\u00e7land\u0131.\u00a0<\/span><\/p>\n<p><span style=\"font-weight: 400;\">K\u00fct\u00fcphane \u015eehri Oyunu ile 50&#215;70 cm. b\u00fcy\u00fckl\u00fc\u011f\u00fcnde posterin kitap kapa\u011f\u0131 g\u00f6rselinin oldu\u011fu taraf\u0131n\u0131 pencerelerine asan \u00e7ocuklar \u201cBEN OKUYORUM, APARTMANIM OKUYOR, MAHALLEM OKUYOR, \u015eEHR\u0130M OKUYOR.\u201d mesaj\u0131 verdiler. Posterin di\u011fer taraf\u0131nda yer alan <\/span><b>Benim K\u00fct\u00fcphanem<\/b><span style=\"font-weight: 400;\"> ile \u00e7ocuklar\u0131n okuduklar\u0131 kitaplar\u0131 tan\u0131mas\u0131, anlamas\u0131, anlatmas\u0131, ileri d\u00fc\u015f\u00fcnme egzersizlerini yapmas\u0131 i\u00e7in uzmanlarca olu\u015fturulmu\u015f bir zihin haritas\u0131 ve kitab\u0131 hayat\u0131n bir par\u00e7as\u0131 haline getirebilecekleri 21 g\u00fcn okuma \u00e7izelgesi yer almaktad\u0131r.\u00a0 Ayr\u0131ca her bir kitap i\u00e7in d\u00fczenlenen internet sayfalar\u0131 arac\u0131l\u0131\u011f\u0131 ile proje kitaplar\u0131n\u0131n k\u0131sa tan\u0131t\u0131m\u0131, etkinlik \u00f6nerileri, Ankara\u2019da bulundu\u011fu halk k\u00fct\u00fcphaneleri bilgileri, alternatif kitap \u00f6nerisi, ba\u011flam\u0131nda \u00fcretilen origami videosu ve K\u00fct\u00fcphane \u015eehri \u00c7ocuklar\u0131m\u0131z\u0131n tavsiyelerine de eri\u015filebilmektedir.\u00a0<\/span><\/p>\n<p><a href=\"http:\/\/www.kutupanne.com\/2020\/07\/kutuphane-sehri-projesi-okul-oncesi-kitap-listesi\/\"><span style=\"font-weight: 400;\">http:\/\/www.kutupanne.com\/2020\/07\/kutuphane-sehri-projesi-okul-oncesi-kitap-listesi\/<\/span><\/a><\/p>\n<p><a href=\"http:\/\/www.kutupanne.com\/2020\/07\/kutuphane-sehri-projesi-ilkokul-kitap-listesi\/\"><span style=\"font-weight: 400;\">http:\/\/www.kutupanne.com\/2020\/07\/kutuphane-sehri-projesi-ilkokul-kitap-listesi\/<\/span><\/a><\/p>\n<p><span style=\"font-weight: 400;\">Sosyal medya \u00fczerinden yap\u0131lan kampanyalarda d\u00e2hil olmak \u00fczere proje kapmas\u0131nda 32 farkl\u0131 yay\u0131nevinden toplam 820 \u00e7ocuk kitab\u0131 ve 50 adet sesli kitap \u00fcyeli\u011fi hediye edilmi\u015ftir.\u00a0<\/span><\/p>\n<p><span style=\"font-weight: 400;\">\u00c7ocuklar\u0131n kitapla bulu\u015fma s\u00fcrecine destek olmak ad\u0131na \u00e7evrimi\u00e7i bir platform \u00fczerinden T\u00fcrkiye\u2019nin her yerinden kat\u0131l\u0131m\u0131n sa\u011fland\u0131\u011f\u0131 \u00c7ocuklarda Okuma K\u00fclt\u00fcr\u00fc Fark\u0131ndal\u0131k Seminerleri d\u00fczenlenmi\u015ftir. Seminerler kapsam\u0131nda Prof. Dr. Sedat Sever, Prof. Dr. Belma Tu\u011frul, Prof. Dr. \u015eehnaz Ceylan, Prof. Dr. Figen Turan ve Dr. G\u00f6k\u00e7e Karaman Benli ile ger\u00e7ekle\u015ftirilen programlara toplam 406 ki\u015fi kat\u0131lm\u0131\u015f olup youtube\u2019da yer alan videolar ise Eyl\u00fcl sonu itibari ile 671 ki\u015fi taraf\u0131ndan izlenmi\u015ftir.<\/span><\/p>\n<p><a href=\"https:\/\/www.youtube.com\/playlist?list=PLjAMimeRjFALsknWMh4L687GXk09CFBMR\"><span style=\"font-weight: 400;\">https:\/\/www.youtube.com\/playlist?list=PLjAMimeRjFALsknWMh4L687GXk09CFBMR<\/span><\/a><\/p>\n<p><span style=\"font-weight: 400;\">Ayr\u0131ca, ev d\u0131\u015f\u0131 okuma etkinlikleri i\u00e7in ailelere ya\u015fad\u0131klar\u0131 \u015fehirde yer alan alternatifleri g\u00f6stererek fark\u0131ndal\u0131k sa\u011flamak ad\u0131na Ankara Okuma K\u00fclt\u00fcr\u00fc Altyap\u0131s\u0131 haritalama \u00e7al\u0131\u015fmal\u0131s\u0131 yap\u0131lm\u0131\u015ft\u0131r.\u00a0<\/span><\/p>\n<p><span style=\"font-weight: 400;\">94 z-k\u00fct\u00fcphane, 47 halk k\u00fct\u00fcphanesi, 13 gen\u00e7lik merkezi k\u00fct\u00fcphanesi ve 31 kitabevi olmak \u00fczere Ankara\u2019da yer alan 195 adet okuma k\u00fclt\u00fcr\u00fc mek\u00e2n\u0131n i\u015faretlendi\u011fi haritan\u0131n, yap\u0131lacak i\u015fbirlikleri ile zenginle\u015ftirilmesi ve tek bir haritada ailelere \u00e7ocuklar\u0131 ile zaman ge\u00e7irebilecekleri ve en yak\u0131nlar\u0131nda olan okuma k\u00fclt\u00fcr\u00fc mek\u00e2nlar\u0131n\u0131n sunulmas\u0131 planlanmaktad\u0131r.<\/span><\/p>\n<p><a href=\"https:\/\/www.kutupanne.com\/ankara-okuma-kulturu-altyapisi\/\"><span style=\"font-weight: 400;\">https:\/\/www.kutupanne.com\/ankara-okuma-kulturu-altyapisi\/<\/span><\/a><\/p>\n<p><span style=\"font-weight: 400;\">Proje haz\u0131rl\u0131k d\u00f6neminde yay\u0131nevleri ile yap\u0131lan g\u00f6r\u00fc\u015fmeler sonucunda proje ekibimize ileten 50 \u00e7ocuk kitab\u0131 ve 30 adet proje posterimiz Ankara\u2019da yer alan bir okul k\u00fct\u00fcphanesine hediye edilerek \u00e7ocuklar\u0131n kullan\u0131m\u0131na sunulmu\u015ftur.<\/span><\/p>\n<p><span style=\"font-weight: 400;\">Sonu\u00e7 olarak, 920 \u00e7ocuk ve 406 yeti\u015fkine do\u011frudan, sosyal medya ve etkile\u015fim ile dolayl\u0131 olarak May\u0131s-Eyl\u00fcl aylar\u0131 aras\u0131nda K\u00fct\u00fcphane \u015eehri Konya projesi ile yakla\u015f\u0131k 40.000 ki\u015fiye eri\u015fildi\u011fi d\u00fc\u015f\u00fcn\u00fclmektedir.<\/span><\/p>\n<p><span style=\"font-weight: 400;\">Projenin uygulanmas\u0131 noktas\u0131nda K\u0131z\u0131lcahamam K\u00fct\u00fcphane G\u00f6n\u00fcll\u00fcleri ve G\u00f6lba\u015f\u0131 Masal Perileri K\u00fclt\u00fcr ve E\u011fitim Derne\u011fi ile projenin daha geni\u015f kitlelere duyurulmas\u0131 ad\u0131na BBY Haber, Kitap Bankosu ve G\u00fcler Y\u00fczler Derne\u011fi ile i\u015f birli\u011fi yap\u0131lm\u0131\u015ft\u0131r.<\/span><\/p>\n<p>&nbsp;<\/p>\n<p><b>\u201cK\u00dcT\u00dcPHANE \u015eEHR\u0130 PROJES\u0130 \u2013 KONYA\u201d<\/b><\/p>\n<p><b>TAMAMLANDI!<\/b><\/p>\n<p><span style=\"font-weight: 400;\">T\u00fcrkiye Yay\u0131nc\u0131lar Birli\u011fi \u00f6nc\u00fcl\u00fc\u011f\u00fcnde hayata ge\u00e7irilen ve \u00fclkemizde okuma k\u00fclt\u00fcr\u00fcne y\u00f6nelik bug\u00fcne kadar yap\u0131lan kapsaml\u0131 projelerden biri olan OKUYAY Platformunun destek verdi\u011fi pilot projelerden K\u00fct\u00fcphane \u015eehri Projesi, Ankara\u2019dan sonra Konya\u2019da da \u015fehri k\u00fct\u00fcphaneye d\u00f6n\u00fc\u015ft\u00fcrmek i\u00e7in yola \u00e7\u0131kt\u0131.<\/span><\/p>\n<p><span style=\"font-weight: 400;\">Her yere uygulanabilecek kadar evrensel ve uyguland\u0131\u011f\u0131 \u015fehrin \u00f6zelliklerini \u00f6n plana \u00e7\u0131karacak kadar yerel bir kurguya sahip olan K\u00fct\u00fcphane \u015eehri Projesi, K\u00fct\u00fcp-Anne Platformu ve Konya Okuyan Nesiller Platformu i\u015f birli\u011finde y\u00fcr\u00fct\u00fcld\u00fc.\u00a0<\/span><\/p>\n<p><span style=\"font-weight: 400;\">Proje kapsam\u0131nda 3-10 ya\u015f aral\u0131\u011f\u0131nda olan \u00e7ocuklar i\u00e7in Konyal\u0131 yazarlar\u0131n\/\u00e7izerlerin kitaplar\u0131 ve Konya temal\u0131 kitaplar ile proje kitaplar\u0131 listesi revize edildi. K\u00fct\u00fcphane \u015eehri Ankara Projesinde oldu\u011fu gibi K\u00fct\u00fcphane \u015eehri Konya Projesinde de kitap al\u0131mlar\u0131 Konya\u2019da yer alan kitabevlerinden ger\u00e7ekle\u015ftirildi.<\/span><\/p>\n<p><span style=\"font-weight: 400;\">K\u00fct\u00fcphane \u015eehri Kur oyunu i\u00e7in 8 il\u00e7eden 2237 kitap i\u00e7in 238 adet talep geldi. Gelen talepler incelenerek 45 adrese 657 adet kitap g\u00f6nderildi. Kitaplar ile birlikte Konya i\u00e7in olu\u015fturulan logo ve renklerle haz\u0131rlanm\u0131\u015f posterlerimiz de \u00e7ocuklara iletilmi\u015ftir.\u00a0<\/span><\/p>\n<p><a href=\"https:\/\/www.kutupanne.com\/2020\/10\/konya-okul-oncesi-kitap-listesi\/\"><span style=\"font-weight: 400;\">https:\/\/www.kutupanne.com\/2020\/10\/konya-okul-oncesi-kitap-listesi\/<\/span><\/a><\/p>\n<p><a href=\"https:\/\/www.kutupanne.com\/2020\/10\/konya-ilk-okuma-kitaplari-listesi\/\"><span style=\"font-weight: 400;\">https:\/\/www.kutupanne.com\/2020\/10\/konya-ilk-okuma-kitaplari-listesi\/<\/span><\/a><\/p>\n<p><span style=\"font-weight: 400;\">Bunun yan\u0131nda Cumhuriyet Bayram\u0131, D\u00fcnya \u00c7ocuk Kitaplar\u0131 Haftas\u0131, Sesli Okuma G\u00fcn\u00fc ve Fark\u0131ndal\u0131k Seminerleri vesilesi ile yapm\u0131\u015f oldu\u011fumuz sosyal medya etkinlikleri arac\u0131l\u0131\u011f\u0131 ile 58 \u00e7ocuk kitab\u0131 15 farkl\u0131 \u015fehirdeki \u00e7ocuklar\u0131m\u0131z ile bulu\u015fturduk.<\/span><\/p>\n<p><span style=\"font-weight: 400;\">\u00c7ocuklarda Okuma K\u00fclt\u00fcr\u00fc Fark\u0131ndal\u0131k Seminerleri, K\u00fct\u00fcphane \u015eehri Konya Projesinde de devam etmi\u015f olup ikinci seride \u00e7ocuklarda okuma k\u00fclt\u00fcr\u00fc alan\u0131nda \u00e7al\u0131\u015fmalar y\u00fcr\u00fcten ve kitaplar\u0131 proje kitaplar\u0131m\u0131z aras\u0131nda da yer alan \u00fc\u00e7 de\u011ferli yazar konuk edildi. \u00d6zge Lokmanhekim, \u00d6zge Sel\u00e7uk Bozkurt ve Konyal\u0131 yazar\u0131m\u0131z T\u00fclin Koziko\u011flu \u00fclkemizin farkl\u0131 \u015fehirlerinden bu alana ilgi duyan toplam 176 ki\u015fi ile bulu\u015fmu\u015ftur.<\/span><\/p>\n<p><a href=\"https:\/\/www.kutupanne.com\/farkindalik-programlari-2\/\"><span style=\"font-weight: 400;\">https:\/\/www.kutupanne.com\/farkindalik-programlari-2\/<\/span><\/a><\/p>\n<p><span style=\"font-weight: 400;\">Sesli Okuma G\u00fcn\u00fc kapsam\u0131nda \u201cAy\u015feg\u00fcl Dede ile Duvar\u0131n Arkas\u0131nda Ne Var?\u201d sesli okuma etkinlikleri ger\u00e7ekle\u015ftirildi. Ayr\u0131ca proje ekibinden \u00e7ocuk geli\u015fimci Deniz Toprak ile K\u00fct\u00fcphanede Aslan Var kitab\u0131 ile sesli okuma etkinli\u011fi d\u00fczenlenmi\u015f olup bu etkinliklerde toplam 176 \u00e7ocu\u011fa sesli kitap okunmu\u015ftur.\u00a0<\/span><\/p>\n<p><span style=\"font-weight: 400;\">Bilindi\u011fi \u00fczere, Ege Denizinde ger\u00e7ekle\u015fen deprem ile \u0130zmir\u2019de evlerini kaybeden \u00e7ocuklar olmu\u015ftur. Proje kapsam\u0131nsa, K\u00fct\u00fcphane \u015eehri Konya \u00c7ocuklar\u0131 ad\u0131na \u0130zmir Depremzede \u00c7ocuklar\u0131na 100 adet \u00e7ocuk kitab\u0131 hediye edilmi\u015ftir. Kitaplar \u00e7ocuklara ula\u015ft\u0131r\u0131lmak \u00fczere, Bornova \u0130l\u00e7e Halk K\u00fct\u00fcphanesi ve Bornova \u0130l\u00e7e Milli E\u011fitim M\u00fcd\u00fcrl\u00fc\u011f\u00fcne teslim edilmi\u015ftir.<\/span><\/p>\n<p><span style=\"font-weight: 400;\">Son olarak, proje kapan\u0131\u015f\u0131 vesilesi ile Aral\u0131k ay\u0131nda Konya\u2019da 5 farkl\u0131 il\u00e7ede hizmet veren 5 k\u00fct\u00fcphaneye toplam 30 adet yazar\u0131 \u00d6zge Lokmanhekim imzal\u0131 \u201cBen Bir Kitap Kurduyum.\u201d kitab\u0131 g\u00f6nderilmi\u015ftir. \u00c7ocuklar\u0131n k\u00fct\u00fcphane kullan\u0131m\u0131n\u0131n art\u0131r\u0131lmas\u0131n\u0131n ama\u00e7land\u0131\u011f\u0131 bu etkinlik ile 30 \u00e7ocuk, yazar\u0131ndan imzal\u0131 kitap ile bulu\u015fmu\u015f olup ilerleyen g\u00fcnlerde \u00e7evrimi\u00e7i sesli okuma etkinli\u011fi de yap\u0131lacakt\u0131r.<\/span><\/p>\n<p><span style=\"font-weight: 400;\">Sonu\u00e7 olarak do\u011frudan 1021 \u00e7ocuk ve 176 yeti\u015fkine ula\u015f\u0131lm\u0131\u015f olup sosyal medya kampanyalar\u0131 ve etkile\u015fim g\u00f6z \u00f6n\u00fcne al\u0131nd\u0131\u011f\u0131nda Ekim-Kas\u0131m aylar\u0131nda y\u00fcr\u00fct\u00fclen K\u00fct\u00fcphane \u015eehri Konya Projesi ile 20.000\u2019den fazla ki\u015fiye ula\u015f\u0131ld\u0131\u011f\u0131 d\u00fc\u015f\u00fcn\u00fclmektedir.<\/span><\/p>\n<p>&nbsp;<\/p>\n","protected":false},"excerpt":{"rendered":"<p>OKUYAY PLATFORMU\u2019NUN DESTEKLED\u0130\u011e\u0130 \u201cK\u00dcT\u00dcPHANE \u015eEHR\u0130 PROJES\u0130 \u2013 ANKARA\u201d TAMAMLANDI! T\u00fcrkiye Yay\u0131nc\u0131lar Birli\u011fi\u2019nin T.C. D\u0131\u015fi\u015fleri Bakanl\u0131\u011f\u0131 Avrupa Birli\u011fi Ba\u015fkanl\u0131\u011f\u0131 Ortakl\u0131klar ve A\u011flar Hibe Program\u0131 hibesiyle hayata ge\u00e7irdi\u011fi OKUYAY Platformu kapsam\u0131nda desteklenen ve K\u00fct\u00fcp-Anne Platformu taraf\u0131ndan y\u00fcr\u00fct\u00fclen \u201cK\u00fct\u00fcphane \u015eehri Projesi \u2013 Ankara\u201d Eyl\u00fcl ay\u0131 itibari ile tamamland\u0131.\u00a0 Ulusal \u00f6l\u00e7ekte uygulanabilirli\u011fi olan yerel bir proje yapma hedefi ile [&hellip;]<\/p>\n","protected":false},"author":129,"featured_media":28899,"comment_status":"open","ping_status":"open","sticky":false,"template":"","format":"standard","meta":{"footnotes":""},"categories":[1],"tags":[],"class_list":["post-28898","post","type-post","status-publish","format-standard","has-post-thumbnail","hentry","category-genel"],"_links":{"self":[{"href":"https:\/\/www.bbyhaber.com\/bby\/wp-json\/wp\/v2\/posts\/28898"}],"collection":[{"href":"https:\/\/www.bbyhaber.com\/bby\/wp-json\/wp\/v2\/posts"}],"about":[{"href":"https:\/\/www.bbyhaber.com\/bby\/wp-json\/wp\/v2\/types\/post"}],"author":[{"embeddable":true,"href":"https:\/\/www.bbyhaber.com\/bby\/wp-json\/wp\/v2\/users\/129"}],"replies":[{"embeddable":true,"href":"https:\/\/www.bbyhaber.com\/bby\/wp-json\/wp\/v2\/comments?post=28898"}],"version-history":[{"count":1,"href":"https:\/\/www.bbyhaber.com\/bby\/wp-json\/wp\/v2\/posts\/28898\/revisions"}],"predecessor-version":[{"id":28900,"href":"https:\/\/www.bbyhaber.com\/bby\/wp-json\/wp\/v2\/posts\/28898\/revisions\/28900"}],"wp:featuredmedia":[{"embeddable":true,"href":"https:\/\/www.bbyhaber.com\/bby\/wp-json\/wp\/v2\/media\/28899"}],"wp:attachment":[{"href":"https:\/\/www.bbyhaber.com\/bby\/wp-json\/wp\/v2\/media?parent=28898"}],"wp:term":[{"taxonomy":"category","embeddable":true,"href":"https:\/\/www.bbyhaber.com\/bby\/wp-json\/wp\/v2\/categories?post=28898"},{"taxonomy":"post_tag","embeddable":true,"href":"https:\/\/www.bbyhaber.com\/bby\/wp-json\/wp\/v2\/tags?post=28898"}],"curies":[{"name":"wp","href":"https:\/\/api.w.org\/{rel}","templated":true}]}}