{"id":28872,"date":"2020-11-28T15:09:32","date_gmt":"2020-11-28T12:09:32","guid":{"rendered":"https:\/\/www.bbyhaber.com\/bby\/?p=28872"},"modified":"2020-12-04T17:49:04","modified_gmt":"2020-12-04T14:49:04","slug":"t-c-kultur-ve-turizm-bakanligi-ataturk-kultur-dil-ve-tarih-yuksek-kurumu-4-kutuphaneci-1-arsiv-uzmani-ilani-son-basvuru-04-aralik-2020","status":"publish","type":"post","link":"https:\/\/www.bbyhaber.com\/bby\/2020\/11\/28\/t-c-kultur-ve-turizm-bakanligi-ataturk-kultur-dil-ve-tarih-yuksek-kurumu-4-kutuphaneci-1-arsiv-uzmani-ilani-son-basvuru-04-aralik-2020","title":{"rendered":"T.C. K\u00fclt\u00fcr ve Turizm Bakanl\u0131\u011f\u0131 Atat\u00fcrk K\u00fclt\u00fcr, Dil ve Tarih Y\u00fcksek Kurumu &#8211; 4 K\u00fct\u00fcphaneci &#8211; 1 Ar\u015fiv Uzman\u0131 \u0130lan\u0131 | Son Ba\u015fvuru: 04 Aral\u0131k 2020"},"content":{"rendered":"<p><img loading=\"lazy\" decoding=\"async\" class=\"alignleft size-medium wp-image-28874\" src=\"https:\/\/www.bbyhaber.com\/bby\/wp-content\/uploads\/2020\/11\/0001-13718742962_20201128_150658_0000-300x150.png\" alt=\"\" width=\"300\" height=\"150\" srcset=\"https:\/\/www.bbyhaber.com\/bby\/wp-content\/uploads\/2020\/11\/0001-13718742962_20201128_150658_0000-300x150.png 300w, https:\/\/www.bbyhaber.com\/bby\/wp-content\/uploads\/2020\/11\/0001-13718742962_20201128_150658_0000-1024x512.png 1024w, https:\/\/www.bbyhaber.com\/bby\/wp-content\/uploads\/2020\/11\/0001-13718742962_20201128_150658_0000-768x384.png 768w, https:\/\/www.bbyhaber.com\/bby\/wp-content\/uploads\/2020\/11\/0001-13718742962_20201128_150658_0000-1536x768.png 1536w, https:\/\/www.bbyhaber.com\/bby\/wp-content\/uploads\/2020\/11\/0001-13718742962_20201128_150658_0000-1050x525.png 1050w, https:\/\/www.bbyhaber.com\/bby\/wp-content\/uploads\/2020\/11\/0001-13718742962_20201128_150658_0000.png 2048w\" sizes=\"(max-width: 300px) 100vw, 300px\" \/>K&#x200d;\u00fclt\u00fcr ve Turizm Bakanl\u0131\u011f\u0131, Atat\u00fcrk K\u00fclt\u00fcr, Dil ve Tarih Y\u00fcksek Kurumu ve b\u00fcnyesinde bulunan Atat\u00fcrk Ara\u015ft\u0131rma Merkezi, T\u00fcrk Dil Kurumu, Atat\u00fcrk K\u00fclt\u00fcr Merkezi ve T\u00fcrk Tarih Kurumunda istihdam edilmek \u00fczere, 657 say\u0131l\u0131 Devlet Memurlar\u0131 Kanununun 4\/B maddesi ve 6 Haziran 1978 tarihli ve 7\/15754 say\u0131l\u0131 Bakanlar Kurulu Karar\u0131 ile y\u00fcr\u00fcrl\u00fc\u011fe sokulan \u2018S\u00f6zle\u015fmeli Personel \u00c7al\u0131\u015ft\u0131r\u0131lmas\u0131na \u0130li\u015fkin Esaslar\u2019 d\u00e2hilinde \u00e7e\u015fitli unvanlarda toplamda 42 adet s\u00f6zle\u015fmeli personel alacak. <strong>Bu al\u0131m i\u00e7erisinde 1 Ar\u015fiv Uzman\u0131 ve 4\u00a0K\u00fct\u00fcphaneci Bilgi ve Belge Y\u00f6netimi mezunlar\u0131 i\u00e7erisinden al\u0131nacakt\u0131r.\u00a0<\/strong><\/p>\n<p><strong>K\u00dcLT\u00dcR VE TUR\u0130ZM BAKANLI\u011eI PERSONEL ALIMI BA\u015eVURU \u015eARTLARI NELER?<\/strong><\/p>\n<p>a) \u00a0657 \u00a0say\u0131l\u0131 Devlet Memurlar\u0131 Kanununun 48\u2019inci maddesinde payla\u015f\u0131lan genel ko\u015fullar\u0131 ta\u015f\u0131mak.<br \/>\nb) K\u00fct\u00fcphaneci, Ar\u015fiv Uzman\u0131, B\u00fcro Personeli (1), B\u00fcro Personeli (2), \u00a0B\u00fcro \u00a0Personeli \u00a0(3), \u00a0M\u00fctercim-Terc\u00fcman, Di\u011fer \u00a0Teknik \u00a0Hizmet \u00a0Personeli \u00a0unvanl\u0131 \u00a0pozisyona \u00a0ba\u015fvuruda bulunacaklar ad\u0131na lisans seviyesinde 2020 KPSS (B) grubu s\u0131nav\u0131na girmi\u015f olmak. S\u0131ralamada 2020 KPSSP3 puan\u0131n\u0131n esas al\u0131naca\u011f\u0131 belirtildi.<br \/>\nc) \u00a0 Dizgi \u00a0 operat\u00f6r\u00fc ve Programc\u0131 unvanl\u0131 \u00a0 pozisyonlara \u00a0 ba\u015fvuruda bulunacaklar ad\u0131na \u00a0 \u00f6nlisans seviyesindeki 2020 KPSS (B) grubu s\u0131nav\u0131na girmi\u015f olmak. S\u0131ralamada 2020 KPSSP93 puan\u0131n\u0131n esas al\u0131naca\u011f\u0131 bildirildi.<br \/>\n\u00e7) Teknisyen unvanl\u0131 pozisyona ba\u015fvuruda bulunacaklar ad\u0131na orta\u00f6\u011fretim seviyesinde 2018 KPSS (B) grubu s\u0131nav\u0131na girmi\u015f olmak. S\u0131ralamada 2018 KPSSP94 puan\u0131n\u0131n esas al\u0131naca\u011f\u0131 a\u00e7\u0131kland\u0131.?d) \u00a0Ba\u015fvuruda bulunacaklar\u0131n \u00a0durumunun; \u00a0657 \u00a0say\u0131l\u0131 \u00a0Devlet \u00a0Memurlar\u0131 \u00a0Kanununun \u00a04\/B maddesi d\u00e2hilinde \u2018Bu \u015fekilde istihdam edilenler, hizmet s\u00f6zle\u015fmesi esaslar\u0131na ayk\u0131r\u0131 hareket etmesi \u00a0sebebiyle kurumlar\u0131 taraf\u0131ndan \u00a0s\u00f6zle\u015fmelerinin \u00a0feshedilmesi \u00a0ya da \u00a0s\u00f6zle\u015fme \u00a0zaman\u0131 i\u00e7inde Cumhurba\u015fkan\u0131 \u00a0karar\u0131 \u00a0ile \u00a0payla\u015f\u0131lan istisnalar \u00a0d\u0131\u015f\u0131nda \u00a0s\u00f6zle\u015fmeyi \u00a0tek \u00a0tarafl\u0131 \u00a0feshetmeleri \u00a0durumunda, fesih \u00a0tarihi itibar\u0131yla 1 sene ge\u00e7medi\u011fi s\u00fcrece kurumlar\u0131n s\u00f6zle\u015fmeli \u00a0personel \u00a0pozisyonlar\u0131nda istihdam edilemezler\u2019 h\u00fckm\u00fcne uygun olanlar.<br \/>\ne) \u00a0Herhangi \u00a0bir \u00a0Sosyal \u00a0G\u00fcvenlik \u00a0Kurumundan \u00a0emeklilik \u00a0ya da \u00a0ya\u015fl\u0131l\u0131k \u00a0ayl\u0131\u011f\u0131 \u00a0almayanlar.<\/p>\n<p><a href=\"https:\/\/www.bbyhaber.com\/bby\/wp-content\/uploads\/2020\/11\/2020-5-245-ilan_pdf.pdf\" target=\"_top\" rel=\"noopener noreferrer\">BA\u015eVURU \u015eARTLARI VE \u0130LANIN DETAYLARI \u0130\u00c7\u0130N TIKLAYIN<\/a><\/p>\n<p>&nbsp;<\/p>\n<p>&nbsp;<\/p>\n","protected":false},"excerpt":{"rendered":"<p>K&#x200d;\u00fclt\u00fcr ve Turizm Bakanl\u0131\u011f\u0131, Atat\u00fcrk K\u00fclt\u00fcr, Dil ve Tarih Y\u00fcksek Kurumu ve b\u00fcnyesinde bulunan Atat\u00fcrk Ara\u015ft\u0131rma Merkezi, T\u00fcrk Dil Kurumu, Atat\u00fcrk K\u00fclt\u00fcr Merkezi ve T\u00fcrk Tarih Kurumunda istihdam edilmek \u00fczere, 657 say\u0131l\u0131 Devlet Memurlar\u0131 Kanununun 4\/B maddesi ve 6 Haziran 1978 tarihli ve 7\/15754 say\u0131l\u0131 Bakanlar Kurulu Karar\u0131 ile y\u00fcr\u00fcrl\u00fc\u011fe sokulan \u2018S\u00f6zle\u015fmeli Personel \u00c7al\u0131\u015ft\u0131r\u0131lmas\u0131na \u0130li\u015fkin [&hellip;]<\/p>\n","protected":false},"author":129,"featured_media":28874,"comment_status":"open","ping_status":"open","sticky":false,"template":"","format":"standard","meta":{"footnotes":""},"categories":[],"tags":[1393],"class_list":["post-28872","post","type-post","status-publish","format-standard","has-post-thumbnail","hentry","tag-bby-is-ilanlari-arsivi"],"_links":{"self":[{"href":"https:\/\/www.bbyhaber.com\/bby\/wp-json\/wp\/v2\/posts\/28872"}],"collection":[{"href":"https:\/\/www.bbyhaber.com\/bby\/wp-json\/wp\/v2\/posts"}],"about":[{"href":"https:\/\/www.bbyhaber.com\/bby\/wp-json\/wp\/v2\/types\/post"}],"author":[{"embeddable":true,"href":"https:\/\/www.bbyhaber.com\/bby\/wp-json\/wp\/v2\/users\/129"}],"replies":[{"embeddable":true,"href":"https:\/\/www.bbyhaber.com\/bby\/wp-json\/wp\/v2\/comments?post=28872"}],"version-history":[{"count":3,"href":"https:\/\/www.bbyhaber.com\/bby\/wp-json\/wp\/v2\/posts\/28872\/revisions"}],"predecessor-version":[{"id":28878,"href":"https:\/\/www.bbyhaber.com\/bby\/wp-json\/wp\/v2\/posts\/28872\/revisions\/28878"}],"wp:featuredmedia":[{"embeddable":true,"href":"https:\/\/www.bbyhaber.com\/bby\/wp-json\/wp\/v2\/media\/28874"}],"wp:attachment":[{"href":"https:\/\/www.bbyhaber.com\/bby\/wp-json\/wp\/v2\/media?parent=28872"}],"wp:term":[{"taxonomy":"category","embeddable":true,"href":"https:\/\/www.bbyhaber.com\/bby\/wp-json\/wp\/v2\/categories?post=28872"},{"taxonomy":"post_tag","embeddable":true,"href":"https:\/\/www.bbyhaber.com\/bby\/wp-json\/wp\/v2\/tags?post=28872"}],"curies":[{"name":"wp","href":"https:\/\/api.w.org\/{rel}","templated":true}]}}