{"id":28850,"date":"2020-11-19T10:18:58","date_gmt":"2020-11-19T07:18:58","guid":{"rendered":"https:\/\/www.bbyhaber.com\/bby\/?p=28850"},"modified":"2020-11-19T10:18:58","modified_gmt":"2020-11-19T07:18:58","slug":"eahilin-turkiye-temsilcisi-konsey-uyeleri-aciklandi","status":"publish","type":"post","link":"https:\/\/www.bbyhaber.com\/bby\/2020\/11\/19\/eahilin-turkiye-temsilcisi-konsey-uyeleri-aciklandi","title":{"rendered":"EAHIL&#8217;in T\u00fcrkiye Temsilcisi Konsey \u00dcyeleri a\u00e7\u0131kland\u0131"},"content":{"rendered":"<p><a href=\"https:\/\/www.bbyhaber.com\/bby\/wp-content\/uploads\/2020\/11\/eahil.png\"><img loading=\"lazy\" decoding=\"async\" class=\"alignleft wp-image-28851 \" src=\"https:\/\/www.bbyhaber.com\/bby\/wp-content\/uploads\/2020\/11\/eahil.png\" alt=\"\" width=\"333\" height=\"226\" srcset=\"https:\/\/www.bbyhaber.com\/bby\/wp-content\/uploads\/2020\/11\/eahil.png 789w, https:\/\/www.bbyhaber.com\/bby\/wp-content\/uploads\/2020\/11\/eahil-300x203.png 300w, https:\/\/www.bbyhaber.com\/bby\/wp-content\/uploads\/2020\/11\/eahil-768x521.png 768w, https:\/\/www.bbyhaber.com\/bby\/wp-content\/uploads\/2020\/11\/eahil-110x75.png 110w\" sizes=\"(max-width: 333px) 100vw, 333px\" \/><\/a>Mesle\u011fimizin Avrupa noktas\u0131nda \u00f6nemli bir derne\u011fi olan <strong>EAHIL Derne\u011fi<\/strong>&#8216;nin (<strong>European Association for Health Information and Libraries<\/strong>) <strong>2021-2024 d\u00f6nemi i\u00e7in T\u00fcrkiye Temsilcisi Konsey \u00dcyesi olarak<\/strong> Ankara \u00dcniversitesi&#8217;nden <strong>Nurg\u00fcl KILI\u00c7<\/strong> ve Bezmialem Vakif \u00dcniversitesi&#8217;nden <strong>\u00d6\u011fr. G\u00f6r. K\u00fcbra ZAY\u0130M GED\u0130K<\/strong> se\u00e7ilmi\u015flerdir. Meslekta\u015flar\u0131m\u0131z\u0131\u00a0tebrik eder, \u00e7al\u0131\u015fmalar\u0131nda ba\u015far\u0131lar dileriz.<!--more--><\/p>\n<p><a href=\"http:\/\/eahil.eu\/new-council-members-2021-2024\/\" target=\"_blank\" rel=\"noopener noreferrer\">http:\/\/eahil.eu\/new-council-members-2021-2024\/<\/a><\/p>\n<p>&#8220;<span style=\"color: #ff0000;\"><strong>EAHIL Workshops<\/strong><\/span>&#8221; <strong>2021 y\u0131l\u0131nda Marmara\u00a0\u00dcniversitesi<\/strong> ev sahipli\u011finde organize edilecektir. Toplant\u0131 bilgilerine a\u015fa\u011f\u0131daki ba\u011flant\u0131 \u00fczerinden eri\u015fim sa\u011flayabilirsiniz.<\/p>\n<p><a href=\"https:\/\/etkinlik.marmara.edu.tr\/eahil2021\" target=\"_blank\" rel=\"noopener noreferrer\">https:\/\/etkinlik.marmara.edu.tr\/eahil2021<\/a><\/p>\n","protected":false},"excerpt":{"rendered":"<p>Mesle\u011fimizin Avrupa noktas\u0131nda \u00f6nemli bir derne\u011fi olan EAHIL Derne\u011fi&#8216;nin (European Association for Health Information and Libraries) 2021-2024 d\u00f6nemi i\u00e7in T\u00fcrkiye Temsilcisi Konsey \u00dcyesi olarak Ankara \u00dcniversitesi&#8217;nden Nurg\u00fcl KILI\u00c7 ve Bezmialem Vakif \u00dcniversitesi&#8217;nden \u00d6\u011fr. G\u00f6r. K\u00fcbra ZAY\u0130M GED\u0130K se\u00e7ilmi\u015flerdir. Meslekta\u015flar\u0131m\u0131z\u0131\u00a0tebrik eder, \u00e7al\u0131\u015fmalar\u0131nda ba\u015far\u0131lar dileriz.<\/p>\n","protected":false},"author":1,"featured_media":28851,"comment_status":"open","ping_status":"open","sticky":false,"template":"","format":"standard","meta":{"footnotes":""},"categories":[1],"tags":[1364],"class_list":["post-28850","post","type-post","status-publish","format-standard","has-post-thumbnail","hentry","category-genel","tag-eahil"],"_links":{"self":[{"href":"https:\/\/www.bbyhaber.com\/bby\/wp-json\/wp\/v2\/posts\/28850"}],"collection":[{"href":"https:\/\/www.bbyhaber.com\/bby\/wp-json\/wp\/v2\/posts"}],"about":[{"href":"https:\/\/www.bbyhaber.com\/bby\/wp-json\/wp\/v2\/types\/post"}],"author":[{"embeddable":true,"href":"https:\/\/www.bbyhaber.com\/bby\/wp-json\/wp\/v2\/users\/1"}],"replies":[{"embeddable":true,"href":"https:\/\/www.bbyhaber.com\/bby\/wp-json\/wp\/v2\/comments?post=28850"}],"version-history":[{"count":1,"href":"https:\/\/www.bbyhaber.com\/bby\/wp-json\/wp\/v2\/posts\/28850\/revisions"}],"predecessor-version":[{"id":28852,"href":"https:\/\/www.bbyhaber.com\/bby\/wp-json\/wp\/v2\/posts\/28850\/revisions\/28852"}],"wp:featuredmedia":[{"embeddable":true,"href":"https:\/\/www.bbyhaber.com\/bby\/wp-json\/wp\/v2\/media\/28851"}],"wp:attachment":[{"href":"https:\/\/www.bbyhaber.com\/bby\/wp-json\/wp\/v2\/media?parent=28850"}],"wp:term":[{"taxonomy":"category","embeddable":true,"href":"https:\/\/www.bbyhaber.com\/bby\/wp-json\/wp\/v2\/categories?post=28850"},{"taxonomy":"post_tag","embeddable":true,"href":"https:\/\/www.bbyhaber.com\/bby\/wp-json\/wp\/v2\/tags?post=28850"}],"curies":[{"name":"wp","href":"https:\/\/api.w.org\/{rel}","templated":true}]}}