{"id":2885,"date":"2012-03-04T16:34:41","date_gmt":"2012-03-04T16:34:41","guid":{"rendered":"http:\/\/www.bbyhaber.com\/bby\/?p=2885"},"modified":"2013-02-05T10:35:10","modified_gmt":"2013-02-05T08:35:10","slug":"kutuphanede-dogum-gunu-kutlamasi-canakkale","status":"publish","type":"post","link":"https:\/\/www.bbyhaber.com\/bby\/2012\/03\/04\/kutuphanede-dogum-gunu-kutlamasi-canakkale","title":{"rendered":"K\u00fct\u00fcphanede Do\u011fum G\u00fcn\u00fc Kutlamas\u0131-\u00c7anakkale"},"content":{"rendered":"<p style=\"text-align: justify;\">\u00c7anakkale&#8217;de k\u00fct\u00fcphanede ger\u00e7ekle\u015ftirilen do\u011fum g\u00fcn\u00fc kutlamas\u0131 herkesi \u015fa\u015fk\u0131na \u00e7evirdi. Yapt\u0131\u011f\u0131 \u00e7al\u0131\u015fmalar ve istatistikler ile \u00c7anakkale&#8217;de g\u00f6z dolduran \u0130l Halk K\u00fct\u00fcphanesi hafta sonu da bir ilki ger\u00e7ekle\u015ftirdi. 9. ya\u015f\u0131na giren Elif Bozyi\u011fit do\u011fum g\u00fcn\u00fcn\u00fc ailesi ve arkada\u015flar\u0131yla \u0130l Halk K\u00fct\u00fcphanesinde kutlad\u0131. \u0130l Halk K\u00fct\u00fcphanesi M\u00fcd\u00fcr\u00fc Osman Zeki Co\u015far bir ilki ger\u00e7ekle\u015ftirmenin mutlulu\u011funu ya\u015fad\u0131klar\u0131n belirterek, <!--more-->&#8220;M\u00fcd\u00fcrl\u00fck olarak k\u00fct\u00fcphanemize gelen i\u00e7erisinde Elif Bozyi\u011fit&#8217;in ya\u015f g\u00fcn\u00fcn\u00fcn oldu\u011funu \u00f6\u011frendik. Kendisine do\u011fum g\u00fcn\u00fcn\u00fc k\u00fct\u00fcphanede kutlamas\u0131 konusunda teklifte bulunduk. Kendisi de bunu kabul etti. \u00c7ok memnun olduk. K\u00fct\u00fcphanemiz \u00e7ocuklar\u0131n ortak mekanlar\u0131 ve daha \u00e7ok\u00e7ocuklar\u0131m\u0131zi\u00e7in ve \u00f6\u011frencilerimiz i\u00e7in uygun olan ortam\u0131 haz\u0131rlamaya gayret etmekteyiz. T\u00fcm \u00e7ocuklar\u0131m\u0131z\u0131, \u00f6\u011frencilerimizi ve velilerimizi k\u00fct\u00fcphanemize bekliyoruz&#8221; dedi.<\/p>\n<p style=\"text-align: justify;\">Elif Bozyi\u011fit ise k\u00fct\u00fcphanede 9. do\u011fum g\u00fcn\u00fcn\u00fc kutlamaktan mutluluk duydu\u011funu ifade ederek, &#8220;De\u011fi\u015fik bir duygu i\u00e7indeyim ve \u00e7ok mutluyum&#8221; diye konu\u015ftu. Elif Bozyi\u011fit&#8217;in annesi Dilek Bozyi\u011fit ise arkada\u015f\u0131 taraf\u0131ndan b\u00f6yle bir proje oldu\u011funu \u00f6\u011frendi\u011fini belirterek, &#8220;Bu proje bize teklif edildi ve bizde seve seve kabul ettik. Her davet etti\u011fimiz ki\u015filere k\u00fct\u00fcphanede kutlayaca\u011f\u0131z deyince bir tepki sesi ald\u0131k. \u00c7\u00fcnk\u00fc k\u00fct\u00fcphanenin sadece bir kitap okunan sessiz bir ortam oldu\u011fu biliniyor. B\u00f6yle bir faaliyette bu zamana kadar duymam\u0131\u015ft\u0131k Bundan sonra art\u0131k bu t\u00fcr etkinlilerin olaca\u011f\u0131n\u0131 tahmin ediyorum. Bize \u00e7ok de\u011fi\u015fik geldi, mutluyuz&#8221; dedi. Do\u011fum g\u00fcn\u00fc kutlamas\u0131n\u0131n ard\u0131ndan ise \u0130l Halk K\u00fct\u00fcphanesi M\u00fcd\u00fcr\u00fc Osman Zeki Co\u015far, Elif Bozyi\u011fit&#8217;e g\u00fcn\u00fcn an\u0131s\u0131na kitap hediyesini takdim etti.<\/p>\n<p style=\"text-align: justify;\">Kaynak: http:\/\/www.haber50.com<\/p>\n","protected":false},"excerpt":{"rendered":"<p>\u00c7anakkale&#8217;de k\u00fct\u00fcphanede ger\u00e7ekle\u015ftirilen do\u011fum g\u00fcn\u00fc kutlamas\u0131 herkesi \u015fa\u015fk\u0131na \u00e7evirdi. Yapt\u0131\u011f\u0131 \u00e7al\u0131\u015fmalar ve istatistikler ile \u00c7anakkale&#8217;de g\u00f6z dolduran \u0130l Halk K\u00fct\u00fcphanesi hafta sonu da bir ilki ger\u00e7ekle\u015ftirdi. 9. ya\u015f\u0131na giren Elif Bozyi\u011fit do\u011fum g\u00fcn\u00fcn\u00fc ailesi ve arkada\u015flar\u0131yla \u0130l Halk K\u00fct\u00fcphanesinde kutlad\u0131. \u0130l Halk K\u00fct\u00fcphanesi M\u00fcd\u00fcr\u00fc Osman Zeki Co\u015far bir ilki ger\u00e7ekle\u015ftirmenin mutlulu\u011funu ya\u015fad\u0131klar\u0131n belirterek,<\/p>\n","protected":false},"author":1,"featured_media":0,"comment_status":"open","ping_status":"open","sticky":false,"template":"","format":"standard","meta":{"footnotes":""},"categories":[1],"tags":[848],"class_list":["post-2885","post","type-post","status-publish","format-standard","hentry","category-genel","tag-halk-kutuphaneleri"],"_links":{"self":[{"href":"https:\/\/www.bbyhaber.com\/bby\/wp-json\/wp\/v2\/posts\/2885"}],"collection":[{"href":"https:\/\/www.bbyhaber.com\/bby\/wp-json\/wp\/v2\/posts"}],"about":[{"href":"https:\/\/www.bbyhaber.com\/bby\/wp-json\/wp\/v2\/types\/post"}],"author":[{"embeddable":true,"href":"https:\/\/www.bbyhaber.com\/bby\/wp-json\/wp\/v2\/users\/1"}],"replies":[{"embeddable":true,"href":"https:\/\/www.bbyhaber.com\/bby\/wp-json\/wp\/v2\/comments?post=2885"}],"version-history":[{"count":0,"href":"https:\/\/www.bbyhaber.com\/bby\/wp-json\/wp\/v2\/posts\/2885\/revisions"}],"wp:attachment":[{"href":"https:\/\/www.bbyhaber.com\/bby\/wp-json\/wp\/v2\/media?parent=2885"}],"wp:term":[{"taxonomy":"category","embeddable":true,"href":"https:\/\/www.bbyhaber.com\/bby\/wp-json\/wp\/v2\/categories?post=2885"},{"taxonomy":"post_tag","embeddable":true,"href":"https:\/\/www.bbyhaber.com\/bby\/wp-json\/wp\/v2\/tags?post=2885"}],"curies":[{"name":"wp","href":"https:\/\/api.w.org\/{rel}","templated":true}]}}