{"id":28843,"date":"2020-11-12T13:08:09","date_gmt":"2020-11-12T10:08:09","guid":{"rendered":"https:\/\/www.bbyhaber.com\/bby\/?p=28843"},"modified":"2020-11-18T13:01:05","modified_gmt":"2020-11-18T10:01:05","slug":"online-vi-ulusal-kaynak-paylasim-calistayi-16-18-kasim-2020","status":"publish","type":"post","link":"https:\/\/www.bbyhaber.com\/bby\/2020\/11\/12\/online-vi-ulusal-kaynak-paylasim-calistayi-16-18-kasim-2020","title":{"rendered":"ONL\u0130NE-VI. Ulusal Kaynak Payla\u015f\u0131m \u00c7al\u0131\u015ftay\u0131-16\u201318 Kas\u0131m 2020"},"content":{"rendered":"<p><a href=\"https:\/\/www.bbyhaber.com\/bby\/wp-content\/uploads\/2020\/11\/VI.ulusalOnlineAkademikKaynakPaylasimcalistayi.png\"><img loading=\"lazy\" decoding=\"async\" class=\"alignleft wp-image-28844 \" src=\"https:\/\/www.bbyhaber.com\/bby\/wp-content\/uploads\/2020\/11\/VI.ulusalOnlineAkademikKaynakPaylasimcalistayi.png\" alt=\"\" width=\"369\" height=\"173\" srcset=\"https:\/\/www.bbyhaber.com\/bby\/wp-content\/uploads\/2020\/11\/VI.ulusalOnlineAkademikKaynakPaylasimcalistayi.png 661w, https:\/\/www.bbyhaber.com\/bby\/wp-content\/uploads\/2020\/11\/VI.ulusalOnlineAkademikKaynakPaylasimcalistayi-300x141.png 300w\" sizes=\"(max-width: 369px) 100vw, 369px\" \/><\/a>ANKOS \u0130\u015fbirli\u011fi Grubu\u2019nun deste\u011fi ile <span style=\"color: #ff0000;\"><strong>16\u201318 Kas\u0131m 2020<\/strong><\/span> tarihleri aras\u0131nda <span style=\"color: #ff0000;\"><strong>VI. Ulusal Kaynak Payla\u015f\u0131m \u00c7al\u0131\u015ftay\u0131 <\/strong><\/span>ger\u00e7ekle\u015ftirilecektir.<!--more--><\/p>\n<p><strong><span style=\"color: #ff0000;\">PANEL KATILIM L\u0130NKLER\u0130 A\u015eA\u011eIDADIR:<\/span><\/strong><\/p>\n<p><strong><span style=\"font-size: 10.0pt; font-family: 'Verdana',sans-serif;\">16 Kas\u0131m 2020 Pazartesi Program\u0131<\/span><\/strong><\/p>\n<p><strong><span style=\"font-size: 10.0pt; font-family: 'Verdana',sans-serif;\">A\u00c7ILI\u015e<\/span><\/strong><span style=\"font-size: 10.0pt; font-family: 'Verdana',sans-serif;\">\u00a0<\/span><\/p>\n<p><strong><span style=\"font-size: 10.0pt; font-family: 'Verdana',sans-serif;\">Saat :<\/span><\/strong><span style=\"font-size: 10.0pt; font-family: 'Verdana',sans-serif;\"> 09:30-09:40<\/span><\/p>\n<p><strong><span style=\"font-size: 10.0pt; font-family: 'Verdana',sans-serif;\">Konu\u015fmac\u0131 :<\/span><\/strong><span style=\"font-size: 10.0pt; font-family: 'Verdana',sans-serif;\"> Dr. \u00d6\u011fr. \u00dcyesi G\u00fcss\u00fcn G\u00dcNE\u015e, ANKOS Ba\u015fkan\u0131<\/span><\/p>\n<p><strong><span style=\"font-size: 10.0pt; font-family: 'Verdana',sans-serif;\">Toplant\u0131 Linki:<\/span><\/strong><span style=\"font-size: 10.0pt; font-family: 'Verdana',sans-serif;\">\u00a0<a href=\"https:\/\/global.gotomeeting.com\/join\/968648965\" target=\"_blank\" rel=\"noopener noreferrer\">https:\/\/global.gotomeeting.com\/join\/968648965<\/a><\/span><\/p>\n<p><span style=\"font-size: 10.0pt; font-family: 'Verdana',sans-serif;\">\u00a0<\/span><strong><span style=\"font-size: 10.0pt; font-family: 'Verdana',sans-serif;\">SPONSOR SUNUMU<\/span><\/strong><span style=\"font-size: 10.0pt; font-family: 'Verdana',sans-serif;\">\u00a0<\/span><\/p>\n<p><strong><span style=\"font-size: 10.0pt; font-family: 'Verdana',sans-serif;\">Saat :<\/span><\/strong><span style=\"font-size: 10.0pt; font-family: 'Verdana',sans-serif;\"> 09:40-10:00<\/span><\/p>\n<p><strong><span style=\"font-size: 10.0pt; font-family: 'Verdana',sans-serif;\">Konu\u015fmac\u0131 :<\/span><\/strong><span style=\"font-size: 10.0pt; font-family: 'Verdana',sans-serif;\"> Derya ALPTEK\u0130N, Elsevier<\/span><\/p>\n<p><strong><span style=\"font-size: 10.0pt; font-family: 'Verdana',sans-serif;\">Toplant\u0131 Linki:<\/span><\/strong><span style=\"font-size: 10.0pt; font-family: 'Verdana',sans-serif;\">\u00a0<a href=\"https:\/\/global.gotomeeting.com\/join\/968648965\" target=\"_blank\" rel=\"noopener noreferrer\">https:\/\/global.gotomeeting.com\/join\/968648965<\/a><\/span><\/p>\n<p><span style=\"color: #ff0000;\"><strong>PANEL 1<\/strong><\/span><\/p>\n<p><strong>Tarih :<\/strong>\u00a016 Kas\u0131m 2020 Pazartesi<\/p>\n<p><strong>Saat :<\/strong>\u00a0 10:00- 11:20<strong>\u00a0<\/strong><\/p>\n<p><strong>Panel Ba\u015fl\u0131\u011f\u0131 :\u00a0<\/strong>T\u00fcrkiye\u2019de Kaynak Payla\u015f\u0131m\u0131 Uygulama \u00d6rnekleri<\/p>\n<p><strong>Moderat\u00f6r :<\/strong>\u00a0Tuna CAN, Ankara \u00dcniversitesi<\/p>\n<p><strong>Konu\u015fmac\u0131lar:<\/strong><\/p>\n<ul>\n<li>Sami \u00c7UHADAR, \u0130stanbul Bilgi \u00dcniversitesi<\/li>\n<li>Dilber SARIKAYA, Ahi Evran \u00dcniversitesi<\/li>\n<li>Deniz BALTACI, Sabanc\u0131 \u00dcniversitesi<\/li>\n<li>Mine KESK\u0130N, K\u0131r\u0131kkale \u00dcniversitesi<\/li>\n<li>Mehmet MANYAS, Kadir Has \u00dcniversitesi<\/li>\n<\/ul>\n<p><strong>Panel Linki:<\/strong>\u00a0<a href=\"https:\/\/global.gotomeeting.com\/join\/968648965\" target=\"_blank\" rel=\"noopener noreferrer\">https:\/\/global.gotomeeting.com\/join\/968648965<\/a>\u00a0<strong>\u00a0<\/strong><\/p>\n<p><span style=\"color: #ff0000;\"><strong>PANEL 2<\/strong>\u00a0\u00a0<\/span><\/p>\n<p><strong>Tarih :<\/strong> 16 Kas\u0131m 2020 Pazartesi<\/p>\n<p><strong>Saat :<\/strong> \u00a011: 40 \u2013 13.00<\/p>\n<p><strong>Panel Ba\u015fl\u0131\u011f\u0131 :<\/strong> A\u00e7\u0131k Eri\u015fim ve Creative Commons Telif Hakk\u0131 Lisanslar\u0131:\u00a0 Kaynak Payla\u015f\u0131m\u0131na Etkileri<\/p>\n<p><strong>Moderat\u00f6r :<\/strong>\u00a0Onur BU\u011eAN, Do\u011fu\u015f \u00dcniversitesi<\/p>\n<p><strong>Konu\u015fmac\u0131lar: <\/strong><\/p>\n<ul>\n<li>Or\u00e7un MADRAN, Hacettepe \u00dcniversitesi<\/li>\n<li>\u0130lkay HOLT, COAR<\/li>\n<li>Taner KORKMAZ, Bilkent \u00dcniversitesi<\/li>\n<\/ul>\n<p><strong>Panel Linki:<\/strong>\u00a0<a href=\"https:\/\/global.gotomeeting.com\/join\/968648965\" target=\"_blank\" rel=\"noopener noreferrer\">https:\/\/global.gotomeeting.com\/join\/968648965<\/a><\/p>\n<p><span style=\"color: #ff0000;\"><strong>PANEL 3<\/strong>\u00a0<\/span><\/p>\n<p><strong>Tarih :<\/strong> 17 Kas\u0131m 2020 Sal\u0131<\/p>\n<p><strong>Saat :<\/strong>\u00a0 14:00- 15:00<\/p>\n<p><strong>Panel Ba\u015fl\u0131\u011f\u0131 :<\/strong> E\u011fitimcilerin Perspektifinden Kaynak Payla\u015f\u0131m\u0131<\/p>\n<p><strong>Moderat\u00f6r :<\/strong>\u00a0Emre Hasan AKBAYRAK, At\u0131l\u0131m \u00dcniversitesi<\/p>\n<p><strong>Konu\u015fmac\u0131lar: <\/strong><\/p>\n<ul>\n<li>Mine TONTA, Emerald Publishing<\/li>\n<li>Derya SO\u011eUKSU, Web of Science Group<\/li>\n<li>U\u011furcan \u00d6ZKAN, EBSCO<\/li>\n<li>Saide SAK, Elsevier<\/li>\n<li>Can \u00c7EL\u0130K, Informascope<\/li>\n<\/ul>\n<p><strong>Panel Linki:<\/strong>\u00a0<a href=\"https:\/\/global.gotomeeting.com\/join\/701180213\" target=\"_blank\" rel=\"noopener noreferrer\">https:\/\/global.gotomeeting.com\/join\/701180213<\/a><\/p>\n<p><span style=\"color: #ff0000;\"><strong>PANEL 4<\/strong>\u00a0\u00a0<\/span><\/p>\n<p><strong>Tarih :<\/strong> 17 Kas\u0131m 2020 Sal\u0131<\/p>\n<p><strong>Saat :<\/strong>\u00a0 15:30- 17:00<\/p>\n<p><strong>Panel Ba\u015fl\u0131\u011f\u0131 : <\/strong>Pandemi S\u00fcrecinde D\u00fcnyada ILL Uygulamalar\u0131 ve \u00c7\u00f6z\u00fcmleri\u00a0 1<\/p>\n<p><strong>Moderat\u00f6r :<\/strong>\u00a0Ertu\u011frul \u00c7\u0130MEN, MEF \u00dcniversitesi<\/p>\n<p><strong>Konu\u015fmac\u0131lar: <\/strong><\/p>\n<ul>\n<li>Peter D. COLLINS, OCLC<\/li>\n<li>Seangill PETER , Princeton \u00dcniversitesi K\u00fct\u00fcphanesi<\/li>\n<li>Tain\u00e1 Batista de ASSIS, Brezilya Bilim ve Teknoloji Bilgi Enstit\u00fcs\u00fc (IBICT)<\/li>\n<li>Muhte\u015fem \u00d6NDER, UWC ISAK Japonya<\/li>\n<\/ul>\n<p><strong>Panel Linki:<\/strong>\u00a0<a href=\"https:\/\/global.gotomeeting.com\/join\/701180213\" target=\"_blank\" rel=\"noopener noreferrer\">https:\/\/global.gotomeeting.com\/join\/701180213<\/a><\/p>\n<p><span style=\"color: #ff0000;\"><strong>PANEL 5<\/strong>\u00a0\u00a0<\/span><\/p>\n<p><strong>Saat :<\/strong>\u00a0 10:00- 11:00<\/p>\n<p><strong>Panel Ba\u015fl\u0131\u011f\u0131 : <\/strong>Pandemi D\u00f6nemi Ulusal ve Uluslararas\u0131 Kaynak Payla\u015f\u0131m\u0131 Giri\u015fimleri<\/p>\n<p><strong>Moderat\u00f6r :<\/strong>\u00a0Filiz EK\u0130NGEN FLORES MAMONDI, ANKOS\u00a0 \u0130\u015fbirli\u011fi Grubu, Bo\u011fazi\u00e7i \u00dcniversitesi<\/p>\n<p><strong>Konu\u015fmac\u0131lar: <\/strong><\/p>\n<ul>\n<li>Zeki \u00c7EL\u0130KBA\u015e, ANKOS\u00a0 \u0130\u015fbirli\u011fi Grubu, \u0130stanbul Teknik \u00dcniversitesi<\/li>\n<li>Pelin CANLI, Bah\u00e7e\u015fehir \u00dcniversitesi<\/li>\n<li>Ramazan \u00c7EL\u0130K, MEF \u00dcniversitesi<\/li>\n<li>Burak KAZLI, \u00d6zye\u011fin \u00dcniversitesi<\/li>\n<\/ul>\n<p><strong>Panel Linki:<\/strong>\u00a0<a href=\"https:\/\/global.gotomeeting.com\/join\/346063989\" target=\"_blank\" rel=\"noopener noreferrer\">https:\/\/global.gotomeeting.com\/join\/346063989<\/a><\/p>\n<p><span style=\"color: #ff0000;\"><strong>PANEL 6<\/strong>\u00a0<\/span><\/p>\n<p><strong>Tarih :<\/strong> 18 Kas\u0131m 2020 \u00c7ar\u015famba<\/p>\n<p><strong>Saat :<\/strong> \u00a011:10 \u2013 12:20<\/p>\n<p><strong>Panel Ba\u015fl\u0131\u011f\u0131 : <\/strong>Pandemi S\u00fcrecinde Yurt D\u0131\u015f\u0131\u00a0 ILL Uygulamalar\u0131 ve \u00c7\u00f6z\u00fcmleri 2<\/p>\n<p><strong>Moderat\u00f6r :<\/strong>\u00a0Muhammet KIZIL, Artvin \u00c7oruh \u00dcniversitesi<\/p>\n<p><strong>Konu\u015fmac\u0131lar: <\/strong><\/p>\n<ul>\n<li>\u0130brahim FARAH, Balamand \u00dcniversitesi<\/li>\n<li>Andrew APPLEYARD, The British Library<\/li>\n<li>Silvana MANGIARACINA, Ulusal Ara\u015ft\u0131rma Konseyi (CNR)<\/li>\n<\/ul>\n<p><strong>Panel Linki:<\/strong>\u00a0<a href=\"https:\/\/global.gotomeeting.com\/join\/346063989\" target=\"_blank\" rel=\"noopener noreferrer\">https:\/\/global.gotomeeting.com\/join\/346063989<\/a><\/p>\n<p><span style=\"color: #ff0000;\"><strong>\u00c7ALI\u015eTAY \u00d6ZEL KONU\u011eU<\/strong><\/span><\/p>\n<p><strong>Tarih :<\/strong> 18 Kas\u0131m 2020 \u00c7ar\u015famba<\/p>\n<p><strong>Saat :<\/strong>\u00a0 12:30-13:30<\/p>\n<p><strong>Toplant\u0131 Ba\u015fl\u0131\u011f\u0131 : <\/strong>Prof.Dr. Celal \u015eeng\u00f6r ile K\u00fcresel Salg\u0131n\u0131n Akademiye Etkileri : Bilgiye Eri\u015fim, Bilginin Sa\u011flanmas\u0131 ve K\u00fct\u00fcphane Kaynaklar\u0131n\u0131n Payla\u015f\u0131m\u0131 \u00dczerine Bir Sohbet<\/p>\n<p><strong>Moderat\u00f6r :<\/strong>\u00a0 Sema \u00c7EL\u0130KBA\u015e, \u0130stanbul Teknik \u00dcniversitesi<\/p>\n<p><strong>Konu\u015fmac\u0131: <\/strong>Prof. Dr. Celal \u015eENG\u00d6R, \u0130T\u00dc Avrasya Yer Bilimleri Enstit\u00fcs\u00fc \u00d6\u011fretim \u00dcyesi<\/p>\n<p><strong>Toplant\u0131 Linki:<\/strong>\u00a0<a href=\"https:\/\/global.gotomeeting.com\/join\/346063989\" target=\"_blank\" rel=\"noopener noreferrer\">https:\/\/global.gotomeeting.com\/join\/346063989<\/a><\/p>\n","protected":false},"excerpt":{"rendered":"<p>ANKOS \u0130\u015fbirli\u011fi Grubu\u2019nun deste\u011fi ile 16\u201318 Kas\u0131m 2020 tarihleri aras\u0131nda VI. Ulusal Kaynak Payla\u015f\u0131m \u00c7al\u0131\u015ftay\u0131 ger\u00e7ekle\u015ftirilecektir.<\/p>\n","protected":false},"author":1,"featured_media":28844,"comment_status":"open","ping_status":"open","sticky":false,"template":"","format":"standard","meta":{"footnotes":""},"categories":[],"tags":[1395],"class_list":["post-28843","post","type-post","status-publish","format-standard","has-post-thumbnail","hentry","tag-bby-mesleki-etkinlikler-arsivi"],"_links":{"self":[{"href":"https:\/\/www.bbyhaber.com\/bby\/wp-json\/wp\/v2\/posts\/28843"}],"collection":[{"href":"https:\/\/www.bbyhaber.com\/bby\/wp-json\/wp\/v2\/posts"}],"about":[{"href":"https:\/\/www.bbyhaber.com\/bby\/wp-json\/wp\/v2\/types\/post"}],"author":[{"embeddable":true,"href":"https:\/\/www.bbyhaber.com\/bby\/wp-json\/wp\/v2\/users\/1"}],"replies":[{"embeddable":true,"href":"https:\/\/www.bbyhaber.com\/bby\/wp-json\/wp\/v2\/comments?post=28843"}],"version-history":[{"count":5,"href":"https:\/\/www.bbyhaber.com\/bby\/wp-json\/wp\/v2\/posts\/28843\/revisions"}],"predecessor-version":[{"id":28847,"href":"https:\/\/www.bbyhaber.com\/bby\/wp-json\/wp\/v2\/posts\/28843\/revisions\/28847"}],"wp:featuredmedia":[{"embeddable":true,"href":"https:\/\/www.bbyhaber.com\/bby\/wp-json\/wp\/v2\/media\/28844"}],"wp:attachment":[{"href":"https:\/\/www.bbyhaber.com\/bby\/wp-json\/wp\/v2\/media?parent=28843"}],"wp:term":[{"taxonomy":"category","embeddable":true,"href":"https:\/\/www.bbyhaber.com\/bby\/wp-json\/wp\/v2\/categories?post=28843"},{"taxonomy":"post_tag","embeddable":true,"href":"https:\/\/www.bbyhaber.com\/bby\/wp-json\/wp\/v2\/tags?post=28843"}],"curies":[{"name":"wp","href":"https:\/\/api.w.org\/{rel}","templated":true}]}}