{"id":28826,"date":"2020-11-04T15:34:19","date_gmt":"2020-11-04T12:34:19","guid":{"rendered":"https:\/\/www.bbyhaber.com\/bby\/?p=28826"},"modified":"2020-11-04T15:35:38","modified_gmt":"2020-11-04T12:35:38","slug":"kadriye-kaplan-ve-oglu-gokdeniz-kaplan-izmir-depreminde-vefat-etti","status":"publish","type":"post","link":"https:\/\/www.bbyhaber.com\/bby\/2020\/11\/04\/kadriye-kaplan-ve-oglu-gokdeniz-kaplan-izmir-depreminde-vefat-etti","title":{"rendered":"Kadriye Kaplan ve o\u011flu G\u00f6kdeniz Kaplan \u0130zmir depreminde vefat etti"},"content":{"rendered":"<p><a href=\"https:\/\/www.bbyhaber.com\/bby\/wp-content\/uploads\/2020\/11\/kadriye-kaplan-ve-oglu-gokdeniz-kaplan.jpg\"><img loading=\"lazy\" decoding=\"async\" class=\"alignleft wp-image-28827 \" src=\"https:\/\/www.bbyhaber.com\/bby\/wp-content\/uploads\/2020\/11\/kadriye-kaplan-ve-oglu-gokdeniz-kaplan.jpg\" alt=\"\" width=\"364\" height=\"364\" srcset=\"https:\/\/www.bbyhaber.com\/bby\/wp-content\/uploads\/2020\/11\/kadriye-kaplan-ve-oglu-gokdeniz-kaplan.jpg 587w, https:\/\/www.bbyhaber.com\/bby\/wp-content\/uploads\/2020\/11\/kadriye-kaplan-ve-oglu-gokdeniz-kaplan-300x300.jpg 300w, https:\/\/www.bbyhaber.com\/bby\/wp-content\/uploads\/2020\/11\/kadriye-kaplan-ve-oglu-gokdeniz-kaplan-150x150.jpg 150w\" sizes=\"(max-width: 364px) 100vw, 364px\" \/><\/a>30 Ekim 2020 tarihinde \u0130zmir&#8217;de ya\u015fanan deprem felaketinde, Dokuz Eyl\u00fcl \u00dcniversitesi K\u00fct\u00fcphanesinden emekli Uzman K\u00fct\u00fcphaneci meslekta\u015f\u0131m\u0131z <strong>Kadriye Kaplan ve o\u011flu G\u00f6kdeniz Kaplan<\/strong> ebediyete irtihal etmi\u015ftir. <!--more--><\/p>\n<p>Kadriye Kaplan ve o\u011flu G\u00f6kdeniz Kaplan&#8217;a Allah&#8217;tan rahmet, ailesine ve yak\u0131nlar\u0131na ba\u015fsa\u011fl\u0131\u011f\u0131 dileriz.<\/p>\n","protected":false},"excerpt":{"rendered":"<p>30 Ekim 2020 tarihinde \u0130zmir&#8217;de ya\u015fanan deprem felaketinde, Dokuz Eyl\u00fcl \u00dcniversitesi K\u00fct\u00fcphanesinden emekli Uzman K\u00fct\u00fcphaneci meslekta\u015f\u0131m\u0131z Kadriye Kaplan ve o\u011flu G\u00f6kdeniz Kaplan ebediyete irtihal etmi\u015ftir.<\/p>\n","protected":false},"author":1,"featured_media":28827,"comment_status":"open","ping_status":"open","sticky":false,"template":"","format":"standard","meta":{"footnotes":""},"categories":[1555,1],"tags":[824],"class_list":["post-28826","post","type-post","status-publish","format-standard","has-post-thumbnail","hentry","category-deprem-kutuphane","category-genel","tag-vefat-eden-meslektaslarimiz"],"_links":{"self":[{"href":"https:\/\/www.bbyhaber.com\/bby\/wp-json\/wp\/v2\/posts\/28826"}],"collection":[{"href":"https:\/\/www.bbyhaber.com\/bby\/wp-json\/wp\/v2\/posts"}],"about":[{"href":"https:\/\/www.bbyhaber.com\/bby\/wp-json\/wp\/v2\/types\/post"}],"author":[{"embeddable":true,"href":"https:\/\/www.bbyhaber.com\/bby\/wp-json\/wp\/v2\/users\/1"}],"replies":[{"embeddable":true,"href":"https:\/\/www.bbyhaber.com\/bby\/wp-json\/wp\/v2\/comments?post=28826"}],"version-history":[{"count":2,"href":"https:\/\/www.bbyhaber.com\/bby\/wp-json\/wp\/v2\/posts\/28826\/revisions"}],"predecessor-version":[{"id":28829,"href":"https:\/\/www.bbyhaber.com\/bby\/wp-json\/wp\/v2\/posts\/28826\/revisions\/28829"}],"wp:featuredmedia":[{"embeddable":true,"href":"https:\/\/www.bbyhaber.com\/bby\/wp-json\/wp\/v2\/media\/28827"}],"wp:attachment":[{"href":"https:\/\/www.bbyhaber.com\/bby\/wp-json\/wp\/v2\/media?parent=28826"}],"wp:term":[{"taxonomy":"category","embeddable":true,"href":"https:\/\/www.bbyhaber.com\/bby\/wp-json\/wp\/v2\/categories?post=28826"},{"taxonomy":"post_tag","embeddable":true,"href":"https:\/\/www.bbyhaber.com\/bby\/wp-json\/wp\/v2\/tags?post=28826"}],"curies":[{"name":"wp","href":"https:\/\/api.w.org\/{rel}","templated":true}]}}