{"id":2880,"date":"2012-03-03T22:06:27","date_gmt":"2012-03-03T22:06:27","guid":{"rendered":"http:\/\/www.bbyhaber.com\/bby\/?p=2880"},"modified":"2012-05-15T11:12:38","modified_gmt":"2012-05-15T11:12:38","slug":"ogretmenlerinin-sayesinde-kutuphaneye-kavustu-diyarbakir","status":"publish","type":"post","link":"https:\/\/www.bbyhaber.com\/bby\/2012\/03\/03\/ogretmenlerinin-sayesinde-kutuphaneye-kavustu-diyarbakir","title":{"rendered":"\u00d6\u011fretmenlerinin sayesinde k\u00fct\u00fcphaneye kavu\u015ftu- Diyarbak\u0131r"},"content":{"rendered":"<p style=\"text-align: justify;\">Diyarbak\u0131r\u2019da g\u00f6n\u00fcll\u00fc e\u011fitimcilerin kurdu\u011fu ve bug\u00fcne kadar \u00e7ok say\u0131da \u00f6nemli projeye y\u00fcr\u00fcten Diyarbak\u0131r E\u011fitimciler Derne\u011fi (DE\u011e\u0130DER) 10 k\u00f6y okuluna k\u00fct\u00fcphane kurdu. Derne\u011fin SODES kapsam\u0131nda y\u00fcr\u00fctt\u00fc\u011f\u00fc &#8216;K\u00f6y \u00c7ocuklar\u0131 Okuyor&#8217; projesiyle k\u00f6yde ya\u015fayan \u00e7ocuklara e\u011fitimin b\u00fct\u00fcn imkanlar\u0131n\u0131 sunuyor. Dernek, 10 k\u00f6y okuluna kurdu\u011fu k\u00fct\u00fcphaneyi 70 k\u00f6y okuluna daha a\u00e7may\u0131 hedefliyor. DE\u011e\u0130DER Ba\u015fkan\u0131 Necmettin Diri, 2005 y\u0131l\u0131ndan beri Diyarbak\u0131r&#8217;\u0131nda e\u011fitim alan\u0131nda \u00e7ok ciddi toplumsal projeler hayata ge\u00e7irdiklerini s\u00f6yledi.<!--more--><\/p>\n<p style=\"text-align: justify;\">Diyarbak\u0131r\u2019da 13 projeyi ba\u015far\u0131yla y\u00fcr\u00fctt\u00fcklerini dile getiren Diri, son olarak SODES kapsam\u0131nda y\u00fcr\u00fctt\u00fckleri &#8216;K\u00f6y \u00c7ocuklar\u0131 Okuyor&#8217; projesiyle k\u00f6y \u00e7ocuklar\u0131na hizmet g\u00f6t\u00fcrd\u00fcklerini dile getirdi. Diri, \u201cBu \u00e7al\u0131\u015fmalar kapsam\u0131nda 10 k\u00f6y okulumuza k\u00fct\u00fcphane s\u0131n\u0131f\u0131 olu\u015fturulmas\u0131 ve her k\u00fct\u00fcphane de biner adet konulmas\u0131 planlad\u0131k. Merkez 4 il\u00e7emize ba\u011fl\u0131 k\u00f6ylerimize ula\u015ft\u0131k. Ayr\u0131ca bu etkinli\u011fimize y\u0131l i\u00e7erisinde \u00f6d\u00fcll\u00fc kitap okuma yar\u0131\u015fmas\u0131 eklenerek k\u00f6yde okuyan \u00f6\u011frencilerimize kitap ile hemhal olma imk\u00e2n\u0131 sunuldu. Okuyan bir toplum olma yolunda, k\u00f6y okullar\u0131m\u0131z\u0131 bu manada projeye d\u00e2hil etmemiz oldu. B\u00fcy\u00fck bir eksikli\u011fi giderme noktas\u0131nda okuma ad\u0131na umut veren bir katk\u0131 olmu\u015ftur.\u201d diye konu\u015ftu.<\/p>\n<p style=\"text-align: justify;\">Diri, Diyarbak\u0131r\u2019\u0131n Sungur, Al\u0131c\u0131k, K\u0131rkoyun, Karacada\u011f, Harmanlar, Erimli, G\u00fcle\u00e7oba, Karaba\u015f, Ye\u015filli ve Tan\u0131\u015f\u0131k k\u00f6ylerine a\u00e7t\u0131klar\u0131 k\u00fct\u00fcphanelerde binlerce kitab\u0131n \u00f6\u011frencilerin yarar\u0131na sunuldu\u011funu bildirdi.\u00a0 &#8216;G\u00f6\u00e7le Gelen Ailelerin Kente Uyumu Projesi&#8217;, &#8216;Mesleki E\u011fitim Ve Sosyal Toplum Merkezi&#8217;, &#8216;K\u00fclt\u00fcr ve Sanat Merkezi Projesi&#8217; ve &#8216;G\u00f6\u00e7 Ma\u011fdurlar\u0131n\u0131n E\u011fitimi ve Adaptasyonu&#8217; gibi projeleri b\u00fcy\u00fck bir ba\u015far\u0131yla y\u00fcr\u00fctt\u00fcklerini hat\u0131rlatan Diri, \u015funlar\u0131 s\u00f6yledi: &#8220;Daha \u00f6nceki y\u0131llarda haz\u0131rlad\u0131\u011f\u0131m\u0131z projelerde varo\u015flardaki \u00e7ocuk, gen\u00e7 ve ebeveynlerine hitap etme hedefi g\u00fctt\u00fck. Bu y\u0131l ise e\u011fitim ve sosyal imk\u00e2nlardan daha \u00e7ok yoksun olan k\u00f6y \u00e7ocuklar\u0131n\u0131 se\u00e7tik. Bu ama\u00e7la haz\u0131rlad\u0131\u011f\u0131m\u0131z projede kapsam\u0131nda 10 k\u00f6y okuluna k\u00fct\u00fcphane 10 okula m\u00fczik salonu, 10 okula park kurmay\u0131, 20 k\u00f6y okuluna satran\u00e7 tak\u0131m\u0131, 10 okula tenis masas\u0131 almay\u0131 ve 10 okuluna folklor ekibi olu\u015fturmay\u0131 planlam\u0131\u015ft\u0131k. K\u00fct\u00fcphaneleri kurduk, di\u011fer \u00e7al\u0131\u015fmalar\u0131m\u0131z devam ediyor.\u201d K\u00fct\u00fcphane a\u00e7\u0131lan k\u00f6y okullar\u0131n\u0131n m\u00fcd\u00fcr ve \u00f6\u011fretmenleri de DE\u011e\u0130DER b\u00fcnyesinde hizmet y\u00fcr\u00fcten \u00f6\u011fretmen ve idarecilere te\u015fekk\u00fcr etti.<\/p>\n<p style=\"text-align: justify;\">Kaynak: http:\/\/www.diyarbakirsoz.com<\/p>\n","protected":false},"excerpt":{"rendered":"<p>Diyarbak\u0131r\u2019da g\u00f6n\u00fcll\u00fc e\u011fitimcilerin kurdu\u011fu ve bug\u00fcne kadar \u00e7ok say\u0131da \u00f6nemli projeye y\u00fcr\u00fcten Diyarbak\u0131r E\u011fitimciler Derne\u011fi (DE\u011e\u0130DER) 10 k\u00f6y okuluna k\u00fct\u00fcphane kurdu. Derne\u011fin SODES kapsam\u0131nda y\u00fcr\u00fctt\u00fc\u011f\u00fc &#8216;K\u00f6y \u00c7ocuklar\u0131 Okuyor&#8217; projesiyle k\u00f6yde ya\u015fayan \u00e7ocuklara e\u011fitimin b\u00fct\u00fcn imkanlar\u0131n\u0131 sunuyor. Dernek, 10 k\u00f6y okuluna kurdu\u011fu k\u00fct\u00fcphaneyi 70 k\u00f6y okuluna daha a\u00e7may\u0131 hedefliyor. DE\u011e\u0130DER Ba\u015fkan\u0131 Necmettin Diri, 2005 y\u0131l\u0131ndan beri [&hellip;]<\/p>\n","protected":false},"author":1,"featured_media":0,"comment_status":"open","ping_status":"open","sticky":false,"template":"","format":"standard","meta":{"footnotes":""},"categories":[1,1498],"tags":[],"class_list":["post-2880","post","type-post","status-publish","format-standard","hentry","category-genel","category-koy-kutuphaneleri"],"_links":{"self":[{"href":"https:\/\/www.bbyhaber.com\/bby\/wp-json\/wp\/v2\/posts\/2880"}],"collection":[{"href":"https:\/\/www.bbyhaber.com\/bby\/wp-json\/wp\/v2\/posts"}],"about":[{"href":"https:\/\/www.bbyhaber.com\/bby\/wp-json\/wp\/v2\/types\/post"}],"author":[{"embeddable":true,"href":"https:\/\/www.bbyhaber.com\/bby\/wp-json\/wp\/v2\/users\/1"}],"replies":[{"embeddable":true,"href":"https:\/\/www.bbyhaber.com\/bby\/wp-json\/wp\/v2\/comments?post=2880"}],"version-history":[{"count":0,"href":"https:\/\/www.bbyhaber.com\/bby\/wp-json\/wp\/v2\/posts\/2880\/revisions"}],"wp:attachment":[{"href":"https:\/\/www.bbyhaber.com\/bby\/wp-json\/wp\/v2\/media?parent=2880"}],"wp:term":[{"taxonomy":"category","embeddable":true,"href":"https:\/\/www.bbyhaber.com\/bby\/wp-json\/wp\/v2\/categories?post=2880"},{"taxonomy":"post_tag","embeddable":true,"href":"https:\/\/www.bbyhaber.com\/bby\/wp-json\/wp\/v2\/tags?post=2880"}],"curies":[{"name":"wp","href":"https:\/\/api.w.org\/{rel}","templated":true}]}}