{"id":28793,"date":"2020-10-18T22:35:50","date_gmt":"2020-10-18T19:35:50","guid":{"rendered":"https:\/\/www.bbyhaber.com\/bby\/?p=28793"},"modified":"2020-10-18T22:35:52","modified_gmt":"2020-10-18T19:35:52","slug":"t-c-orta-anadolu-kalkinma-ajansi-evrak-kayit-ve-arsiv-yetkilisi-destek-personeli-is-ilani-son-basvuru-16-kasim-2020","status":"publish","type":"post","link":"https:\/\/www.bbyhaber.com\/bby\/2020\/10\/18\/t-c-orta-anadolu-kalkinma-ajansi-evrak-kayit-ve-arsiv-yetkilisi-destek-personeli-is-ilani-son-basvuru-16-kasim-2020","title":{"rendered":"T.C. Orta Anadolu Kalk\u0131nma Ajans\u0131 Evrak Kay\u0131t ve Ar\u015fiv Yetkilisi Destek Personeli \u0130\u015f \u0130lan\u0131 | Son Ba\u015fvuru \u2013 16 Kas\u0131m 2020"},"content":{"rendered":"<p style=\"font-weight: 400;\"><b><strong><a href=\"https:\/\/www.bbyhaber.com\/bby\/wp-content\/uploads\/2020\/10\/oran-Is-Ilani-One-Cikan.png\"><img loading=\"lazy\" decoding=\"async\" class=\"alignleft wp-image-28796 \" src=\"https:\/\/www.bbyhaber.com\/bby\/wp-content\/uploads\/2020\/10\/oran-Is-Ilani-One-Cikan.png\" alt=\"\" width=\"482\" height=\"241\" srcset=\"https:\/\/www.bbyhaber.com\/bby\/wp-content\/uploads\/2020\/10\/oran-Is-Ilani-One-Cikan.png 1024w, https:\/\/www.bbyhaber.com\/bby\/wp-content\/uploads\/2020\/10\/oran-Is-Ilani-One-Cikan-300x150.png 300w, https:\/\/www.bbyhaber.com\/bby\/wp-content\/uploads\/2020\/10\/oran-Is-Ilani-One-Cikan-768x384.png 768w\" sizes=\"(max-width: 482px) 100vw, 482px\" \/><\/a>T.C. Orta Anadolu Kalk\u0131nma Ajans\u0131 (ORAN) b\u00fcnyesinde, istihdam edilmek \u00fczere Bilgi ve Belge Y\u00f6netimi B\u00f6l\u00fcm\u00fc mezunlar\u0131n\u0131n da ba\u015fvurabilece\u011fi toplam 2 ki\u015filik Evrak Kay\u0131t ve Ar\u015fiv Yetkilisi Destek Personeli al\u0131m\u0131 ger\u00e7ekle\u015ftirilecektir.<\/strong><\/b><\/p>\n<p>Ayr\u0131nt\u0131lar a\u015fa\u011f\u0131dad\u0131r.<\/p>\n<p style=\"font-weight: 400;\"><b><strong>T.C. Orta Anadolu Kalk\u0131nma Ajans\u0131 (ORAN)\u2019na ,<\/strong><\/b>15\/7\/2018 tarihli ve 30479 say\u0131l\u0131 Resmi Gazetede yay\u0131mlanan 4 say\u0131l\u0131 Bakanl\u0131klara Ba\u011fl\u0131, \u0130lgili, \u0130li\u015fkili Kurum ve Kurulu\u015flar \u0130le Di\u011fer Kurum ve Kurulu\u015flar\u0131n Te\u015fkilat\u0131 Hakk\u0131nda Cumhurba\u015fkanl\u0131\u011f\u0131 Kararnamesinin 187 nci maddesin ikinci f\u0131kras\u0131n\u0131n (g) bendi ve 200 \u00fcnc\u00fc maddesi ile 27\/6\/1989 tarihli ve 375 say\u0131l\u0131 Kanun H\u00fckm\u00fcnde Kararnamenin Ek 28 inci maddesinin d\u00f6rd\u00fcnc\u00fc f\u0131kras\u0131 h\u00fck\u00fcmlerine dayan\u0131larak haz\u0131rlanan ve 29\/5\/2019 tarihli ve 30788 say\u0131l\u0131 Resmi Gazetede yay\u0131mlanan Kalk\u0131nma Ajanslar\u0131 Personel Y\u00f6netmeli\u011fi h\u00fck\u00fcmleri \u00e7er\u00e7evesinde;<\/p>\n<p style=\"font-weight: 400;\"><b><strong>Kayseri, Sivas ve Yozgat<\/strong><\/b>\u00a0illerinin kalk\u0131nmas\u0131 ve geli\u015fmesine hizmet etmek isteyen, yetenekli, dinamik, analitik d\u00fc\u015f\u00fcnebilen, tak\u0131m \u00e7al\u0131\u015fmas\u0131na yatk\u0131n, kendine g\u00fcvenen, ileti\u015fime a\u00e7\u0131k, pozitif d\u00fc\u015f\u00fcnen, \u00fcretken, de\u011fi\u015fen \u00e7al\u0131\u015fma ko\u015fullar\u0131na uyum sa\u011flayabilen, bir veya birden \u00e7ok yabanc\u0131 dile ileri d\u00fczeyde h\u00e2kim ve seyahat engeli olmayan<b><strong> Bilgi ve Belge Y\u00f6netimi b\u00f6l\u00fcm mezunlar\u0131n\u0131n da ba\u015fvurabilece\u011fi<\/strong><\/b>\u00a0<b><strong>2 (iki) Destek Personeli\u00a0<\/strong><\/b>al\u0131m\u0131 yap\u0131lacakt\u0131r.<\/p>\n<p style=\"font-weight: 400;\">Orta Anadolu Kalk\u0131nma Ajans\u0131\u2019n\u0131n merkezi Kayseri ili olup, Ajans\u2019\u0131n faaliyet alan\u0131n\u0131<b><strong>\u00a0Kayseri<\/strong><\/b>,\u00a0<b><strong>Sivas\u00a0<\/strong><\/b>ve\u00a0<b><strong>Yozgat<\/strong><\/b>\u00a0illeri olu\u015fturmaktad\u0131r.\u00a0<b><strong><u>Bu nedenle, personel al\u0131m ilan\u0131na ba\u015fvuran ve s\u0131navda ba\u015far\u0131l\u0131 olan adaylar bu illerden Ajans\u2019\u0131n uygun g\u00f6rece\u011fi herhangi birinde \u00e7al\u0131\u015fmay\u0131 kabul ve taahh\u00fct etmi\u015f say\u0131l\u0131rlar.<\/u><\/strong><\/b>\u00a0(Hukuk m\u00fc\u015faviri Ajans\u0131n merkez \u00e7al\u0131\u015fma ofisinin yer ald\u0131\u011f\u0131 Kayseri\u2019de g\u00f6rev yapacakt\u0131r.)<\/p>\n<table>\n<tbody>\n<tr>\n<td width=\"354\"><b><strong>\u0130lan Tarihi<\/strong><\/b><\/td>\n<td width=\"404\">15\/10\/2020<\/td>\n<\/tr>\n<tr>\n<td width=\"354\">\u00a0<b><strong>Ba\u015fvuru Tarih ve Saatleri<\/strong><\/b><\/td>\n<td width=\"404\">05\/11\/2020 \u2013 16\/11\/2020<\/td>\n<\/tr>\n<tr>\n<td width=\"354\"><b><strong>S\u0131nav \u015eekli<\/strong><\/b><\/td>\n<td width=\"404\">S\u00f6zl\u00fc S\u0131nav (M\u00fclakat)<\/td>\n<\/tr>\n<tr>\n<td width=\"354\"><b><strong>S\u0131nava Kat\u0131lmaya Hak Kazananlar\u0131n \u0130lan\u0131<\/strong><\/b><\/td>\n<td width=\"404\">26\/11\/2020<\/td>\n<\/tr>\n<tr>\n<td width=\"354\"><b><strong>S\u0131nav Tarihleri<\/strong><\/b><\/td>\n<td width=\"404\">S\u0131nav tarihleri s\u0131nava kat\u0131lmaya hak kazananlar ile birlikte duyurulacakt\u0131r<\/td>\n<\/tr>\n<tr>\n<td width=\"354\"><b><strong>Ba\u015fvuru Adresi<\/strong><\/b><\/td>\n<td width=\"404\">Ba\u015fvurular\u00a0<b><strong>ajanssinavbasvuru.sanayi.gov.tr<\/strong><\/b>\u00a0internet adresi \u00fczerinden yap\u0131lacakt\u0131r.<\/td>\n<\/tr>\n<tr>\n<td width=\"354\"><b><strong>S\u0131nav Yeri<\/strong><\/b><\/td>\n<td width=\"404\">T.C. Orta Anadolu Kalk\u0131nma Ajans\u0131<br \/>\nMevlana Mah. Mustafa Kemal Pa\u015fa Bulvar\u0131 No: 79 Kat:6 38080 Kocasinan, KAYSER\u0130<br \/>\nTel:\u00a0\u00a0\u00a0+90 (352) 352 6726 (1011)<br \/>\nFaks: +90 (352) 352 6733<br \/>\nE-posta: ik@oran.org.tr<\/td>\n<\/tr>\n<tr>\n<td width=\"354\"><b><strong>\u0130lan ve Sonu\u00e7lar\u0131n Duyurulaca\u011f\u0131 Adres<\/strong><\/b><\/td>\n<td width=\"404\">www.oran.org.tr<\/td>\n<\/tr>\n<\/tbody>\n<\/table>\n<p>\u0130lan metninin tamam\u0131na ula\u015fmak i\u00e7in\u00a0<a href=\"https:\/\/www.oran.org.tr\/images\/dosyalar\/20201015093650_0.pdf\"><b><strong>t\u0131klay\u0131n\u0131z.<\/strong><\/b><\/a><\/p>\n","protected":false},"excerpt":{"rendered":"<p>T.C. Orta Anadolu Kalk\u0131nma Ajans\u0131 (ORAN) b\u00fcnyesinde, istihdam edilmek \u00fczere Bilgi ve Belge Y\u00f6netimi B\u00f6l\u00fcm\u00fc mezunlar\u0131n\u0131n da ba\u015fvurabilece\u011fi toplam 2 ki\u015filik Evrak Kay\u0131t ve Ar\u015fiv Yetkilisi Destek Personeli al\u0131m\u0131 ger\u00e7ekle\u015ftirilecektir. Ayr\u0131nt\u0131lar a\u015fa\u011f\u0131dad\u0131r. T.C. Orta Anadolu Kalk\u0131nma Ajans\u0131 (ORAN)\u2019na ,15\/7\/2018 tarihli ve 30479 say\u0131l\u0131 Resmi Gazetede yay\u0131mlanan 4 say\u0131l\u0131 Bakanl\u0131klara Ba\u011fl\u0131, \u0130lgili, \u0130li\u015fkili Kurum ve Kurulu\u015flar [&hellip;]<\/p>\n","protected":false},"author":129,"featured_media":28796,"comment_status":"open","ping_status":"open","sticky":false,"template":"","format":"standard","meta":{"footnotes":""},"categories":[],"tags":[1393],"class_list":["post-28793","post","type-post","status-publish","format-standard","has-post-thumbnail","hentry","tag-bby-is-ilanlari-arsivi"],"_links":{"self":[{"href":"https:\/\/www.bbyhaber.com\/bby\/wp-json\/wp\/v2\/posts\/28793"}],"collection":[{"href":"https:\/\/www.bbyhaber.com\/bby\/wp-json\/wp\/v2\/posts"}],"about":[{"href":"https:\/\/www.bbyhaber.com\/bby\/wp-json\/wp\/v2\/types\/post"}],"author":[{"embeddable":true,"href":"https:\/\/www.bbyhaber.com\/bby\/wp-json\/wp\/v2\/users\/129"}],"replies":[{"embeddable":true,"href":"https:\/\/www.bbyhaber.com\/bby\/wp-json\/wp\/v2\/comments?post=28793"}],"version-history":[{"count":5,"href":"https:\/\/www.bbyhaber.com\/bby\/wp-json\/wp\/v2\/posts\/28793\/revisions"}],"predecessor-version":[{"id":28800,"href":"https:\/\/www.bbyhaber.com\/bby\/wp-json\/wp\/v2\/posts\/28793\/revisions\/28800"}],"wp:featuredmedia":[{"embeddable":true,"href":"https:\/\/www.bbyhaber.com\/bby\/wp-json\/wp\/v2\/media\/28796"}],"wp:attachment":[{"href":"https:\/\/www.bbyhaber.com\/bby\/wp-json\/wp\/v2\/media?parent=28793"}],"wp:term":[{"taxonomy":"category","embeddable":true,"href":"https:\/\/www.bbyhaber.com\/bby\/wp-json\/wp\/v2\/categories?post=28793"},{"taxonomy":"post_tag","embeddable":true,"href":"https:\/\/www.bbyhaber.com\/bby\/wp-json\/wp\/v2\/tags?post=28793"}],"curies":[{"name":"wp","href":"https:\/\/api.w.org\/{rel}","templated":true}]}}