{"id":28774,"date":"2020-10-08T23:26:08","date_gmt":"2020-10-08T20:26:08","guid":{"rendered":"https:\/\/www.bbyhaber.com\/bby\/?p=28774"},"modified":"2020-10-17T23:17:10","modified_gmt":"2020-10-17T20:17:10","slug":"unak-sanal-fuar-14-16-ekim-2020-unaksanalfuar-libraryfest","status":"publish","type":"post","link":"https:\/\/www.bbyhaber.com\/bby\/2020\/10\/08\/unak-sanal-fuar-14-16-ekim-2020-unaksanalfuar-libraryfest","title":{"rendered":"\u00dcNAK Sanal Fuar, 14 &#8211; 16 Ekim 2020 #\u00fcnaksanalfuar #LibraryFest"},"content":{"rendered":"<p><a href=\"https:\/\/www.bbyhaber.com\/bby\/wp-content\/uploads\/2020\/10\/unaksanalfuar.png\"><img loading=\"lazy\" decoding=\"async\" class=\"alignleft wp-image-28776 size-large\" src=\"https:\/\/www.bbyhaber.com\/bby\/wp-content\/uploads\/2020\/10\/unaksanalfuar-1024x512.png\" alt=\"\" width=\"618\" height=\"309\" srcset=\"https:\/\/www.bbyhaber.com\/bby\/wp-content\/uploads\/2020\/10\/unaksanalfuar-1024x512.png 1024w, https:\/\/www.bbyhaber.com\/bby\/wp-content\/uploads\/2020\/10\/unaksanalfuar-300x150.png 300w, https:\/\/www.bbyhaber.com\/bby\/wp-content\/uploads\/2020\/10\/unaksanalfuar-768x384.png 768w, https:\/\/www.bbyhaber.com\/bby\/wp-content\/uploads\/2020\/10\/unaksanalfuar-1050x525.png 1050w, https:\/\/www.bbyhaber.com\/bby\/wp-content\/uploads\/2020\/10\/unaksanalfuar.png 1320w\" sizes=\"(max-width: 618px) 100vw, 618px\" \/><\/a>Sekt\u00f6r temsilcileriyle meslekta\u015flar\u0131m\u0131z\u0131n bulu\u015fmalar\u0131n\u0131 sa\u011flamak i\u00e7in \u00dcNAK Derne\u011fi taraf\u0131ndan Sanal Fuar etkinli\u011fi d\u00fczenlenmi\u015ftir.<\/p>\n<p>Etkinlik internet \u00fczerinden 14 -16 Ekim 2020 tarihleri aras\u0131nda t\u00fcm kamuoyuna a\u00e7\u0131k olarak ger\u00e7ekle\u015ftirilecektir.<\/p>\n<p>Giri\u015fimci K\u00fct\u00fcphaneciler Bir Fikrin mi var? temas\u0131 ile yap\u0131lacak olan LibraryFEST etkinli\u011fi de sekt\u00f6r temsilcileri ile giri\u015fimci k\u00fct\u00fcphanecilerin bulu\u015fmas\u0131n\u0131 sa\u011flamak i\u00e7in Sanal Fuar etkinli\u011fi i\u00e7erisinde yap\u0131lacakt\u0131r.<\/p>\n<p>Mesle\u011fimizde ilk defa yap\u0131lacak olan bu sanal etkinlikler ile meslekta\u015flar\u0131m\u0131za ve bizlere yeni ufuklar a\u00e7aca\u011f\u0131na inan\u0131yoruz.<\/p>\n<p>Genel Kat\u0131l\u0131mc\u0131 Kay\u0131tlar\u0131\u00a0<a href=\"https:\/\/fuar.unak.org.tr\/\" data-attribute-index=\"18\">https:\/\/fuar.unak.org.tr<\/a>\u00a0adresinde ba\u015flam\u0131\u015ft\u0131r.<\/p>\n<p>Sanal Fuar firma kat\u0131l\u0131m\u0131 ile ilgili bilgi almak i\u00e7in derne\u011fimizin 0312 430 0361 nolu telefondan derne\u011fe ula\u015fabilirsiniz.<\/p>\n<p>#\u00fcnaksanalfuar #\u00fcnak\u00a0#LibraryFest<\/p>\n","protected":false},"excerpt":{"rendered":"<p>Sekt\u00f6r temsilcileriyle meslekta\u015flar\u0131m\u0131z\u0131n bulu\u015fmalar\u0131n\u0131 sa\u011flamak i\u00e7in \u00dcNAK Derne\u011fi taraf\u0131ndan Sanal Fuar etkinli\u011fi d\u00fczenlenmi\u015ftir. Etkinlik internet \u00fczerinden 14 -16 Ekim 2020 tarihleri aras\u0131nda t\u00fcm kamuoyuna a\u00e7\u0131k olarak ger\u00e7ekle\u015ftirilecektir. Giri\u015fimci K\u00fct\u00fcphaneciler Bir Fikrin mi var? temas\u0131 ile yap\u0131lacak olan LibraryFEST etkinli\u011fi de sekt\u00f6r temsilcileri ile giri\u015fimci k\u00fct\u00fcphanecilerin bulu\u015fmas\u0131n\u0131 sa\u011flamak i\u00e7in Sanal Fuar etkinli\u011fi i\u00e7erisinde yap\u0131lacakt\u0131r. Mesle\u011fimizde ilk [&hellip;]<\/p>\n","protected":false},"author":129,"featured_media":28776,"comment_status":"open","ping_status":"open","sticky":false,"template":"","format":"standard","meta":{"footnotes":""},"categories":[],"tags":[1395],"class_list":["post-28774","post","type-post","status-publish","format-standard","has-post-thumbnail","hentry","tag-bby-mesleki-etkinlikler-arsivi"],"_links":{"self":[{"href":"https:\/\/www.bbyhaber.com\/bby\/wp-json\/wp\/v2\/posts\/28774"}],"collection":[{"href":"https:\/\/www.bbyhaber.com\/bby\/wp-json\/wp\/v2\/posts"}],"about":[{"href":"https:\/\/www.bbyhaber.com\/bby\/wp-json\/wp\/v2\/types\/post"}],"author":[{"embeddable":true,"href":"https:\/\/www.bbyhaber.com\/bby\/wp-json\/wp\/v2\/users\/129"}],"replies":[{"embeddable":true,"href":"https:\/\/www.bbyhaber.com\/bby\/wp-json\/wp\/v2\/comments?post=28774"}],"version-history":[{"count":1,"href":"https:\/\/www.bbyhaber.com\/bby\/wp-json\/wp\/v2\/posts\/28774\/revisions"}],"predecessor-version":[{"id":28777,"href":"https:\/\/www.bbyhaber.com\/bby\/wp-json\/wp\/v2\/posts\/28774\/revisions\/28777"}],"wp:featuredmedia":[{"embeddable":true,"href":"https:\/\/www.bbyhaber.com\/bby\/wp-json\/wp\/v2\/media\/28776"}],"wp:attachment":[{"href":"https:\/\/www.bbyhaber.com\/bby\/wp-json\/wp\/v2\/media?parent=28774"}],"wp:term":[{"taxonomy":"category","embeddable":true,"href":"https:\/\/www.bbyhaber.com\/bby\/wp-json\/wp\/v2\/categories?post=28774"},{"taxonomy":"post_tag","embeddable":true,"href":"https:\/\/www.bbyhaber.com\/bby\/wp-json\/wp\/v2\/tags?post=28774"}],"curies":[{"name":"wp","href":"https:\/\/api.w.org\/{rel}","templated":true}]}}