{"id":2877,"date":"2012-03-03T22:04:05","date_gmt":"2012-03-03T22:04:05","guid":{"rendered":"http:\/\/www.bbyhaber.com\/bby\/?p=2877"},"modified":"2012-09-07T12:51:50","modified_gmt":"2012-09-07T09:51:50","slug":"unye-halk-kutuphanesinden-2-ayda-2831-adet-odunc-kitap-alindi-ordu","status":"publish","type":"post","link":"https:\/\/www.bbyhaber.com\/bby\/2012\/03\/03\/unye-halk-kutuphanesinden-2-ayda-2831-adet-odunc-kitap-alindi-ordu","title":{"rendered":"\u00dcnye Halk K\u00fct\u00fcphanesi&#8217;nden 2 ayda 2831 adet \u00f6d\u00fcn\u00e7 kitap al\u0131nd\u0131-Ordu"},"content":{"rendered":"<p style=\"text-align: justify;\">\u00dcnye Halk K\u00fct\u00fcphanesi&#8217;nden 2012 y\u0131l\u0131n\u0131n ilk iki ay\u0131nda, 2 bin 831 \u00f6d\u00fcn\u00e7 kitap verildi\u011fini bildirildi.\u00dcnye Halk K\u00fct\u00fcphanesi M\u00fcd\u00fcr\u00fc Erol Kocao\u011flu, AA muhabirine yapt\u0131\u011f\u0131 a\u00e7\u0131klamada, kitap okuma oran\u0131n\u0131n her ge\u00e7en g\u00fcn artt\u0131\u011f\u0131n\u0131 s\u00f6yledi. K\u00fct\u00fcphanelerin merkezi yerlerde olmas\u0131 gerekti\u011fini ifade eden Kocao\u011flu, \u015funlar\u0131 kaydetti:<!--more--><\/p>\n<p style=\"text-align: justify;\">&#8220;T\u00fcrk halk\u0131 kitap okumuyor diye bir alg\u0131 var. Asl\u0131nda bu yanl\u0131\u015f bir alg\u0131d\u0131r. K\u00fct\u00fcphaneleri herkesin g\u00f6r\u00fcp gidebilece\u011fi uygun bir ortama kurdu\u011fumuzda halk\u0131n kitap okudu\u011fu g\u00f6r\u00fclecektir. T\u00fcrkiye&#8217;de bakt\u0131\u011f\u0131m\u0131z zaman k\u00fct\u00fcphaneler yeterince halkla b\u00fct\u00fcnle\u015fmi\u015f de\u011fil, halka uzak yerlerde ve belli bir kesimin kulland\u0131\u011f\u0131 yerler olarak alg\u0131lan\u0131yor. K\u00fct\u00fcphane merkezleri ve \u015fubeleri halk\u0131n i\u00e7ine sokulsun, okuma oran\u0131 kat kat artacakt\u0131r. \u00d6nemli olan kitab\u0131 o halk\u0131n aya\u011f\u0131na g\u00f6t\u00fcrebilmektir ve devlet olarak bunu yapmak zorunday\u0131z.&#8221;<\/p>\n<p style=\"text-align: justify;\">\u00dcnye&#8217;de kitap okuma oran\u0131n\u0131n artt\u0131\u011f\u0131n\u0131 vurgulayan Kocao\u011flu, &#8220;Karadeniz&#8217;deki kitap okuma oran\u0131 her ge\u00e7en g\u00fcn art\u0131yor. B\u00f6lgemizde en \u00e7ok kitap okuyan illerinden biri Ordu. Ordu&#8217;nun il\u00e7elerinden ise \u00dcnye&#8217;deki kitap okuma oran\u0131 y\u00fcksek g\u00f6r\u00fcn\u00fcyor. K\u00fct\u00fcphanemizden y\u0131l\u0131n ilk iki ay\u0131nda 2 bin 831 kitap \u00f6d\u00fcn\u00e7 vermi\u015fiz. \u00dcnye Halk K\u00fct\u00fcphanesi&#8217;ndeki kitap okuma say\u0131s\u0131n\u0131n artmas\u0131 \u00dcnye&#8217;de kitaba olan talebi ve sat\u0131\u015flar\u0131 da art\u0131yor&#8221; diye konu\u015ftu.<\/p>\n<p style=\"text-align: justify;\">Kaynak: http:\/\/www.haberler.com<\/p>\n","protected":false},"excerpt":{"rendered":"<p>\u00dcnye Halk K\u00fct\u00fcphanesi&#8217;nden 2012 y\u0131l\u0131n\u0131n ilk iki ay\u0131nda, 2 bin 831 \u00f6d\u00fcn\u00e7 kitap verildi\u011fini bildirildi.\u00dcnye Halk K\u00fct\u00fcphanesi M\u00fcd\u00fcr\u00fc Erol Kocao\u011flu, AA muhabirine yapt\u0131\u011f\u0131 a\u00e7\u0131klamada, kitap okuma oran\u0131n\u0131n her ge\u00e7en g\u00fcn artt\u0131\u011f\u0131n\u0131 s\u00f6yledi. K\u00fct\u00fcphanelerin merkezi yerlerde olmas\u0131 gerekti\u011fini ifade eden Kocao\u011flu, \u015funlar\u0131 kaydetti:<\/p>\n","protected":false},"author":1,"featured_media":0,"comment_status":"open","ping_status":"open","sticky":false,"template":"","format":"standard","meta":{"footnotes":""},"categories":[1499],"tags":[848],"class_list":["post-2877","post","type-post","status-publish","format-standard","hentry","category-kutuphane-istatistikleri","tag-halk-kutuphaneleri"],"_links":{"self":[{"href":"https:\/\/www.bbyhaber.com\/bby\/wp-json\/wp\/v2\/posts\/2877"}],"collection":[{"href":"https:\/\/www.bbyhaber.com\/bby\/wp-json\/wp\/v2\/posts"}],"about":[{"href":"https:\/\/www.bbyhaber.com\/bby\/wp-json\/wp\/v2\/types\/post"}],"author":[{"embeddable":true,"href":"https:\/\/www.bbyhaber.com\/bby\/wp-json\/wp\/v2\/users\/1"}],"replies":[{"embeddable":true,"href":"https:\/\/www.bbyhaber.com\/bby\/wp-json\/wp\/v2\/comments?post=2877"}],"version-history":[{"count":0,"href":"https:\/\/www.bbyhaber.com\/bby\/wp-json\/wp\/v2\/posts\/2877\/revisions"}],"wp:attachment":[{"href":"https:\/\/www.bbyhaber.com\/bby\/wp-json\/wp\/v2\/media?parent=2877"}],"wp:term":[{"taxonomy":"category","embeddable":true,"href":"https:\/\/www.bbyhaber.com\/bby\/wp-json\/wp\/v2\/categories?post=2877"},{"taxonomy":"post_tag","embeddable":true,"href":"https:\/\/www.bbyhaber.com\/bby\/wp-json\/wp\/v2\/tags?post=2877"}],"curies":[{"name":"wp","href":"https:\/\/api.w.org\/{rel}","templated":true}]}}